{"id":1369,"date":"2020-05-20T09:46:41","date_gmt":"2020-05-20T07:46:41","guid":{"rendered":"http:\/\/blogs.deia.eus\/desdeotramirada\/?p=1369"},"modified":"2020-05-20T09:46:43","modified_gmt":"2020-05-20T07:46:43","slug":"consejos-para-lograr-un-sueno-reparador-clave-para-una-buena-salud","status":"publish","type":"post","link":"https:\/\/blogs.deia.eus\/desdeotramirada\/2020\/05\/20\/consejos-para-lograr-un-sueno-reparador-clave-para-una-buena-salud\/","title":{"rendered":"Consejos para lograr un sue\u00f1o reparador, clave para una buena salud"},"content":{"rendered":"\n<h4 class=\"wp-block-heading\">LA CALIDAD DEL SUE\u00d1O ES FUNDAMENTAL PARA REFORZAR NUESTRO SISTEMA INMUNITARIO, SENTIRSE BIEN Y AFRONTAR EN EXCELENTES CONDICIONES CADA NUEVA JORNADA<\/h4>\n\n\n\n<p><\/p>\n\n\n\n<figure class=\"wp-block-image\"><img loading=\"lazy\" decoding=\"async\" width=\"690\" height=\"459\" src=\"https:\/\/blogs.deia.eus\/desdeotramirada\/files\/2020\/05\/baby.jpg\" alt=\"\" class=\"wp-image-1370\" srcset=\"https:\/\/blogs.deia.eus\/desdeotramirada\/files\/2020\/05\/baby.jpg 690w, https:\/\/blogs.deia.eus\/desdeotramirada\/files\/2020\/05\/baby-580x386.jpg 580w\" sizes=\"auto, (max-width: 690px) 100vw, 690px\" \/><\/figure>\n\n\n\n<p>A lo largo del sue\u00f1o nocturno&nbsp;<strong>el organismo se repara y el sistema inmunol\u00f3gico se fortalece<\/strong>, por lo que los trastornos del sue\u00f1o pueden alterar este sistema. Por ello, dormir mal nos hace m\u00e1s propensos a contraer infecciones, entre otras muchas alteraciones. \u00abEl descanso es fundamental para&nbsp;<strong>desactivar las hormonas del estr\u00e9s<\/strong>, especialmente el cortisol. Los corticoides sint\u00e9ticos se usan en medicina por su efecto eminentemente inmunosupresor. De la misma manera, la inactivaci\u00f3n de la melatonina lleva consigo un estado permanente de inmunodeficiencia\u00bb, explica el doctor&nbsp;<strong>Vicente Mera<\/strong>, responsable de Medicina Interna y Healthy Ageing en SHA Wellness Clinic.<\/p>\n\n\n\n<p>Durante el sue\u00f1o, el cerebro pasa por cinco fases diferentes: las etapas 1, 2, 3, 4 y el sue\u00f1o de movimientos oculares r\u00e1pidos (MOR o REM en ingl\u00e9s). Diferentes cosas ocurren en cada etapa. Por ejemplo, pasamos por distintos&nbsp;<strong>patrones de ondas cerebrales&nbsp;<\/strong>(patrones de actividad el\u00e9ctrica en el cerebro) en cada una de ellas. Nuestra respiraci\u00f3n, ritmo cardiaco y temperatura pueden ser m\u00e1s r\u00e1pidos o lentos en ciertas etapas.<\/p>\n\n\n\n<p>Algunas fases del sue\u00f1o&nbsp;<strong>pueden ayudarnos a sentirnos m\u00e1s descansados y con energ\u00eda&nbsp;<\/strong>al d\u00eda siguiente, as\u00ed como a estar m\u00e1s reflexivos y a formar los recuerdos. Seg\u00fan la Sociedad Espa\u00f1ola de Neurolog\u00eda (SEN), entre un 20 y 48% de la poblaci\u00f3n adulta espa\u00f1ola sufre, en alg\u00fan momento de su vida, dificultad para iniciar o mantener el sue\u00f1o, y&nbsp;<strong>m\u00e1s de un 30% de la poblaci\u00f3n&nbsp;<\/strong>se despierta con la sensaci\u00f3n de no haber tenido un sue\u00f1o reparador, cuando no finaliza cada d\u00eda demasiado cansado. A pesar de estas cifras, la SEN estima que m\u00e1s dos tercios de las personas que padecen problemas de sue\u00f1o no buscan ayuda profesional.<\/p>\n\n\n\n<p>Son numerosos estudios los que han demostrado que un sue\u00f1o de calidad es b\u00e1sico para tener buena salud. Dormir de forma adecuada mejora nuestro rendimiento mental y corporal, y reduce el riesgo de accidentes laborales y de tr\u00e1fico. Pero un sue\u00f1o de calidad&nbsp;<strong>tambi\u00e9n protege a nuestro cerebro<\/strong>, ya que durante el sue\u00f1o se restaura la funci\u00f3n cerebral en aspectos como el aprendizaje, la memoria o el estado de \u00e1nimo.<br><\/p>\n\n\n\n<h2 class=\"wp-block-heading\"><strong>INCREMENTA LA OBESIDAD<\/strong><\/h2>\n\n\n\n<p><br>La privaci\u00f3n parcial cr\u00f3nica de sue\u00f1o \u00ab<strong>causa d\u00e9ficits cognitivos, favorece el incremento de peso y la obesidad<\/strong>, as\u00ed como la hipertensi\u00f3n arterial, adem\u00e1s de producir un aumento de la incidencia de trastornos, principalmente los relacionados con el riesgo vascular, a su vez muy relacionados con enfermedades neurol\u00f3gicas como el ictus o el Alzheimer\u00bb, comenta el Carles Gaig, coordinador del Grupo de Estudio de Trastornos de la Vigilia y Sue\u00f1o de la SEN. Por lo tanto, el riesgo de mortalidad aumenta de forma significativa en aquellas personas que duermen menos de seis horas diarias.<\/p>\n\n\n\n<p>Pero, \u00bfconocemos las claves para dormir mejor? La Sociedad Espa\u00f1ola del Sue\u00f1os (SES)&nbsp;<strong>recomienda que se fijen unos horarios y unas rutinas&nbsp;<\/strong>para organizar el d\u00eda, sobre todo de los peque\u00f1os, aunque es algo que los mayores tambi\u00e9n debemos hacer. Insisten en que hemos de levantarnos e irnos a dormir cada d\u00eda a la misma hora, con pocas variaciones, y establecer una rutina de comidas y actividades.<\/p>\n\n\n\n<p>El deporte&nbsp;<strong>es una de las mejores vacunas contra el insomnio<\/strong>; lo ideal es practicarlo hasta primera hora de la tarde. Despu\u00e9s, seg\u00fan los especialistas, puede tener en muchas personas el efecto contrario, ya que aumenta los niveles de adrenalina y esto activa el cerebro.<\/p>\n\n\n\n<p>\u00bfY qu\u00e9 podemos incluir en nuestro ritual relajante nocturno? Podemos optar por una ducha con agua caliente, que ayuda a relajar la musculatura y despejar la mente, y meternos en la cama con la luz de la mesilla y un buen libro (a quien le relaje, porque no es un consejo general). Pero hay m\u00e1s cosas que ser\u00eda bueno incorporar si tenemos problemas para conciliar el sue\u00f1o.<\/p>\n\n\n\n<p>A saber:<br><\/p>\n\n\n\n<ul class=\"wp-block-list\"><li><strong>Visualizar un momento feliz<\/strong>. Podemos viajar a un hermoso momento del pasado e imaginar situaciones placenteras que nos gustar\u00eda vivir.<\/li><li><strong>Escuchar una melod\u00eda relajante<\/strong>. Un estudio comprob\u00f3 que la m\u00fasica suave nos hace sentir que hemos descansado mejor. Tambi\u00e9n puede ayudarnos a conciliar el sue\u00f1o escuchar grabaciones con sonidos de la naturaleza.<\/li><li><strong>Justo antes de acostarnos\u20ac<\/strong>&nbsp;Los expertos aconsejan que limitemos el consumo de l\u00edquidos a \u00faltima hora del d\u00eda. Y si nos despertamos por la noche, aunque sea por otras causas, no ir al ba\u00f1o, ya que acostumbramos al cuerpo y luego ser\u00e1 este el motivo de que nos despertemos.<\/li><\/ul>\n\n\n\n<p><br>Y si a pesar de todo no dormimos bien,&nbsp;<strong>podemos escribir lo que nos preocupa<\/strong>. Ponerlo negro sobre blanco har\u00e1 que lo que es un ruido sordo en la mente se concrete, y de esta forma podremos abordarlo. Si no conciliamos el sue\u00f1o salvo delante de la televisi\u00f3n, los expertos recuerdan que no es una buena idea dejar la caja tonta encendida toda la noche, aunque tenga el sonido bajo, porque hace ruido y desprende luz.<\/p>\n\n\n\n<p>Otro de los consejos que apunta la National Sleep Foundation es que el dormitorio&nbsp;<strong>est\u00e9 libre de aparatos electr\u00f3nicos<\/strong>, ya que la luz que desprenden los m\u00f3viles, tablets o port\u00e1tiles activa zonas del cerebro que afectan al sue\u00f1o y eso puede hacer que nos despertemos durante la noche. Mejor dejarlos fuera del dormitorio y usar un despertador cl\u00e1sico.<br><\/p>\n\n\n\n<h2 class=\"wp-block-heading\">EL SUE\u00d1O QUE NECESITAMOS<\/h2>\n\n\n\n<p><br>La cantidad de sue\u00f1o que precisamos depende de varios factores, incluyendo la edad, estilo de vida, estado de salud y si se ha dormido lo suficiente. Las recomendaciones generales para dormir son:<br><\/p>\n\n\n\n<ul class=\"wp-block-list\"><li><strong>Reci\u00e9n nacidos<\/strong>: 16-18 horas al d\u00eda.<\/li><li><strong>Ni\u00f1os en edad preescolar<\/strong>: 11-12 horas al d\u00eda.<\/li><li><strong>Ni\u00f1os en edad escolar<\/strong>: por lo menos 10 horas al d\u00eda.<\/li><li><strong>Adolescentes<\/strong>: 9-10 horas al d\u00eda.<\/li><li><strong>Adultos<\/strong>&nbsp;(incluyendo adultos mayores): 7-8 horas al d\u00eda.<\/li><\/ul>\n\n\n\n<p><br>Durante la pubertad, el reloj biol\u00f3gico de los adolescentes cambia y es m\u00e1s probable que se acuesten m\u00e1s tarde que los ni\u00f1os y adultos, y tienden a querer dormir m\u00e1s por la ma\u00f1ana. Por otro lado, algunos piensan que los adultos&nbsp;<strong>necesitan dormir menos a medida que envejecen<\/strong>, pero no hay evidencia que lo demuestre, aunque es cierto que al hacernos mayores tendemos a dormir menos o a pasar menos tiempo en el sue\u00f1o profundo y reparador. Adem\u00e1s, las personas mayores se despiertan m\u00e1s f\u00e1cilmente.&nbsp;<\/p>\n\n\n\n<p><strong>En cifras<\/strong>* El 32% de la poblaci\u00f3n se despierta sin haber tenido un sue\u00f1o reparador.*&nbsp;Un 35% llega muy cansado al final del d\u00eda.* Cerca del 60% de la poblaci\u00f3n nunca hace la siesta, y solo el 16% dice hacerla habitualmente.* Una hora es la duraci\u00f3n media de la siesta en el Estado espa\u00f1ol. Demasiado larga.* M\u00e1s de cuatro millones de personas en el Estado sufren alg\u00fan trastorno de sue\u00f1o cr\u00f3nico y grave.* Un 30% de la poblaci\u00f3n espa\u00f1ola se despierta con la sensaci\u00f3n de no haber tenido un sue\u00f1o reparador o finaliza el d\u00eda muy cansada.* Aproximadamente el 20-25% de la poblaci\u00f3n infantil sufre alg\u00fan tipo de trastorno del sue\u00f1o.* El riesgo de mortalidad aumenta de forma significativa en aquellas personas que duermen menos de seis horas diarias.<\/p>\n\n\n\n<p><strong>La buena siesta<\/strong><\/p>\n\n\n\n<ol class=\"wp-block-list\"><li><strong>Temprana<\/strong>. Se hace antes de la 5 de la tarde para que no interfiera en el sue\u00f1o nocturno.<\/li><li><strong>No debe de superar los 20 minutos<\/strong>. Si descansas bien por la noche deber\u00edas despertar espont\u00e1neamente tras 15-20 minutos de siesta.<\/li><li><strong>Mejor tumbados<\/strong>. No es preciso que te acuestes, pero s\u00ed la haces en una butaca, recu\u00e9state con las piernas en alto.<\/li><li><strong>Poco ruido y poca luz<\/strong>. Aunque tampoco se trata de hacerla en oscuridad total, como cuando vamos a dormir por la noche.<\/li><li><strong>Y si no te duermes, rel\u00e1jate<\/strong>. Aprovecha as\u00ed para descansar el cuerpo y la mente.<\/li><\/ol>\n\n\n\n<h3 class=\"wp-block-heading\">Doce consejos pr\u00e1cticos<\/h3>\n\n\n\n<ul class=\"wp-block-list\"><li>Irnos a la cama antes de media noche.<\/li><li>A la hora de dormir, no usar en el dormitorio ning\u00fan elemento que pueda generar distracci\u00f3n como televisiones, tel\u00e9fonos m\u00f3viles, etc.<\/li><li>Impedir (con persianas, cortinas, etc.) que la contaminaci\u00f3n lum\u00ednica y sonora nos interrumpa el sue\u00f1o.<\/li><li>Evitar cenar muy tarde.<\/li><li>Mantener la temperatura de la habitaci\u00f3n entre los 20 y los 22 grado.<\/li><li>No consumir excitantes (bebidas con cafe\u00edna) despu\u00e9s de la merienda.<\/li><li>Hacer ejercicios de respiraci\u00f3n, relajaci\u00f3n mental y muscular antes de ir a dormir.<\/li><li>No dormir siestas prolongadas.<\/li><li>Utilizar siempre el mismo aroma en la habitaci\u00f3n y ropa de cama. Preferiblemente el de lavanda.<\/li><li>Suplementar con infusiones de melissa y\/o pasiflora, y\/o dosis bajas de magnesio y\/o melatonina, una hora antes de ir a la cama.<\/li><li>No hacer ejercicio intenso poco antes de acostarse. Como mucho, alto suave y relajante.<\/li><li>Levantarse temprano. Lo mejor es de forma natural con la luz del sol.<\/li><\/ul>\n<!-- AddThis Advanced Settings generic via filter on the_content --><!-- AddThis Share Buttons generic via filter on the_content -->","protected":false},"excerpt":{"rendered":"<p>LA CALIDAD DEL SUE\u00d1O ES FUNDAMENTAL PARA REFORZAR NUESTRO SISTEMA INMUNITARIO, SENTIRSE BIEN Y AFRONTAR EN EXCELENTES CONDICIONES CADA NUEVA JORNADA A lo largo del sue\u00f1o nocturno&nbsp;el organismo se repara y el sistema inmunol\u00f3gico se fortalece, por lo que los trastornos del sue\u00f1o pueden alterar este sistema. Por ello, dormir mal nos hace m\u00e1s propensos &hellip; <a href=\"https:\/\/blogs.deia.eus\/desdeotramirada\/2020\/05\/20\/consejos-para-lograr-un-sueno-reparador-clave-para-una-buena-salud\/\" class=\"more-link\">Sigue leyendo <span class=\"screen-reader-text\">Consejos para lograr un sue\u00f1o reparador, clave para una buena salud<\/span><\/a><!-- AddThis Advanced Settings generic via filter on get_the_excerpt --><!-- AddThis Share Buttons generic via filter on get_the_excerpt --><\/p>\n","protected":false},"author":35,"featured_media":0,"comment_status":"open","ping_status":"open","sticky":false,"template":"","format":"standard","meta":{"footnotes":""},"categories":[1544],"tags":[],"class_list":["post-1369","post","type-post","status-publish","format-standard","hentry","category-sin-categoria"],"_links":{"self":[{"href":"https:\/\/blogs.deia.eus\/desdeotramirada\/wp-json\/wp\/v2\/posts\/1369","targetHints":{"allow":["GET"]}}],"collection":[{"href":"https:\/\/blogs.deia.eus\/desdeotramirada\/wp-json\/wp\/v2\/posts"}],"about":[{"href":"https:\/\/blogs.deia.eus\/desdeotramirada\/wp-json\/wp\/v2\/types\/post"}],"author":[{"embeddable":true,"href":"https:\/\/blogs.deia.eus\/desdeotramirada\/wp-json\/wp\/v2\/users\/35"}],"replies":[{"embeddable":true,"href":"https:\/\/blogs.deia.eus\/desdeotramirada\/wp-json\/wp\/v2\/comments?post=1369"}],"version-history":[{"count":1,"href":"https:\/\/blogs.deia.eus\/desdeotramirada\/wp-json\/wp\/v2\/posts\/1369\/revisions"}],"predecessor-version":[{"id":1371,"href":"https:\/\/blogs.deia.eus\/desdeotramirada\/wp-json\/wp\/v2\/posts\/1369\/revisions\/1371"}],"wp:attachment":[{"href":"https:\/\/blogs.deia.eus\/desdeotramirada\/wp-json\/wp\/v2\/media?parent=1369"}],"wp:term":[{"taxonomy":"category","embeddable":true,"href":"https:\/\/blogs.deia.eus\/desdeotramirada\/wp-json\/wp\/v2\/categories?post=1369"},{"taxonomy":"post_tag","embeddable":true,"href":"https:\/\/blogs.deia.eus\/desdeotramirada\/wp-json\/wp\/v2\/tags?post=1369"}],"curies":[{"name":"wp","href":"https:\/\/api.w.org\/{rel}","templated":true}]}}