{"id":1375,"date":"2020-05-20T11:50:20","date_gmt":"2020-05-20T09:50:20","guid":{"rendered":"http:\/\/blogs.deia.eus\/desdeotramirada\/?p=1375"},"modified":"2020-05-20T12:40:57","modified_gmt":"2020-05-20T10:40:57","slug":"albisteak","status":"publish","type":"post","link":"https:\/\/blogs.deia.eus\/desdeotramirada\/2020\/05\/20\/albisteak\/","title":{"rendered":"ALBISTEAK"},"content":{"rendered":"\n<h4 class=\"wp-block-heading\">Julio Anguita: muere un l\u00edder (PCE-IU) honesto e hist\u00f3rico<\/h4>\n\n\n\n<p><em>Excelente art\u00edculo <strong>de Jos\u00e9 Manuel Alonso v\u00eda @kazetariak<\/strong>, la revista del Colegio y la Asociaci\u00f3n de Periodistas del Pa\u00eds Vasco<\/em><\/p>\n\n\n\n<div class=\"wp-block-image\"><figure class=\"alignright is-resized\"><img loading=\"lazy\" decoding=\"async\" src=\"https:\/\/blogs.deia.eus\/desdeotramirada\/files\/2020\/05\/colegio.png\" alt=\"\" class=\"wp-image-1376\" width=\"330\" height=\"178\" \/><\/figure><\/div>\n\n\n\n<p>Hay una frase que puede resumir la vida y obra de una persona: &#8216;el efecto es el afecto&#8217;, frase que durante a\u00f1os ha sido aplicada con raz\u00f3n y sorprendentemente a un pol\u00edtico de la izquierda m\u00e1s pura, secretario general del Partido Comunista de Espa\u00f1a (PCE) y coordinador general de Izquierda Unida (IU): Julio Anguita (1941-2020), fallecido el pasado s\u00e1bado a los 78 a\u00f1os en el Hospital Universitario Reina Sof\u00eda de C\u00f3rdoba. Anguita ingres\u00f3 all\u00ed una semana antes tras sufrir un paro cardiaco en su domicilio.<\/p>\n\n\n\n<p><strong>Maestro de escuela, &#8216;califa rojo&#8217;, luchador por el bien com\u00fan<\/strong><\/p>\n\n\n\n<p>Maestro de escuela y licenciado en Historia, el pol\u00edtico nacido en Fuengirola (M\u00e1laga, 1941) volvi\u00f3 a su puesto en un instituto de C\u00f3rdoba tras pasar el liderazgo de IU a manos de Francisco Frutos. Pero nunca dej\u00f3 de hablar y sentir como pol\u00edtico de un partido y defenderlo. Particip\u00f3 en conferencias, eventos p\u00fablicos y entrevistas hasta el final. Este periodista, como reflejar\u00e9 m\u00e1s adelante, coincidi\u00f3 con \u00e9l en algunas de sus visitas y m\u00edtines electorales en Euskadi, reconociendo que se prestaba siempre a facilitar programas, ideas y opiniones para todos los medios informativos.&nbsp;<\/p>\n\n\n\n<p>Conocido como &#8216;califa rojo&#8217;, por &#8216;sus resultados electorales arrolladores en la ciudad cordobesa de la que fue alcalde de 1979 a 1986&#8217;, se le ha reconocido, no solo en su etapa de dirigente del partido comunista sino tambi\u00e9n como persona: hombre honesto y sin tapujos en sus palabras y m\u00edtines. Siempre dijo las cosas claras en favor de sus ideas y de su partido pol\u00edtico, incluso cuando sus compa\u00f1eros se desvariaban escap\u00e1ndose a otros partidos o ideas. El lehendakari I\u00f1igo Urkullu, al lamentar la muerte de Anguita, lo calific\u00f3 de &#8216;persona \u00edntegra y comprometida&#8217;. Pero no solo comprometida, digo yo, con y por los&nbsp;<em>suyos<\/em>&nbsp;sino con el pueblo espa\u00f1ol y la pol\u00edtica en general, produci\u00e9ndose en ocasiones coincidencias con otros partidos, incluso de la derecha, siempre en aquello que entend\u00eda como el bien com\u00fan.&nbsp;<\/p>\n\n\n\n<figure class=\"wp-block-image\"><img loading=\"lazy\" decoding=\"async\" width=\"635\" height=\"357\" src=\"https:\/\/blogs.deia.eus\/desdeotramirada\/files\/2020\/05\/anguita.jpg\" alt=\"\" class=\"wp-image-1377\" srcset=\"https:\/\/blogs.deia.eus\/desdeotramirada\/files\/2020\/05\/anguita.jpg 635w, https:\/\/blogs.deia.eus\/desdeotramirada\/files\/2020\/05\/anguita-580x326.jpg 580w\" sizes=\"auto, (max-width: 635px) 100vw, 635px\" \/><\/figure>\n\n\n\n<p><\/p>\n\n\n\n<p><strong>En 1996, elecciones generales, consigui\u00f3 m\u00e1s del 10% de los votos<\/strong><\/p>\n\n\n\n<p>Desde luego, Julio Anguita ser\u00e1 siempre un referente de la pol\u00edtica con may\u00fascula, aunque llevaba retirado de la primera fila de la pol\u00edtica desde 1999, cuando dej\u00f3 la direcci\u00f3n de IU despu\u00e9s de un segundo infarto. El coraz\u00f3n le hab\u00eda dado ya varios avisos. El primero en plena campa\u00f1a electoral, cuando se presentaba como candidato a la presidencia del Gobierno en 1993 despu\u00e9s de una carrera que lo consolid\u00f3 como uno de los pol\u00edticos m\u00e1s respetados a derecha e izquierda. Anguita, ten\u00eda un lema &#8216;programa, programa, programa&#8217; y con ello IU alcanz\u00f3 sus mayores \u00e9xitos electorales, superando ampliamente los dos millones de votos (2.639.774) en las generales de 1993 y 1996, alcanzando en este \u00faltimo a\u00f1o m\u00e1s de un 10 % de los votos y 21 diputados, a\u00f1o en el que Jos\u00e9 Mar\u00eda Aznar gan\u00f3 por primera vez las elecciones para el Partido Popular. Su periodo al frente de Izquierda Unida se distingui\u00f3 por la exigencia de concretar acuerdos program\u00e1ticos y el rechazo a la corrupci\u00f3n. Tras su marcha, IU inici\u00f3 una fase de declive que le llev\u00f3 a conseguir tan solo dos diputados en las elecciones generales de 2008.&nbsp;<\/p>\n\n\n\n<p>Julio Anguita se mostraba en ocasiones como hombre liberal, ese liberalismo que consiste, entre otras cosas, en no descartar que el de enfrente pueda tener raz\u00f3n, y la prueba de ello son las \u00faltimas intervenciones que conocemos. La \u00faltima fue hace unos d\u00edas, en plena pandemia del coronavirus, cuando declaraba: &#8216;En estos momentos de crispaci\u00f3n hace falta serenidad, reflexi\u00f3n y sopesar razones. De c\u00f3mo salgamos de esta, hoy va a ser ma\u00f1ana&#8217;.&nbsp;<\/p>\n\n\n\n<p>Y para comprobar su grado de honestidad y amor hacia su pueblo siempre recordaremos una de sus \u00faltimas intervenciones en las que critic\u00f3 duramente a la izquierda, acus\u00e1ndola tambi\u00e9n de que la pol\u00edtica se estaba convirtiendo en un problema \u00e9tico: &#8216;Lo que me manda mi mandamiento de hombre de izquierdas es no votar al ladr\u00f3n, aunque tenga la hoz y el martillo (&#8230;) Yo miro y juzgo a las fuerzas pol\u00edticas por lo que hacen, sean del partido que sean. Y yo no pido a mi pueblo otra cosa que juzgue a los pol\u00edticos por eso que hacen, por el ejemplo que dan, incluso si esos pol\u00edticos son de la extrema derecha&#8217;.&nbsp;<\/p>\n\n\n\n<figure class=\"wp-block-image\"><img decoding=\"async\" src=\"https:\/\/www.kazetariak.eus\/ficheros\/entradas\/resize3\/kp8r44taJMA%20-%2002.jpg\" alt=\"\" \/><\/figure>\n\n\n\n<p><strong>&#8216;El hombre que no perdi\u00f3 su sombra&#8217;<\/strong><br><\/p>\n\n\n\n<p>Gregorio Mor\u00e1n, colega que estuvo mostrando durante unos a\u00f1os en Euskadi su cr\u00edtica a trav\u00e9s de su buena pluma, escribi\u00f3 un art\u00edculo (21-XI-1991) en su secci\u00f3n &#8216;Sabatinas intempestivas&#8217; de&nbsp;<em>&#8216;La Vanguardia&#8217;<\/em>&nbsp;de Barcelona, donde trabaj\u00f3 durante a\u00f1os, dedicado a Julio Anguita que titul\u00f3: &#8216;El hombre que no perdi\u00f3 su sombra&#8217; y al que presenta de esta forma: &#8216;Julio Anguita es electoralmente la parte m\u00e1s importante del menguado capital pol\u00edtico de Izquierda Unida (&#8230;) Sin \u00e9l IU no es nada, y con \u00e9l puede aspirar a algo&#8217;, lo que se demostr\u00f3 poco despu\u00e9s, en las elecciones del 93 y 96.&nbsp;<\/p>\n\n\n\n<p>Y el articulista se\u00f1alaba del pol\u00edtico algunas de sus frases m\u00e1s sorprendentes por su alejamiento de la cultura marxista, por ejemplo: &#8216;Nosotros somos como los jesuitas, tenemos toda la eternidad por delante&#8217;. Y a\u00f1ade: &#8216;Julio Anguita no quiere perder su sombra, es decir, el Partido Comunista, y al tiempo es consciente de que presentarse con esas siglas ante el electorado es una provocaci\u00f3n. A sus cincuenta a\u00f1os reci\u00e9n cumplidos nadie puede decir de \u00e9l que constituye el esp\u00e9cimen t\u00edpico ni del comunista ni del pol\u00edtico profesional (&#8230;) Su personalidad, sumada al invento de Izquierda Unida, interrumpi\u00f3 la ca\u00edda hacia la nada&#8217;. Y a\u00f1ade: &#8216;De momento (final de 1991) Julio Anguita sigue su traves\u00eda y, a juzgar por la irritaci\u00f3n que causa en sus adversarios, no lo debe hacer mal. Alg\u00fan d\u00eda habr\u00e1 que explicarse que lo peor que le puede pasar a un dirigente pol\u00edtico es que sus adversarios hablen bien de \u00e9l&#8217; (&#8230;).<\/p>\n\n\n\n<p>Nunca olvidar\u00e9 un art\u00edculo del periodista l\u00edrico Manuel Alc\u00e1ntara, al que le\u00edamos todos los d\u00edas en los diarios de&nbsp;<em>Vocento<\/em>, entre ellos<em>&nbsp;&#8216;El Correo&#8217;<\/em>&nbsp;y el &#8216;<em>Diario Vasco&#8217;<\/em>, art\u00edculo del 28 de abril de 2006, en el que escrib\u00eda: &#8216;El ex coordinador de IU, Julio Anguita, cree que despu\u00e9s de reformar 17 estatutos de autonom\u00eda &#8216;Espa\u00f1a quedar\u00e1 como el monstruo de Frankenstein&#8217;, llena de parches, tornillos y cicatrices. Ahora s\u00ed que no la va a conocer ni la madre que la pari\u00f3. Algo ha explotado por dentro. En fin:&nbsp;<em>realidad nacional<\/em>&nbsp;o muerte&#8217;.<\/p>\n\n\n\n<p><strong>Se le calific\u00f3 de &#8216;nuevo ap\u00f3stol comunista&#8217;<\/strong><\/p>\n\n\n\n<p>Personalmente tuve oportunidad de coincidir con Julio Anguita al que siempre lo vi como un so\u00f1ador que hablaba en voz alta. En las entrevistas te contestaba m\u00e1s como amigo que como l\u00edder, ajeno a tus propias ideas. Te hablaba incluso de las crisis internas de su partido, se preguntaba \u00e9l mismo: \u00bfqu\u00e9 est\u00e1 pasando en IU? Y enseguida, con el tiempo, uno se percataba de que sin \u00e9l ha sido frecuente el trasvase del voto de IU al PSOE.&nbsp;<\/p>\n\n\n\n<p>Siempre pon\u00eda el ejemplo del di\u00e1logo sano, sobre todo con Felipe Gonz\u00e1lez. Nunca olvidar\u00e9 su lucha en octubre de 1991 contra el consumo p\u00fablico de estupefacientes, proponiendo luchar contra el secreto bancario para hacerlo contra el narcotr\u00e1fico. En el a\u00f1o 97, al tratar de unificar a la izquierda gallega, se le calific\u00f3 de &#8216;nuevo ap\u00f3stol comunista&#8217;. Y siempre fue partidario de que los partidos &#8216;asuman las responsabilidades derivadas de las actuaciones de sus dirigentes, incluso al margen de lo que dictara la ley. Lleg\u00f3 incluso a calificar de t\u00e1ctica propia de los nazis amenazar a los votantes con &#8216;\u00a1ojo que nos viene la derecha!&#8217;. Critic\u00f3 mucho los pactos postelectorales entre los nacionalistas catalanes con Felipe Gonz\u00e1lez y Jos\u00e9 Mar\u00eda Aznar. Y en los debates preelectorales con compa\u00f1eros de otros partidos acostumbraba a plantear preguntas para ser debatidas en el trascurso de los cara a cara. Todo eso recuerdo de Julio Anguita en mi \u00e9poca period\u00edstica activa, a lo que hay que a\u00f1adir el momento probablemente m\u00e1s tr\u00e1gico (pese a sus infartos) en la vida de Julio Anguita: la muerte de su hijo&#8230;&nbsp;<\/p>\n\n\n\n<p><strong>&#8216;Malditas sean las guerras y los canallas que las hacen&#8217;<\/strong><\/p>\n\n\n\n<figure class=\"wp-block-image\"><img decoding=\"async\" src=\"https:\/\/www.kazetariak.eus\/ficheros\/entradas\/resize3\/UeB8BTLNJMA%20-%2003.jpg\" alt=\"\" \/><\/figure>\n\n\n\n<p><em><sup>Muerte en Irak del periodista Julio Anguita Parrado y el c\u00e1mara Jos\u00e9 Couso.<\/sup><\/em><\/p>\n\n\n\n<p>En abril de 2003, este periodista dirig\u00eda &#8216;El Mundo del Pa\u00eds Vasco&#8217; y segu\u00eda puntualmente las cr\u00f3nicas que escrib\u00eda su compa\u00f1ero Julio Anguita Parrado, enviado especial del peri\u00f3dico en la Guerra de Irak, como estuvo tambi\u00e9n tras los atentados terroristas suicidas del 11 de septiembre de 2001 cometidos por la red yihadista Al Qaeda. Y fue el 7 de abril de aquel 2003 cuando recib\u00edamos la noticia de que el joven compa\u00f1ero fallec\u00eda al ser alcanzado por un proyectil iraqu\u00ed lanzado contra la Segunda Brigada de la Tercera Divisi\u00f3n de Infanter\u00eda estadounidense y, un d\u00eda despu\u00e9s, la muerte de Jos\u00e9 Couso, c\u00e1mara de informativos Telecinco por un tanque de EEUU cuando tomaba im\u00e1genes desde el hotel Palestina.&nbsp;<\/p>\n\n\n\n<p>El reportero Julio Anguita Parrado firmaba sus cr\u00f3nicas para &#8216;El Mundo&#8217; y lo hac\u00eda junto a los soldados estadounidenses en primera l\u00ednea. Aquella fat\u00eddica jornada los militares a los que acompa\u00f1aba iban a tomar una posici\u00f3n enemiga en una misi\u00f3n arriesgada. Julio Anguita Parrado, aconsejado por los mandos de EEUU, se qued\u00f3 en la base. Esa decisi\u00f3n result\u00f3 fatal, porque all\u00ed fue a caer un misil iraqu\u00ed que mat\u00f3 al periodista, mientras que la avanzadilla regres\u00f3 sin bajas aquel d\u00eda.&nbsp;<\/p>\n\n\n\n<p>La muerte del c\u00e1mara Jos\u00e9 Couso fue diferente, ya que su posici\u00f3n en el momento del ataque la conoc\u00eda perfectamente el Ej\u00e9rcito de EEUU. El hotel Palestina era el edificio elegido por el gobierno iraqu\u00ed para alojar a la prensa internacional. El reportero gr\u00e1fico, que grababa para Telecinco en aquellos momentos junto a nuestro conocido y premiado compa\u00f1ero Jon Sistiaga, se asom\u00f3 al balc\u00f3n de su habitaci\u00f3n 03 del piso 14. All\u00ed enfoc\u00f3 a un carro de combate M1 Abrams que avanzaba por uno de los puentes sobre el r\u00edo Tigris. El tanque gir\u00f3 su torreta y abri\u00f3 fuego. El proyectil impact\u00f3 un piso m\u00e1s arriba, en el 15, matando en el acto al periodista ucraniano Taras Protsyuk, de la agencia Reuters, e hiriendo de gravedad a Couso, que fue trasladado al Hospital San Rafael de Bagdad, donde falleci\u00f3 mientras era operado de urgencia.&nbsp;<\/p>\n\n\n\n<p>El Pent\u00e1gono reconoci\u00f3 la autor\u00eda del ataque alegando que los soldados que dispararon contra el hotel, al mando del sargento Thomas Gibson, estaban respondiendo a fuego enemigo, pero ning\u00fan periodista internacional fue testigo de ning\u00fan disparo hacia aquel tanque blindado.&nbsp;<\/p>\n\n\n\n<p>Julio Anguita padre, en aquellas fechas excoordinador general de Izquierda Unida, recibi\u00f3 la noticia de la muerte de su hijo cuando iba a intervenir en un acto organizado por la Unidad C\u00edvica Republicana en el Teatro Federico Garc\u00eda Lorca de Getafe. Subi\u00f3 al estrado y manifest\u00f3, visiblemente emocionado:&nbsp;<em>&#8216;Mi hijo mayor, de 32 a\u00f1os, acaba de morir, cumpliendo sus obligaciones de corresponsal de guerra. Hace 20 d\u00edas estuvo conmigo y me dijo que quer\u00eda ir a la primera l\u00ednea. Los que han le\u00eddo sus cr\u00f3nicas en el diario &#8216;El Mundo&#8217; saben que era un hombre muy abierto y buen periodista. Ha cumplido con su deber y yo por tanto voy a dirigir la palabra para cumplir con el m\u00edo &#8230;\/&#8230; Ha sido un misil iraqu\u00ed, pero es igual, lo \u00fanico que puedo decir es que vendr\u00e9 en otra ocasi\u00f3n y seguir\u00e9 combatiendo por la tercera rep\u00fablica.&nbsp;Malditas sean las guerras y los canallas que las hacen&#8217;.<\/em><\/p>\n\n\n\n<p><strong>&#8216;La bomba es una bomba antes de ser noticia&#8217;<\/strong><\/p>\n\n\n\n<figure class=\"wp-block-image\"><img decoding=\"async\" src=\"https:\/\/www.kazetariak.eus\/ficheros\/entradas\/resize3\/UeB8BTLNJMA%20-%2004.jpg\" alt=\"\" \/><\/figure>\n\n\n\n<p><em><sup>230 periodistas murieron en Irak, entre ellos el hijo de Julio Anguita.<\/sup><\/em><\/p>\n\n\n\n<p>Hace unos cuarenta d\u00edas que se han cumplido los 17 a\u00f1os de aquel doble crimen de los periodistas Julio Anguita Parrado y Jos\u00e9 Couso. Y hace dos a\u00f1os Arturo P\u00e9rez-Reverte escrib\u00eda un art\u00edculo que lo recordaba. &#8216;No conoc\u00eda a Julio Anguita Parrado ni a Jos\u00e9 Couso. Eran j\u00f3venes, y yo me jubil\u00e9 despu\u00e9s de los Balcanes; donde, por cierto, enterramos a cincuenta y seis colegas. No s\u00e9 qu\u00e9 llev\u00f3 a Julio y Jos\u00e9 hasta el misil o la granada que los mat\u00f3, aunque puedo imaginarlo. En cuanto a por qu\u00e9 murieron, debo decir lo que creo: que murieron porque quer\u00edan estar all\u00ed. Fueron voluntarios a un lugar peligroso, y el padre de Julio Anguita lo resumi\u00f3 con una entereza admirable: &#8216;Mi hijo muri\u00f3 cumpliendo con su deber&#8217;. Punto. Hac\u00edan un trabajo duro, y sali\u00f3 su n\u00famero. En la loter\u00eda donde se combinan el azar y las leyes de la bal\u00edstica, les toc\u00f3 a ellos. Suma y sigue. El resto es demagogia y literatura&#8217;.&nbsp;<\/p>\n\n\n\n<p>Hubo otras palabras entonces que se quedaron grabadas en el periodismo m\u00e1s duro, el de estar en el frente y frente a la bomba que es noticia. De la muerte de Julio Anguita Parrado y Jos\u00e9 Couso, como las de otros que recordamos, se escribi\u00f3 algo que apuntamos para no olvidarlo: &#8216;Ellos, estos, viven y trabajan en la situaci\u00f3n l\u00edmite del periodismo, cuando la bomba es una bomba antes de ser noticia. Nosotros la recibimos ya como noticia, o sea, desactivada (&#8230;) El d\u00eda que falten estos reporteros que buscan la verdad, la justicia, el relato de la conmoci\u00f3n y la tragedia humanas, morir\u00e1 el periodismo de verdad; el periodismo se convertir\u00e1 en parte de la industria de la construcci\u00f3n o del mueble o del motor o del pirul\u00ed con sabor a fresa (famoseo de famosillos) o en marujeo de pol\u00edticos, el pirul\u00ed con sabor a naranja y lim\u00f3n&#8217; (&#8230;).&nbsp;<\/p>\n\n\n\n<p>Ahora, cuando el padre de Julio Anguita Parrado ha muerto empe\u00f1ando su coraz\u00f3n siempre al borde del infarto para hacer de la pol\u00edtica, en este caso la suya, la comunista del PCE e IU, un deber: el de ser honesto, claro y solidario con la realidad y su gobierno, y por eso sentimos que una persona humana cercana e importante, pese a sus ideas no coincidentes con las nuestras, se nos va, nos duele profundamente. Y nos queda desearle \u00a1ese descanso en la paz de los m\u00e1s sacrificados, realidad y s\u00edmbolo toda su vida, la del pol\u00edtico Julio Anguita!&#8230;<\/p>\n<!-- AddThis Advanced Settings generic via filter on the_content --><!-- AddThis Share Buttons generic via filter on the_content -->","protected":false},"excerpt":{"rendered":"<p>Julio Anguita: muere un l\u00edder (PCE-IU) honesto e hist\u00f3rico Excelente art\u00edculo de Jos\u00e9 Manuel Alonso v\u00eda @kazetariak, la revista del Colegio y la Asociaci\u00f3n de Periodistas del Pa\u00eds Vasco Hay una frase que puede resumir la vida y obra de una persona: &#8216;el efecto es el afecto&#8217;, frase que durante a\u00f1os ha sido aplicada con &hellip; <a href=\"https:\/\/blogs.deia.eus\/desdeotramirada\/2020\/05\/20\/albisteak\/\" class=\"more-link\">Sigue leyendo <span class=\"screen-reader-text\">ALBISTEAK<\/span><\/a><!-- AddThis Advanced Settings generic via filter on get_the_excerpt --><!-- AddThis Share Buttons generic via filter on get_the_excerpt --><\/p>\n","protected":false},"author":35,"featured_media":0,"comment_status":"open","ping_status":"open","sticky":false,"template":"","format":"standard","meta":{"footnotes":""},"categories":[1544],"tags":[],"class_list":["post-1375","post","type-post","status-publish","format-standard","hentry","category-sin-categoria"],"_links":{"self":[{"href":"https:\/\/blogs.deia.eus\/desdeotramirada\/wp-json\/wp\/v2\/posts\/1375","targetHints":{"allow":["GET"]}}],"collection":[{"href":"https:\/\/blogs.deia.eus\/desdeotramirada\/wp-json\/wp\/v2\/posts"}],"about":[{"href":"https:\/\/blogs.deia.eus\/desdeotramirada\/wp-json\/wp\/v2\/types\/post"}],"author":[{"embeddable":true,"href":"https:\/\/blogs.deia.eus\/desdeotramirada\/wp-json\/wp\/v2\/users\/35"}],"replies":[{"embeddable":true,"href":"https:\/\/blogs.deia.eus\/desdeotramirada\/wp-json\/wp\/v2\/comments?post=1375"}],"version-history":[{"count":2,"href":"https:\/\/blogs.deia.eus\/desdeotramirada\/wp-json\/wp\/v2\/posts\/1375\/revisions"}],"predecessor-version":[{"id":1382,"href":"https:\/\/blogs.deia.eus\/desdeotramirada\/wp-json\/wp\/v2\/posts\/1375\/revisions\/1382"}],"wp:attachment":[{"href":"https:\/\/blogs.deia.eus\/desdeotramirada\/wp-json\/wp\/v2\/media?parent=1375"}],"wp:term":[{"taxonomy":"category","embeddable":true,"href":"https:\/\/blogs.deia.eus\/desdeotramirada\/wp-json\/wp\/v2\/categories?post=1375"},{"taxonomy":"post_tag","embeddable":true,"href":"https:\/\/blogs.deia.eus\/desdeotramirada\/wp-json\/wp\/v2\/tags?post=1375"}],"curies":[{"name":"wp","href":"https:\/\/api.w.org\/{rel}","templated":true}]}}