{"id":1394,"date":"2020-05-21T13:55:35","date_gmt":"2020-05-21T11:55:35","guid":{"rendered":"http:\/\/blogs.deia.eus\/desdeotramirada\/?p=1394"},"modified":"2020-05-21T18:45:01","modified_gmt":"2020-05-21T16:45:01","slug":"el-cmb-muestra-su-disconformidad-el-modo-de-ajudicar-las-plazas-mir-propuesto-para-este-anno","status":"publish","type":"post","link":"https:\/\/blogs.deia.eus\/desdeotramirada\/2020\/05\/21\/el-cmb-muestra-su-disconformidad-el-modo-de-ajudicar-las-plazas-mir-propuesto-para-este-anno\/","title":{"rendered":"El CMB muestra su disconformidad por el modo      de ajudicar las plazas MIR propuesto para este a\u00f1o"},"content":{"rendered":"\n<figure class=\"wp-block-image\"><img loading=\"lazy\" decoding=\"async\" width=\"940\" height=\"529\" src=\"https:\/\/blogs.deia.eus\/desdeotramirada\/files\/2020\/05\/COLEGIO-MEDICOS-1-940x529.jpg\" alt=\"\" class=\"wp-image-1396\" srcset=\"https:\/\/blogs.deia.eus\/desdeotramirada\/files\/2020\/05\/COLEGIO-MEDICOS-1-940x529.jpg 940w, https:\/\/blogs.deia.eus\/desdeotramirada\/files\/2020\/05\/COLEGIO-MEDICOS-1-580x326.jpg 580w, https:\/\/blogs.deia.eus\/desdeotramirada\/files\/2020\/05\/COLEGIO-MEDICOS-1-768x432.jpg 768w, https:\/\/blogs.deia.eus\/desdeotramirada\/files\/2020\/05\/COLEGIO-MEDICOS-1.jpg 1200w\" sizes=\"auto, (max-width: 940px) 100vw, 940px\" \/><figcaption>Sede del Colegio de M\u00e9dicos de Bizkaia, en Bilbao (Foto Nerea Garay)<\/figcaption><\/figure>\n\n\n\n<p><\/p>\n\n\n\n<p><strong>Bilbao, 21 de mayo de 2020.<\/strong>-Desde el Colegio de M\u00e9dicos de Bizkaia (CMB) queremos manifestar nuestra disconformidad con el modo en que este a\u00f1o se llevar\u00e1 a cabo la adjudicaci\u00f3n de plazas de formaci\u00f3n especializada MIR a trav\u00e9s de un sistema, modificado respecto a a\u00f1os anteriores debido a la situaci\u00f3n provocada por el coronavirus SARS CoV-2, que propone una elecci\u00f3n que se realizar\u00e1 por v\u00eda telem\u00e1tica.<\/p>\n\n\n\n<p>En opini\u00f3n del CMB, la confecci\u00f3n de una lista previa que la persona interesada solo podr\u00e1 modificar hasta 12 horas antes de su turno de elecci\u00f3n, que le adjudicar\u00e1 la primera plaza libre de su listado de preferencias y que no le dar\u00e1 la posibilidad de renuncia en el momento, va a provocar m\u00e1s vacantes que nunca por renuncias posteriores de las y los solicitantes que no hayan accedido a la plaza deseada. Como consecuencia, un n\u00famero importante de puestos, que de otro modo hubiesen sido adjudicados, quedar\u00e1n desiertos hasta la convocatoria del pr\u00f3ximo a\u00f1o, con lo que un elevado n\u00famero de graduadas y graduados \u00f3ptimamente preparados no acceder\u00e1n a su formaci\u00f3n como especialistas. Esto generar\u00e1, adem\u00e1s, un defecto de plazas sin cubrir que se ir\u00e1 arrastrando a lo largo de los sucesivos a\u00f1os formativos.<\/p>\n\n\n\n<p>Para el Colegio de M\u00e9dicos de Bizkaia, no facilitar esta integraci\u00f3n, que ser\u00e1 determinante en el futuro profesional de las y los aspirantes a R1 de este a\u00f1o, ser\u00eda una gran equivocaci\u00f3n. Primero, por lo que supondr\u00eda de agravio comparativo frente a sus compa\u00f1eras y compa\u00f1eros de ediciones anteriores y, segundo, porque en estos momentos extraordinarios y ante la posibilidad de un rebrote de la pandemia, resulta indispensable tener cubiertas todas las plazas de m\u00e9dicas y m\u00e9dicos que el sistema sanitario sea capaz de albergar.<\/p>\n<!-- AddThis Advanced Settings generic via filter on the_content --><!-- AddThis Share Buttons generic via filter on the_content -->","protected":false},"excerpt":{"rendered":"<p>Bilbao, 21 de mayo de 2020.-Desde el Colegio de M\u00e9dicos de Bizkaia (CMB) queremos manifestar nuestra disconformidad con el modo en que este a\u00f1o se llevar\u00e1 a cabo la adjudicaci\u00f3n de plazas de formaci\u00f3n especializada MIR a trav\u00e9s de un sistema, modificado respecto a a\u00f1os anteriores debido a la situaci\u00f3n provocada por el coronavirus SARS &hellip; <a href=\"https:\/\/blogs.deia.eus\/desdeotramirada\/2020\/05\/21\/el-cmb-muestra-su-disconformidad-el-modo-de-ajudicar-las-plazas-mir-propuesto-para-este-anno\/\" class=\"more-link\">Sigue leyendo <span class=\"screen-reader-text\">El CMB muestra su disconformidad por el modo      de ajudicar las plazas MIR propuesto para este a\u00f1o<\/span><\/a><!-- AddThis Advanced Settings generic via filter on get_the_excerpt --><!-- AddThis Share Buttons generic via filter on get_the_excerpt --><\/p>\n","protected":false},"author":35,"featured_media":0,"comment_status":"open","ping_status":"open","sticky":false,"template":"","format":"standard","meta":{"footnotes":""},"categories":[1544],"tags":[],"class_list":["post-1394","post","type-post","status-publish","format-standard","hentry","category-sin-categoria"],"_links":{"self":[{"href":"https:\/\/blogs.deia.eus\/desdeotramirada\/wp-json\/wp\/v2\/posts\/1394","targetHints":{"allow":["GET"]}}],"collection":[{"href":"https:\/\/blogs.deia.eus\/desdeotramirada\/wp-json\/wp\/v2\/posts"}],"about":[{"href":"https:\/\/blogs.deia.eus\/desdeotramirada\/wp-json\/wp\/v2\/types\/post"}],"author":[{"embeddable":true,"href":"https:\/\/blogs.deia.eus\/desdeotramirada\/wp-json\/wp\/v2\/users\/35"}],"replies":[{"embeddable":true,"href":"https:\/\/blogs.deia.eus\/desdeotramirada\/wp-json\/wp\/v2\/comments?post=1394"}],"version-history":[{"count":2,"href":"https:\/\/blogs.deia.eus\/desdeotramirada\/wp-json\/wp\/v2\/posts\/1394\/revisions"}],"predecessor-version":[{"id":1398,"href":"https:\/\/blogs.deia.eus\/desdeotramirada\/wp-json\/wp\/v2\/posts\/1394\/revisions\/1398"}],"wp:attachment":[{"href":"https:\/\/blogs.deia.eus\/desdeotramirada\/wp-json\/wp\/v2\/media?parent=1394"}],"wp:term":[{"taxonomy":"category","embeddable":true,"href":"https:\/\/blogs.deia.eus\/desdeotramirada\/wp-json\/wp\/v2\/categories?post=1394"},{"taxonomy":"post_tag","embeddable":true,"href":"https:\/\/blogs.deia.eus\/desdeotramirada\/wp-json\/wp\/v2\/tags?post=1394"}],"curies":[{"name":"wp","href":"https:\/\/api.w.org\/{rel}","templated":true}]}}