{"id":1403,"date":"2020-05-24T13:33:57","date_gmt":"2020-05-24T11:33:57","guid":{"rendered":"http:\/\/blogs.deia.eus\/desdeotramirada\/?p=1403"},"modified":"2020-05-24T16:04:02","modified_gmt":"2020-05-24T14:04:02","slug":"no-todo-es-covid-hoy-dia-de-la-epilepsia","status":"publish","type":"post","link":"https:\/\/blogs.deia.eus\/desdeotramirada\/2020\/05\/24\/no-todo-es-covid-hoy-dia-de-la-epilepsia\/","title":{"rendered":"No todo es Covid, hoy D\u00eda de la Epilepsia"},"content":{"rendered":"\n<p style=\"text-align:center\"><strong>Un 10% de la poblaci\u00f3n sufrir\u00e1 una crisis epil\u00e9ptica a lo largo de su vida<\/strong><\/p>\n\n\n\n<p> <strong>En el Estado espa\u00f1ol, unas 400.000 personas padecen epilepsia: la segunda patolog\u00eda neurol\u00f3gica en a\u00f1os de vida potencialmente perdidos o vividos con discapacidad.<\/strong><\/p>\n\n\n\n<div class=\"wp-block-image\"><figure class=\"alignright\"><img loading=\"lazy\" decoding=\"async\" width=\"300\" height=\"168\" src=\"https:\/\/blogs.deia.eus\/desdeotramirada\/files\/2020\/05\/epilepsia.jpg\" alt=\"\" class=\"wp-image-1404\" \/><\/figure><\/div>\n\n\n\n<p> <strong>Cada a\u00f1o se diagnostican en en el Estado unos 20.000 nuevos casos.<\/strong><\/p>\n\n\n\n<p><strong>El retraso en el diagn\u00f3stico de esta patolog\u00eda pueda alcanzar los 10 a\u00f1os.<\/strong><\/p>\n\n\n\n<p> <strong>La SEN realiza una serie de recomendaciones a los pacientes con epilepsia ante el contexto actual de pandemia por COVID-19.<\/strong><\/p>\n\n\n\n<p><font color=\"#191e23\"><span><b>No todo es Covid-19, las enfermedades antes de la pandemia est\u00e1n ah\u00ed y sus pacientes tambi\u00e9n. <\/b><\/span><\/font> Hoy, 14 de mayo es el D\u00eda Nacional de la Epilepsia, una de las \u00a0enfermedades neurol\u00f3gicas m\u00e1s comunes y que se caracteriza por la predisposici\u00f3n del cerebro para generar crisis epil\u00e9pticas. Desde la Sociedad Espa\u00f1ola de Neurolog\u00eda (SEN) nos recuerdan que unas 400.000 personas padecen en el Estado esta patolog\u00eda que es la segunda  neurol\u00f3gica en a\u00f1os de vida potencialmente perdidos o vividos con discapacidad. <\/p>\n\n\n\n<p>Aunque actualmente se dispone de tratamiento, la expectativa de vida de los pacientes con epilepsia se ve reducida entre 2 y 10 a\u00f1os, su tasa de mortalidad es entre 2 y 3 veces mayor que la de la poblaci\u00f3n general y el 60% de los pacientes asocian trastornos psiqui\u00e1tricos, neurol\u00f3gicos o intelectuales.<\/p>\n\n\n\n<p> <br>La Organizaci\u00f3n Mundial de la Salud <strong>(OMS) estima que una de cada diez personas sufrir\u00e1, al menos, una crisis epil\u00e9ptica a lo largo de su vida<\/strong><em>. \u201cLa epilepsia puede tener muchas causas, aunque la predisposici\u00f3n gen\u00e9tica o padecer alg\u00fan tipo de anomal\u00eda o lesi\u00f3n cerebral, suele ser las causas m\u00e1s habituales\u201d,&nbsp;<\/em>subraya el doctor Francisco Javier L\u00f3pez, Coordinador del Grupo de Estudio de Epilepsia de la Sociedad Espa\u00f1ola de Neurolog\u00eda, al tiempo que a\u00f1ade que<em>\u201ces adem\u00e1s una enfermedad que afecta a todos los grupos de edad, aunque su incidencia es mayor en ni\u00f1os, adolescentes y ancianos\u201d.<\/em><\/p>\n\n\n\n<p>Alrededor de 400.000 nuevos casos en Europa\u2013unos 20.000 en el Estado-  personas son diagn\u00f3sticadas por esta dolencia, pero se considera no solo que el n\u00famero de diagn\u00f3sticos falsos positivos en esta enfermedad es sorprendentemente alto -podr\u00eda llegar hasta al 18%- sino que a\u00fan hay un porcentaje importante de pacientes sin diagnosticar.  Por eso, los expertos se muestran preocupados porque el retraso en la detecci\u00f3n de la patolog\u00eda puede llegar a los 10 a\u00f1os, sobre todo porque hasta un 25% de las crisis puedan pasar inadvertidas tanto por los pacientes como por sus familiares.<\/p>\n\n\n\n<p style=\"text-align:right\"><\/p>\n\n\n\n<p> <br>En este sentido, el especialista Francisco Javier L\u00f3pez sostiene que  <em>\u201chay que tener en cuenta que uno de los mayores obst\u00e1culos al diagnosticar una epilepsia radica en que las crisis son fen\u00f3menos transitorios que ocurren relativamente con poca frecuencia y pueden pasar desapercibidas o no ser bien identificas por los pacientes, por sus familiares o incluso por el personal sanitario. Adem\u00e1s, existen otros eventos cl\u00ednicos, como por ejemplo s\u00edncopes o crisis no epil\u00e9pticas, que pueden tener una apariencia similar a las crisis epil\u00e9pticas y que pueden llevar a realizar diagn\u00f3sticos err\u00f3neos\u201d.<\/em><\/p>\n\n\n\n<p><strong> No solo convulsiones<\/strong><\/p>\n\n\n\n<p>Adem\u00e1s hace especial hincapi\u00e9  al se\u00f1alar que cuando <em> se piensa en una crisis epil\u00e9ptica, autom\u00e1ticamente lo asociamos a convulsiones. Pero en realidad este tipo de crisis solo representan entre el 20 y el 30% del total. Presentar falta de respuesta a los est\u00edmulos, realizar repetidamente movimientos autom\u00e1ticos,&nbsp; tener ausencias,\u2026 son tambi\u00e9n otras manifestaciones de las crisis epil\u00e9pticas que hay que tener en cuenta a la hora de mejorar los tiempos de diagn\u00f3stico actuales\u201d.<\/em><\/p>\n\n\n\n<p>Tal y como se\u00f1alan los expertos de la SEN, mientras  que la enfermedad remite de forma espont\u00e1nea en un <strong>4% de los pacientes adultos al a\u00f1o<\/strong> \u2013en ni\u00f1os esta cifra es a\u00fan mayor- y <strong>m\u00e1s de un 70% de los pacientes consiguen controlar su enfermedad gracias al tratamiento farmacol\u00f3gico existente, aproximadamente el 25% de los pacientes no responden a los tratamientos disponibles<\/strong>: es lo que se denomina epilepsia farmacorresistente. Y a pesar de que en los \u00faltimos 25 a\u00f1os, se ha producido un importante aumento de las opciones terap\u00e9uticas para tratar la epilepsia, mejorando la tolerancia y limitando los efectos secundarios, no se ha conseguido reducir el n\u00famero de personas con epilepsia farmacorresistente.<\/p>\n\n\n\n<p><strong>300 intervenciones quir\u00fargicas<\/strong><\/p>\n\n\n\n<p> En estos casos,  contin\u00faan se\u00f1alando desde la SEN, cerca del 5% de los pacientes farmacorresistentes cumplen con los criterios que les permite beneficiarse del tratamiento quir\u00fargico y entre el 55-85% de los casos se consiguen buenos resultados. Actualmente en el Estado se realizan unas 300 intervenciones quir\u00fargicas a pacientes farmacorresistentes.<\/p>\n\n\n\n<p>Son precisamente los pacientes farmacorresistentes donde esta enfermedad tiene una mayor repercusi\u00f3n socio-sanitaria. El coste medio anual de los recursos utilizados por un paciente farmacorresistente en el Estado es superior a los 7.000\u20ac y el n\u00famero de pacientes con discapacidad por epilepsia en edad activa es superior a las 26.000 personas. Adem\u00e1s, las crisis epil\u00e9pticas suponen el 1% de las consultas en los Servicios de Urgencias y el 15% de las urgencias neurol\u00f3gicas, convirti\u00e9ndose en la segunda causa de atenci\u00f3n neurol\u00f3gica en urgencias.<\/p>\n\n\n\n<p style=\"text-align:center\"><strong>CONSEJOS PARA LOS PACIENTES CON EPILEPSIA EN LA PANDEMIA POR COVID-19<\/strong><\/p>\n\n\n\n<p>Los pacientes con epilepsia <strong>no tienen un mayor riesgo de infecci\u00f3n de COVID-19,<\/strong> ni por la facilidad de infectarse ni por la gravedad de la afectaci\u00f3n. En todo caso, se recomienda a los pacientes:<\/p>\n\n\n\n<p>&#8211;&nbsp;&nbsp;&nbsp;&nbsp;&nbsp;&nbsp;&nbsp;&nbsp;&nbsp;&nbsp;Tener suficiente medicaci\u00f3n antiepil\u00e9ptica en casa y no abandonar el tratamiento.<\/p>\n\n\n\n<p>&#8211;&nbsp;&nbsp;&nbsp;&nbsp;&nbsp;&nbsp;&nbsp;&nbsp;&nbsp;&nbsp;Tener una benzodiazepina de rescate en casa para prevenir la asistencia a urgencias.<\/p>\n\n\n\n<p>&#8211;&nbsp;&nbsp;&nbsp;&nbsp;&nbsp;&nbsp;&nbsp;&nbsp;&nbsp;&nbsp;En caso de aislamiento, el paciente con epilepsia debe estar vigilado estrechamente. Hay que asegurarse que puede comer, beber, dormir y tomar la medicaci\u00f3n con regularidad.<\/p>\n\n\n\n<p>&#8211;&nbsp;&nbsp;&nbsp;&nbsp;&nbsp;&nbsp;&nbsp;&nbsp;&nbsp;&nbsp;Si no se trata de una urgencia, se recomienda no acudir al hospital sin cita y contactar antes con su neur\u00f3logo.<\/p>\n\n\n\n<p>&#8211;&nbsp;&nbsp;&nbsp;&nbsp;&nbsp;&nbsp;&nbsp;&nbsp;&nbsp;&nbsp;Contactar con el servicio de emergencias sanitarias ante las siguientes situaciones:<\/p>\n\n\n\n<p>o&nbsp;&nbsp;&nbsp;Una crisis convulsiva que dure m\u00e1s de 5 minutos.<\/p>\n\n\n\n<p>o&nbsp;&nbsp;&nbsp;La aparici\u00f3n de una segunda crisis convulsiva poco despu\u00e9s de la primera.<\/p>\n\n\n\n<p>o&nbsp;&nbsp;&nbsp;Si ocurre una lesi\u00f3n durante la convulsi\u00f3n.<\/p>\n\n\n\n<p>o&nbsp;&nbsp;&nbsp;Si la convulsi\u00f3n se presenta cuando la persona est\u00e1 en el agua.<\/p>\n\n\n\n<p>o&nbsp;&nbsp;&nbsp;Si la convulsi\u00f3n ocurre en una persona que tiene otra enfermedad (diabetes, enfermedad cardiovascular, etc.) o est\u00e1 embarazada.<\/p>\n\n\n\n<p>&#8211;&nbsp;&nbsp;&nbsp;&nbsp;&nbsp;&nbsp;&nbsp;&nbsp;&nbsp;<strong>&nbsp;En caso de infecci\u00f3n por COVID-19:<\/strong><\/p>\n\n\n\n<p> Ser\u00e1 necesario un adecuado control de la temperatura. Al igual que ocurre con cualquier otra enfermedad febril, la infecci\u00f3n por COVID-19 puede aumentar las crisis en una persona con epilepsia.<\/p>\n\n\n\n<p> &nbsp;Algunos medicamentos utilizados en el tratamiento de la COVID-19 pueden presentan interacciones con los antiepil\u00e9pticos. Por ello, ser\u00e1 necesario revisarlas a la hora de a\u00f1adir o ajustar nuevos tratamientos.<\/p>\n\n\n\n<p>Finalmente se\u00f1alar que el \u201cRegistro de manifestaciones y complicaciones neurol\u00f3gicas en pacientes con infecci\u00f3n COVID-19\u201d que est\u00e1 elaborado la SEN, se han notificado varios casos de personas que han presentado crisis epil\u00e9pticas, muchos sin antecedentes de crisis previas.&nbsp;&nbsp;<em>\u201cEs probable, por lo tanto, y al igual que ocurre con otras enfermedades infecciosas como la gripe, que haya pacientes con COVID-19 que presenten crisis epil\u00e9pticas en el seno de la infecci\u00f3n, como una complicaci\u00f3n secundaria de esta nueva enfermedad\u201d,<\/em> remacha el especialista de la SEN,Francisco Javier L\u00f3pez.<\/p>\n<!-- AddThis Advanced Settings generic via filter on the_content --><!-- AddThis Share Buttons generic via filter on the_content -->","protected":false},"excerpt":{"rendered":"<p>Un 10% de la poblaci\u00f3n sufrir\u00e1 una crisis epil\u00e9ptica a lo largo de su vida En el Estado espa\u00f1ol, unas 400.000 personas padecen epilepsia: la segunda patolog\u00eda neurol\u00f3gica en a\u00f1os de vida potencialmente perdidos o vividos con discapacidad. Cada a\u00f1o se diagnostican en en el Estado unos 20.000 nuevos casos. El retraso en el diagn\u00f3stico &hellip; <a href=\"https:\/\/blogs.deia.eus\/desdeotramirada\/2020\/05\/24\/no-todo-es-covid-hoy-dia-de-la-epilepsia\/\" class=\"more-link\">Sigue leyendo <span class=\"screen-reader-text\">No todo es Covid, hoy D\u00eda de la Epilepsia<\/span><\/a><!-- AddThis Advanced Settings generic via filter on get_the_excerpt --><!-- AddThis Share Buttons generic via filter on get_the_excerpt --><\/p>\n","protected":false},"author":35,"featured_media":0,"comment_status":"open","ping_status":"open","sticky":false,"template":"","format":"standard","meta":{"footnotes":""},"categories":[1544],"tags":[],"class_list":["post-1403","post","type-post","status-publish","format-standard","hentry","category-sin-categoria"],"_links":{"self":[{"href":"https:\/\/blogs.deia.eus\/desdeotramirada\/wp-json\/wp\/v2\/posts\/1403","targetHints":{"allow":["GET"]}}],"collection":[{"href":"https:\/\/blogs.deia.eus\/desdeotramirada\/wp-json\/wp\/v2\/posts"}],"about":[{"href":"https:\/\/blogs.deia.eus\/desdeotramirada\/wp-json\/wp\/v2\/types\/post"}],"author":[{"embeddable":true,"href":"https:\/\/blogs.deia.eus\/desdeotramirada\/wp-json\/wp\/v2\/users\/35"}],"replies":[{"embeddable":true,"href":"https:\/\/blogs.deia.eus\/desdeotramirada\/wp-json\/wp\/v2\/comments?post=1403"}],"version-history":[{"count":4,"href":"https:\/\/blogs.deia.eus\/desdeotramirada\/wp-json\/wp\/v2\/posts\/1403\/revisions"}],"predecessor-version":[{"id":1409,"href":"https:\/\/blogs.deia.eus\/desdeotramirada\/wp-json\/wp\/v2\/posts\/1403\/revisions\/1409"}],"wp:attachment":[{"href":"https:\/\/blogs.deia.eus\/desdeotramirada\/wp-json\/wp\/v2\/media?parent=1403"}],"wp:term":[{"taxonomy":"category","embeddable":true,"href":"https:\/\/blogs.deia.eus\/desdeotramirada\/wp-json\/wp\/v2\/categories?post=1403"},{"taxonomy":"post_tag","embeddable":true,"href":"https:\/\/blogs.deia.eus\/desdeotramirada\/wp-json\/wp\/v2\/tags?post=1403"}],"curies":[{"name":"wp","href":"https:\/\/api.w.org\/{rel}","templated":true}]}}