{"id":1410,"date":"2020-05-24T21:16:29","date_gmt":"2020-05-24T19:16:29","guid":{"rendered":"http:\/\/blogs.deia.eus\/desdeotramirada\/?p=1410"},"modified":"2020-05-25T09:51:21","modified_gmt":"2020-05-25T07:51:21","slug":"the-new-york-time-sobrecoge-nuestros-corazones","status":"publish","type":"post","link":"https:\/\/blogs.deia.eus\/desdeotramirada\/2020\/05\/24\/the-new-york-time-sobrecoge-nuestros-corazones\/","title":{"rendered":"The New York Time, sobrecoge nuestros corazones"},"content":{"rendered":"\n<figure class=\"wp-block-image\"><img loading=\"lazy\" decoding=\"async\" width=\"753\" height=\"503\" src=\"https:\/\/blogs.deia.eus\/desdeotramirada\/files\/2020\/05\/nuevo-TIMES-YORK.jpg\" alt=\"\" class=\"wp-image-1411\" srcset=\"https:\/\/blogs.deia.eus\/desdeotramirada\/files\/2020\/05\/nuevo-TIMES-YORK.jpg 753w, https:\/\/blogs.deia.eus\/desdeotramirada\/files\/2020\/05\/nuevo-TIMES-YORK-580x387.jpg 580w\" sizes=\"auto, (max-width: 753px) 100vw, 753px\" \/><\/figure>\n\n\n\n<p>Cuanto pase la pandemia, quedar\u00e1n los recuerdos del confinamiento y algunas pocas portadas de peri\u00f3dicos. Acostumbrados a tratar a las v\u00edctimas como meros n\u00fameros, la edici\u00f3n impresa del 24 de mayo de&nbsp;<em>The New York Times<\/em>&nbsp;ha congelado los corazones al mostrar que todo n\u00famero tiene detr\u00e1s un nombre.<\/p>\n\n\n\n<p>De este modo, el rotativo estadounidense ha publicado una portada con algunos nombres de los fallecidos por covid-19 en EEUU, pa\u00eds arrasado por el virus.<\/p>\n\n\n\n<p> <strong>Es estimulante comprobar que los sentimientos son comunes a una y otra orilla del oc\u00e9ano <\/strong><\/p>\n\n\n\n<figure class=\"wp-block-image\"><img loading=\"lazy\" decoding=\"async\" width=\"940\" height=\"529\" src=\"https:\/\/blogs.deia.eus\/desdeotramirada\/files\/2020\/05\/COLUMNA-940x529.jpg\" alt=\"\" class=\"wp-image-1412\" srcset=\"https:\/\/blogs.deia.eus\/desdeotramirada\/files\/2020\/05\/COLUMNA-940x529.jpg 940w, https:\/\/blogs.deia.eus\/desdeotramirada\/files\/2020\/05\/COLUMNA-580x326.jpg 580w, https:\/\/blogs.deia.eus\/desdeotramirada\/files\/2020\/05\/COLUMNA-768x432.jpg 768w, https:\/\/blogs.deia.eus\/desdeotramirada\/files\/2020\/05\/COLUMNA.jpg 960w\" sizes=\"auto, (max-width: 940px) 100vw, 940px\" \/><\/figure>\n\n\n\n<p><a href=\"https:\/\/www.deia.eus\/opinion\/columnistas\/la-otra-mirada\/\">https:\/\/www.deia.eus\/opinion\/columnistas\/la-otra-mirada\/<\/a> <br><a href=\"https:\/\/www.deia.eus\/opinion\/columnistas\/la-otra-mirada\/2020\/04\/20\/fallecidos-son-cifras\/1032699.html\"><a href=\"https:\/\/www.deia.eus\/opinion\/columnistas\/la-otra-mirada\/2020\/04\/20\/fallecidos-son-cifras\/1032699.html\">https:\/\/www.deia.eus\/opinion\/columnistas\/la-otra-mirada\/2020\/04\/20\/fallecidos-son-cifras\/1032699.html<\/a><\/a><a href=\"https:\/\/www.deia.eus\/opinion\/columnistas\/la-otra-mirada\/2020\/04\/20\/fallecidos-son-cifras\/1032699.html\"> <\/a><\/p>\n<!-- AddThis Advanced Settings generic via filter on the_content --><!-- AddThis Share Buttons generic via filter on the_content -->","protected":false},"excerpt":{"rendered":"<p>Cuanto pase la pandemia, quedar\u00e1n los recuerdos del confinamiento y algunas pocas portadas de peri\u00f3dicos. Acostumbrados a tratar a las v\u00edctimas como meros n\u00fameros, la edici\u00f3n impresa del 24 de mayo de&nbsp;The New York Times&nbsp;ha congelado los corazones al mostrar que todo n\u00famero tiene detr\u00e1s un nombre. De este modo, el rotativo estadounidense ha publicado &hellip; <a href=\"https:\/\/blogs.deia.eus\/desdeotramirada\/2020\/05\/24\/the-new-york-time-sobrecoge-nuestros-corazones\/\" class=\"more-link\">Sigue leyendo <span class=\"screen-reader-text\">The New York Time, sobrecoge nuestros corazones<\/span><\/a><!-- AddThis Advanced Settings generic via filter on get_the_excerpt --><!-- AddThis Share Buttons generic via filter on get_the_excerpt --><\/p>\n","protected":false},"author":35,"featured_media":0,"comment_status":"open","ping_status":"open","sticky":false,"template":"","format":"standard","meta":{"footnotes":""},"categories":[1544],"tags":[],"class_list":["post-1410","post","type-post","status-publish","format-standard","hentry","category-sin-categoria"],"_links":{"self":[{"href":"https:\/\/blogs.deia.eus\/desdeotramirada\/wp-json\/wp\/v2\/posts\/1410","targetHints":{"allow":["GET"]}}],"collection":[{"href":"https:\/\/blogs.deia.eus\/desdeotramirada\/wp-json\/wp\/v2\/posts"}],"about":[{"href":"https:\/\/blogs.deia.eus\/desdeotramirada\/wp-json\/wp\/v2\/types\/post"}],"author":[{"embeddable":true,"href":"https:\/\/blogs.deia.eus\/desdeotramirada\/wp-json\/wp\/v2\/users\/35"}],"replies":[{"embeddable":true,"href":"https:\/\/blogs.deia.eus\/desdeotramirada\/wp-json\/wp\/v2\/comments?post=1410"}],"version-history":[{"count":2,"href":"https:\/\/blogs.deia.eus\/desdeotramirada\/wp-json\/wp\/v2\/posts\/1410\/revisions"}],"predecessor-version":[{"id":1414,"href":"https:\/\/blogs.deia.eus\/desdeotramirada\/wp-json\/wp\/v2\/posts\/1410\/revisions\/1414"}],"wp:attachment":[{"href":"https:\/\/blogs.deia.eus\/desdeotramirada\/wp-json\/wp\/v2\/media?parent=1410"}],"wp:term":[{"taxonomy":"category","embeddable":true,"href":"https:\/\/blogs.deia.eus\/desdeotramirada\/wp-json\/wp\/v2\/categories?post=1410"},{"taxonomy":"post_tag","embeddable":true,"href":"https:\/\/blogs.deia.eus\/desdeotramirada\/wp-json\/wp\/v2\/tags?post=1410"}],"curies":[{"name":"wp","href":"https:\/\/api.w.org\/{rel}","templated":true}]}}