{"id":1420,"date":"2020-05-26T10:46:15","date_gmt":"2020-05-26T08:46:15","guid":{"rendered":"http:\/\/blogs.deia.eus\/desdeotramirada\/?p=1420"},"modified":"2020-05-26T10:51:25","modified_gmt":"2020-05-26T08:51:25","slug":"nacen-los-premios-seio-fundacion-bbva-para-reconocer-las-aportaciones-cientificas-mas-innovadoras-e-influyentes-en-estadistica-e-investigacion-operativa","status":"publish","type":"post","link":"https:\/\/blogs.deia.eus\/desdeotramirada\/2020\/05\/26\/nacen-los-premios-seio-fundacion-bbva-para-reconocer-las-aportaciones-cientificas-mas-innovadoras-e-influyentes-en-estadistica-e-investigacion-operativa\/","title":{"rendered":"Nacen los Premios SEIO-Fundaci\u00f3n BBVA"},"content":{"rendered":"\n<p><\/p>\n\n\n\n<p><\/p>\n\n\n\n<p><strong>El objetivo de los galardones es reconocer las aportaciones cient\u00edficas m\u00e1s innovadoras e influyentes en estad\u00edstica e investigaci\u00f3n operativa  e  impulsar la proyecci\u00f3n de su trabajo a la sociedad<\/strong><\/p>\n\n\n\n<p><strong>Se conceder\u00e1n cinco premios, cada uno de ellos con una dotaci\u00f3n de 6.000 euros, en la modalidad de aportaciones cient\u00edficas pioneras e influyentes<\/strong><\/p>\n\n\n\n<p><strong>El plazo de presentaci\u00f3n de candidaturas para la convocatoria comienza hoy y permanecer\u00e1 abierto hasta el 30 de junio de 2020<\/strong><\/p>\n\n\n\n<figure class=\"wp-block-image\"><img loading=\"lazy\" decoding=\"async\" width=\"940\" height=\"626\" src=\"https:\/\/blogs.deia.eus\/desdeotramirada\/files\/2020\/05\/tPARA-LA-FUNDACI\u00d3N-BBVA-1-940x626.jpg\" alt=\"\" class=\"wp-image-1422\" srcset=\"https:\/\/blogs.deia.eus\/desdeotramirada\/files\/2020\/05\/tPARA-LA-FUNDACI\u00d3N-BBVA-1-940x626.jpg 940w, https:\/\/blogs.deia.eus\/desdeotramirada\/files\/2020\/05\/tPARA-LA-FUNDACI\u00d3N-BBVA-1-580x387.jpg 580w, https:\/\/blogs.deia.eus\/desdeotramirada\/files\/2020\/05\/tPARA-LA-FUNDACI\u00d3N-BBVA-1-768x512.jpg 768w, https:\/\/blogs.deia.eus\/desdeotramirada\/files\/2020\/05\/tPARA-LA-FUNDACI\u00d3N-BBVA-1.jpg 1280w\" sizes=\"auto, (max-width: 940px) 100vw, 940px\" \/><\/figure>\n\n\n\n<p><\/p>\n\n\n\n<p>Esta nueva convocatoria, fruto de la colaboraci\u00f3n de la Sociedad Espa\u00f1ola de Estad\u00edstica e Investigaci\u00f3n Operativa (SEIO) y la Fundaci\u00f3n BBVA, se suma a los premios que entrega anualmente la Fundaci\u00f3n BBVA con la Real Sociedad Espa\u00f1ola de F\u00edsica (RSEF), la Real Sociedad Matem\u00e1tica Espa\u00f1ola (RSME) y la Sociedad Cient\u00edfica Inform\u00e1tica de Espa\u00f1a (SCIE) para reconocer la investigaci\u00f3n avanzada y el talento en cada una de estas disciplinas<\/p>\n\n\n\n<p>La Fundaci\u00f3n BBVA y la Sociedad de Estad\u00edstica e Investigaci\u00f3n Operativa (SEIO) han convocado la primera edici\u00f3n de los Premios SEIO-Fundaci\u00f3n BBVA, <strong>para reconocer las aportaciones cient\u00edficas m\u00e1s innovadoras e influyentes en estas dos disciplinas de excepcional relevancia en la era del Big Data y la Inteligencia Artificial<\/strong>. Los nuevos galardones nacen con el objetivo de incentivar el trabajo de los mejores investigadores en estas \u00e1reas y de impulsar, a trav\u00e9s de ellos, la proyecci\u00f3n de esas dos disciplinas al conjunto de la sociedad.<\/p>\n\n\n\n<p>\u201cEstos premios llegan en un momento extraordinario para la Estad\u00edstica y la Investigaci\u00f3n Operativa en Espa\u00f1a\u201d, afirma el profesor Jes\u00fas L\u00f3pez Fidalgo, director del Instituto de Ciencia de los Datos e Inteligencia Artificial de la Universidad de Navarra y presidente de la SEIO. \u201cEn los \u00faltimos a\u00f1os, ambos campos han tenido un crecimiento enorme en nuestro pa\u00eds, y por eso, ahora que sus comunidades de investigadores est\u00e1n muy consolidadas, con una relevancia internacional importante, estamos en un momento id\u00f3neo para premiar sus aportaciones cient\u00edficas\u201d.<\/p>\n\n\n\n<p>En esta primera convocatoria se conceder\u00e1n cinco premios, cada uno de ellos con una dotaci\u00f3n de 6.000<\/p>\n\n\n\n<p>euros, todos en la modalidad de aportaciones pioneras e influyentes a la investigaci\u00f3n en Estad\u00edstica e Investigaci\u00f3n Operativa. Los galardones est\u00e1n dirigidos a investigadores de nacionalidad espa\u00f1ola, o de otra nacionalidad, que hayan realizado su trabajo de investigaci\u00f3n en una universidad o centro cient\u00edfico de nuestro pa\u00eds. Podr\u00e1n ser concedidos tambi\u00e9n a investigadores de cualquier nacionalidad por contribuciones desarrolladas en colaboraci\u00f3n con uno o m\u00e1s investigadores espa\u00f1oles.<\/p>\n\n\n\n<p>El plazo de presentaci\u00f3n de candidaturas para esta convocatoria comienza hoy y permanecer\u00e1 abierto hasta el 30 de junio de 2020. Las bases, el impreso de solicitud y toda la documentaci\u00f3n sobre los premios est\u00e1n disponibles en las p\u00e1ginas web de la Fundaci\u00f3n BBVA y de la SEIO.<\/p>\n\n\n\n<p><strong>Dos disciplinas que est\u00e1n \u201cde moda\u201d, pero siguen siendo \u201cmuy desconocidas\u201d<\/strong><\/p>\n\n\n\n<p>\u201cLa Estad\u00edstica se ocupa del an\u00e1lisis de datos, del ajuste de modelos matem\u00e1ticos a la realidad, mientras que el objetivo de la Investigaci\u00f3n Operativa es optimizar la toma de decisiones. Ambas disciplinas van de la mano y ahora est\u00e1n en la cresta de la ola por el auge del Big Data y la Inteligencia Artificial\u201d, explica L\u00f3pez Fidalgo. \u201cSin embargo, aunque est\u00e9n de moda, la realidad es que siguen siendo disciplinas muy desconocidas por la sociedad\u201d.<\/p>\n\n\n\n<p>Seg\u00fan el presidente de la SEIO, a diferencia de \u00e1reas cient\u00edficas como la medicina, \u201csobre las que m\u00e1s o menos todo el mundo tiene una idea clara de lo que hace y para qu\u00e9 sirve\u201d, en el caso de la estad\u00edstica y la investigaci\u00f3n operativa, \u201cla mayor parte de la sociedad no tiene una perspectiva clara de lo que hacen\u201d. Por este motivo, L\u00f3pez Fidalgo considera \u201cmuy importante que, adem\u00e1s de reconocer e incentivar la excelencia, se pueda dar visibilidad social a los investigadores en estas disciplinas a trav\u00e9s de estos nuevos premios\u201d.<\/p>\n\n\n\n<p>Para el presidente de la SEIO, la trascendencia de la estad\u00edstica ha quedado patente estos d\u00edas en el gran esfuerzo que est\u00e1 realizando la comunidad cient\u00edfica en todo el planeta ante el desaf\u00edo de la Covid-19: \u201cEl problema del coronavirus se est\u00e1 abordando desde m\u00faltiples campos cient\u00edficos, y en casi todos hay un soporte estad\u00edstico. Por ejemplo, la famosa curva de contagios, con la que se pueden hacer predicciones sobre la evoluci\u00f3n de la pandemia y planificar las fases de la desescalada, procede de modelos matem\u00e1ticos que se ajustan con procedimientos estad\u00edsticos\u201d.<\/p>\n\n\n\n<p>Pero pese a su papel crucial como herramienta de an\u00e1lisis cient\u00edfico, y al hecho de que est\u00e1 en la base de casi toda la tecnolog\u00eda que nos rodea en la vida cotidiana, la realidad es que la mayor parte de la sociedad no es consciente de ello. \u201cBasta fijarse en el m\u00f3vil\u201d, se\u00f1ala L\u00f3pez Fidalgo. \u201cMuchas de las aplicaciones que utilizamos de modo continuado llevan modelos estad\u00edsticos por detr\u00e1s y algoritmos de optimizaci\u00f3n, que son capaces de hacer predicciones y lograr que funcione. Otro ejemplo es cualquier buscador de internet, que lleva detr\u00e1s modelos estad\u00edsticos capaces de perfilar y de ofrecer a las<\/p>\n\n\n\n<p>personas lo que les interesa, en vez de informaci\u00f3n irrelevante. Esto solo es posible gracias a modelos estad\u00edsticos capaces de clasificar y predecir, pero para la mayor\u00eda de las personas esto queda totalmente oculto\u201d. Precisamente por ello, teniendo en cuenta la enorme brecha que existe entre la importancia de la estad\u00edstica en el mundo actual, y el poco conocimiento que tiene la sociedad sobre esta disciplina, el presidente de la SEIO espera que estos galardones puedan contribuir a \u201cllenar el vac\u00edo de conocimiento sobre este campo en la cultura general de nuestra sociedad\u201d.<\/p>\n\n\n\n<p><strong>Un campo imprescindible en la era del \u2018Big Data\u2019 y la Inteligencia Artificial<\/strong><\/p>\n\n\n\n<p>Por su parte, Rafael Pardo, director de la Fundaci\u00f3n BBVA, ha se\u00f1alado, con motivo del lanzamiento de estos galardones, que \u201clos modelos y herramientas estad\u00edsticas son parte esencial de la estructura de numerosas disciplinas cient\u00edficas y campos de la pr\u00e1ctica econ\u00f3mica y social, que perder\u00edan su sentido o se derrumbar\u00edan por completo de no contar con el armaz\u00f3n formal de la Estad\u00edstica\u201d.<\/p>\n\n\n\n<p>\u201cEn interacci\u00f3n y \u2018di\u00e1logo\u2019 con los problemas y necesidades de otras \u00e1reas cient\u00edficas, desde la Biolog\u00eda, la Ecolog\u00eda y la Biomedicina a la Econom\u00eda, la Psicolog\u00eda y la Sociolog\u00eda, la Estad\u00edstica se ha transformado en extensi\u00f3n y profundidad en las \u00faltimas d\u00e9cadas\u201d, ha recalcado Pardo. \u201cLa ubicuidad de potentes ordenadores, la explosi\u00f3n en la captura masiva de datos (cuantitativos y cualitativos) en todos los dominios, desde la propia ciencia y la medicina al comportamiento social y el funcionamiento de los ecosistemas, que conocemos como \u2018Big Data\u2019, y los nuevos desarrollos de la Inteligencia Artificial confluyen en hacer imprescindible y, al tiempo, impulsar el desarrollo de la Estad\u00edstica\u201d.<\/p>\n\n\n\n<p>\u201cEn paralelo al crecimiento cient\u00edfico de la Estad\u00edstica y la IO, todas las profesiones y numerosos trabajos exigen hoy versatilidad en el an\u00e1lisis de datos y procesos con las herramientas y conceptos de estas disciplinas. Y la sociedad toda precisa, m\u00e1s que nunca, de un cierto nivel de familiaridad con el modo de an\u00e1lisis de esas disciplinas para buscar el sentido e interpretar la actual explosi\u00f3n de datos e informaci\u00f3n, as\u00ed como para orientar la toma de decisiones personales. La Estad\u00edstica y la IO son extraordinariamente \u00fatiles y, adem\u00e1s, apasionantes en s\u00ed mismas como campos de la ciencia. Esperamos que estos nuevos premios contribuyan a trasladar a la sociedad los logros de nuestra amplia y diversa comunidad de investigadores e interesar y familiarizar a todos, y especialmente a los j\u00f3venes de la sociedad digital, con el modo de pensar y ver el mundo con la poderosa lente de la Estad\u00edstica y la IO\u201d, ha concluido el director de la Fundaci\u00f3n BBVA.<\/p>\n\n\n\n<p><strong>Reconocimiento del talento cient\u00edfico<\/strong><\/p>\n\n\n\n<p>Esta nueva convocatoria se suma a las iniciativas para el reconocimiento del talento que la Fundaci\u00f3n BBVA lleva impulsando desde hace m\u00e1s de una d\u00e9cada en colaboraci\u00f3n con sociedades cient\u00edficas emblem\u00e1ticas, como los Premios de F\u00edsica concedidos con la Real Sociedad Espa\u00f1ola de F\u00edsica (RSEF); los<\/p>\n\n\n\n<p>Premios de Investigaci\u00f3n Matem\u00e1tica Vicent Caselles, con la Real Sociedad de Matem\u00e1tica Espa\u00f1ola (RSME); y los Premios de Investigaci\u00f3n con la Sociedad Cient\u00edfica Inform\u00e1tica de Espa\u00f1a (SCIE), todos ellos con el objetivo de reconocer e incentivar la labor de los mejores investigadores en cada una de estas disciplinas, as\u00ed como de difundir su trabajo a la sociedad.<\/p>\n\n\n\n<p>La SEIO tambi\u00e9n ha abierto el plazo para la presentaci\u00f3n de candidaturas a las Medallas de la SEIO, que ser\u00e1n concedidas a dos miembros de la sociedad de Estad\u00edstica e Investigaci\u00f3n Operativa, con una antig\u00fcedad de, al menos, quince a\u00f1os y contribuciones particularmente relevantes.<\/p>\n<!-- AddThis Advanced Settings generic via filter on the_content --><!-- AddThis Share Buttons generic via filter on the_content -->","protected":false},"excerpt":{"rendered":"<p>El objetivo de los galardones es reconocer las aportaciones cient\u00edficas m\u00e1s innovadoras e influyentes en estad\u00edstica e investigaci\u00f3n operativa e impulsar la proyecci\u00f3n de su trabajo a la sociedad Se conceder\u00e1n cinco premios, cada uno de ellos con una dotaci\u00f3n de 6.000 euros, en la modalidad de aportaciones cient\u00edficas pioneras e influyentes El plazo de &hellip; <a href=\"https:\/\/blogs.deia.eus\/desdeotramirada\/2020\/05\/26\/nacen-los-premios-seio-fundacion-bbva-para-reconocer-las-aportaciones-cientificas-mas-innovadoras-e-influyentes-en-estadistica-e-investigacion-operativa\/\" class=\"more-link\">Sigue leyendo <span class=\"screen-reader-text\">Nacen los Premios SEIO-Fundaci\u00f3n BBVA<\/span><\/a><!-- AddThis Advanced Settings generic via filter on get_the_excerpt --><!-- AddThis Share Buttons generic via filter on get_the_excerpt --><\/p>\n","protected":false},"author":35,"featured_media":0,"comment_status":"open","ping_status":"open","sticky":false,"template":"","format":"standard","meta":{"footnotes":""},"categories":[1544],"tags":[],"class_list":["post-1420","post","type-post","status-publish","format-standard","hentry","category-sin-categoria"],"_links":{"self":[{"href":"https:\/\/blogs.deia.eus\/desdeotramirada\/wp-json\/wp\/v2\/posts\/1420","targetHints":{"allow":["GET"]}}],"collection":[{"href":"https:\/\/blogs.deia.eus\/desdeotramirada\/wp-json\/wp\/v2\/posts"}],"about":[{"href":"https:\/\/blogs.deia.eus\/desdeotramirada\/wp-json\/wp\/v2\/types\/post"}],"author":[{"embeddable":true,"href":"https:\/\/blogs.deia.eus\/desdeotramirada\/wp-json\/wp\/v2\/users\/35"}],"replies":[{"embeddable":true,"href":"https:\/\/blogs.deia.eus\/desdeotramirada\/wp-json\/wp\/v2\/comments?post=1420"}],"version-history":[{"count":2,"href":"https:\/\/blogs.deia.eus\/desdeotramirada\/wp-json\/wp\/v2\/posts\/1420\/revisions"}],"predecessor-version":[{"id":1424,"href":"https:\/\/blogs.deia.eus\/desdeotramirada\/wp-json\/wp\/v2\/posts\/1420\/revisions\/1424"}],"wp:attachment":[{"href":"https:\/\/blogs.deia.eus\/desdeotramirada\/wp-json\/wp\/v2\/media?parent=1420"}],"wp:term":[{"taxonomy":"category","embeddable":true,"href":"https:\/\/blogs.deia.eus\/desdeotramirada\/wp-json\/wp\/v2\/categories?post=1420"},{"taxonomy":"post_tag","embeddable":true,"href":"https:\/\/blogs.deia.eus\/desdeotramirada\/wp-json\/wp\/v2\/tags?post=1420"}],"curies":[{"name":"wp","href":"https:\/\/api.w.org\/{rel}","templated":true}]}}