{"id":1425,"date":"2020-05-27T11:46:12","date_gmt":"2020-05-27T09:46:12","guid":{"rendered":"http:\/\/blogs.deia.eus\/desdeotramirada\/?p=1425"},"modified":"2020-05-27T11:46:14","modified_gmt":"2020-05-27T09:46:14","slug":"la-atencion-primaria-estaba-esta-y-se-la-espera","status":"publish","type":"post","link":"https:\/\/blogs.deia.eus\/desdeotramirada\/2020\/05\/27\/la-atencion-primaria-estaba-esta-y-se-la-espera\/","title":{"rendered":"La Atenci\u00f3n Primaria, estaba, est\u00e1&#8230; y se la espera"},"content":{"rendered":"\n<p>Posicionamiento del Colegio de M\u00e9dicos de Bizkaia, que reconoce que a partir ahora, la presi\u00f3n asistencial y emocional en la AP \u00abser\u00e1 brutal\u00bb<\/p>\n\n\n\n<p><\/p>\n\n\n\n<figure class=\"wp-block-image\"><img loading=\"lazy\" decoding=\"async\" width=\"940\" height=\"604\" src=\"https:\/\/blogs.deia.eus\/desdeotramirada\/files\/2020\/05\/thumbnail_oskar-cosme-colegio-me21544544-1-940x604.jpg\" alt=\"\" class=\"wp-image-1426\" srcset=\"https:\/\/blogs.deia.eus\/desdeotramirada\/files\/2020\/05\/thumbnail_oskar-cosme-colegio-me21544544-1-940x604.jpg 940w, https:\/\/blogs.deia.eus\/desdeotramirada\/files\/2020\/05\/thumbnail_oskar-cosme-colegio-me21544544-1-580x372.jpg 580w, https:\/\/blogs.deia.eus\/desdeotramirada\/files\/2020\/05\/thumbnail_oskar-cosme-colegio-me21544544-1-768x493.jpg 768w, https:\/\/blogs.deia.eus\/desdeotramirada\/files\/2020\/05\/thumbnail_oskar-cosme-colegio-me21544544-1.jpg 1280w\" sizes=\"auto, (max-width: 940px) 100vw, 940px\" \/><\/figure>\n\n\n\n<p>El Colegio de M\u00e9dicos de Bizkaia\u00a0 ha realizado un documento \u00abLa Atenci\u00f3n Primaria, estaba, est\u00e1\u2026y se la espera\u00bb en el que se posiciona sobre la situaci\u00f3n actual de la atenci\u00f3n primaria y el reto al que tendr\u00e1n que hacer frente tras pasar los momentos m\u00e1s duros de la pandemia provocada por el coronavirus.<\/p>\n\n\n\n<p>En el mismo, sostienen como en el inicio,&nbsp; la brusquedad de la propagaci\u00f3n de la epidemia, el desconocimiento del comportamiento del virus, el elevado n\u00famero de pacientes que cursaban con cuadros graves que obligaban al ingreso en los hospitales, en las UCI, \u00ablos fallecimientos\u2026 hicieron que, l\u00f3gicamente, el foco se centrara en el \u00e1mbito hospitalario donde los m\u00e9dicos y las m\u00e9dicas, y todo el personal sanitario, se esforzaban y daban todo de s\u00ed con jornadas interminables; con ansiedad porque algunos y algunas pacientes evolucionaban mal porque no estaba claro cu\u00e1l era realmente la fisiopatolog\u00eda de las complicaciones; porque no estaba claro cu\u00e1l era el tratamiento m\u00e1s adecuado; porque la precariedad de los equipos de protecci\u00f3n les hac\u00eda temer por su salud, incluso por su vida, y la angustia a\u00f1adida de pensar que pod\u00edan poner en riesgo a su familia al volver, reventados, a casa. Temor bien fundado, ya que son m\u00e1s de 50 las m\u00e9dicas y los m\u00e9dicos en activo fallecidos por COVID-19 en todo el Estado\u00bb, explican<\/p>\n\n\n\n<p>Mientras esto suced\u00eda, contin\u00faan se\u00f1alando desde la organizaci\u00f3n colegial, en el entorno hospitalario, las m\u00e9dicas y los m\u00e9dicos de Atenci\u00f3n Primaria, tambi\u00e9n precariamente equipados, en un sistema sanitario inicialmente desorientado intentaban hacer de muro de contenci\u00f3n en el flujo de pacientes hacia el hospital informando, aconsejando, aclarando dudas y tranquilizando a las personas que, atendiendo a las recomendaciones del momento, se pon\u00edan en contacto telef\u00f3nico con su centro de salud. Pero, \u00bfah\u00ed terminaba la implicaci\u00f3n de las y los especialistas de Familia y de Pediatr\u00eda?\u2026 No.<\/p>\n\n\n\n<p>Adem\u00e1s, \u00abatend\u00edan a personas enfermas con s\u00edntomas respiratorios en los centros que se han venido a llamar \u00absucios\u00bb, algunas positivas en COVID-19 y otras no, pero siempre sospechosas. Acud\u00edan a los domicilios de pacientes con el mismo perfil sintom\u00e1tico, poni\u00e9ndose y quit\u00e1ndose los elementos de protecci\u00f3n de los que dispon\u00edan, a veces en el descansillo de la vivienda. Y ellos y ellas, tambi\u00e9n, como sus colegas del hospital, con sus angustias y sus miedos, pero con una entrega y una profesionalidad encomiables. Pero menos visible\u00bb, indican desde el Colegio.<\/p>\n\n\n\n<p>Y junto a esta crisis epid\u00e9mica, segu\u00edan atendiendo los casos agudos que se les presentaban porque la epidemia no ha eliminado el resto de los problemas de salud de la poblaci\u00f3n, que siguen estando ah\u00ed.<\/p>\n\n\n\n<p><strong>Protagonismo de la atenci\u00f3n primaria<\/strong><\/p>\n\n\n\n<p>Reconocen que una&nbsp; vez atemperada la epidemia, con la disminuci\u00f3n de los contagios, de los ingresos hospitalarios, de los fallecimientos, es cuando m\u00e1s protagonismo va a cobrar la Atenci\u00f3n Primaria mediante la detecci\u00f3n de nuevos casos y de sus contactos y del seguimiento de su curso cl\u00ednico.<\/p>\n\n\n\n<p>\u00abEl virus sigue estando ah\u00ed fuera y va a seguir habiendo contagios con casos asintom\u00e1ticos, leves, graves, muy graves y alg\u00fan fallecimiento. Es trabajo de toda la sociedad, profesionales de la salud o no, conseguir que todos esos casos sean los menos posibles en tanto en cuanto no dispongamos de una vacuna que consiga un grado de inmunidad suficiente, personal y colectivamente. Es una responsabilidad individual de cada una y cada uno de nosotros\u00bb, explican.<\/p>\n\n\n\n<p>Por eso, son conscientes de que a&nbsp; partir de este momento, la carga emocional y asistencial de la AP va a ser brutal al sumarse: la detecci\u00f3n y control de casos y contactos por el SARS-COV2; la patolog\u00eda aguda del momento; el control de pacientes en situaci\u00f3n de cronicidad del momento; los problemas de salud que, por demorables, han sido demorados; el control de pacientes con patolog\u00edas cr\u00f3nicas que se han soslayado durante estos meses de epidemia; la adaptaci\u00f3n a los nuevos escenarios como son las consultas telef\u00f3nicas (delicadas armas de doble filo); la adaptaci\u00f3n a los continuos cambios en protocolos y procedimientos; la contenci\u00f3n y adecuaci\u00f3n de la incesante demanda de pruebas por parte de los y las pacientes ante las incertidumbres generadas por la pandemia, \u2026y m\u00e1s.<\/p>\n\n\n\n<p>Y todo esto, tal y como sostienen,&nbsp; al margen de un posible rebrote y un nuevo pico epid\u00e9mico que obligar\u00eda de nuevo a priorizar su contenci\u00f3n. En este sentido, reconocen que la&nbsp; Atenci\u00f3n Primaria, \u00abpuerta de entrada\u00bb al sistema sanitario, es la herramienta capaz de una detecci\u00f3n precoz de s\u00edntomas que, junto a su habitual labor de prevenci\u00f3n y promoci\u00f3n de h\u00e1bitos saludables, de control y seguimiento longitudinal de los procesos, \u00abva a ser determinante para ayudar a romper la cadena de contagios convirti\u00e9ndose en el pilar sanitario esencial para evitar situaciones que nadie quiere revivir\u00bb.<\/p>\n<!-- AddThis Advanced Settings generic via filter on the_content --><!-- AddThis Share Buttons generic via filter on the_content -->","protected":false},"excerpt":{"rendered":"<p>Posicionamiento del Colegio de M\u00e9dicos de Bizkaia, que reconoce que a partir ahora, la presi\u00f3n asistencial y emocional en la AP \u00abser\u00e1 brutal\u00bb El Colegio de M\u00e9dicos de Bizkaia\u00a0 ha realizado un documento \u00abLa Atenci\u00f3n Primaria, estaba, est\u00e1\u2026y se la espera\u00bb en el que se posiciona sobre la situaci\u00f3n actual de la atenci\u00f3n primaria y &hellip; <a href=\"https:\/\/blogs.deia.eus\/desdeotramirada\/2020\/05\/27\/la-atencion-primaria-estaba-esta-y-se-la-espera\/\" class=\"more-link\">Sigue leyendo <span class=\"screen-reader-text\">La Atenci\u00f3n Primaria, estaba, est\u00e1&#8230; y se la espera<\/span><\/a><!-- AddThis Advanced Settings generic via filter on get_the_excerpt --><!-- AddThis Share Buttons generic via filter on get_the_excerpt --><\/p>\n","protected":false},"author":35,"featured_media":0,"comment_status":"open","ping_status":"open","sticky":false,"template":"","format":"standard","meta":{"footnotes":""},"categories":[1544],"tags":[],"class_list":["post-1425","post","type-post","status-publish","format-standard","hentry","category-sin-categoria"],"_links":{"self":[{"href":"https:\/\/blogs.deia.eus\/desdeotramirada\/wp-json\/wp\/v2\/posts\/1425","targetHints":{"allow":["GET"]}}],"collection":[{"href":"https:\/\/blogs.deia.eus\/desdeotramirada\/wp-json\/wp\/v2\/posts"}],"about":[{"href":"https:\/\/blogs.deia.eus\/desdeotramirada\/wp-json\/wp\/v2\/types\/post"}],"author":[{"embeddable":true,"href":"https:\/\/blogs.deia.eus\/desdeotramirada\/wp-json\/wp\/v2\/users\/35"}],"replies":[{"embeddable":true,"href":"https:\/\/blogs.deia.eus\/desdeotramirada\/wp-json\/wp\/v2\/comments?post=1425"}],"version-history":[{"count":1,"href":"https:\/\/blogs.deia.eus\/desdeotramirada\/wp-json\/wp\/v2\/posts\/1425\/revisions"}],"predecessor-version":[{"id":1427,"href":"https:\/\/blogs.deia.eus\/desdeotramirada\/wp-json\/wp\/v2\/posts\/1425\/revisions\/1427"}],"wp:attachment":[{"href":"https:\/\/blogs.deia.eus\/desdeotramirada\/wp-json\/wp\/v2\/media?parent=1425"}],"wp:term":[{"taxonomy":"category","embeddable":true,"href":"https:\/\/blogs.deia.eus\/desdeotramirada\/wp-json\/wp\/v2\/categories?post=1425"},{"taxonomy":"post_tag","embeddable":true,"href":"https:\/\/blogs.deia.eus\/desdeotramirada\/wp-json\/wp\/v2\/tags?post=1425"}],"curies":[{"name":"wp","href":"https:\/\/api.w.org\/{rel}","templated":true}]}}