{"id":1430,"date":"2020-05-30T14:14:02","date_gmt":"2020-05-30T12:14:02","guid":{"rendered":"http:\/\/blogs.deia.eus\/desdeotramirada\/?p=1430"},"modified":"2020-05-30T14:20:14","modified_gmt":"2020-05-30T12:20:14","slug":"esclerosis-multiple-la-esperanza-esta-en-la-ciencia","status":"publish","type":"post","link":"https:\/\/blogs.deia.eus\/desdeotramirada\/2020\/05\/30\/esclerosis-multiple-la-esperanza-esta-en-la-ciencia\/","title":{"rendered":"Esclerosis m\u00faltiple, la esperanza est\u00e1 en la ciencia"},"content":{"rendered":"\n<p><strong>Esta enfermedad neurol\u00f3gica, que afecta a j\u00f3venes\/adultos y m\u00e1s a mujeres, es uno de los ejemplos de los grandes avances en la I+D en medicamentos, aunque todav\u00eda queda mucho camino por recorrer<\/strong><\/p>\n\n\n\n<h3 class=\"wp-block-heading\"><\/h3>\n\n\n\n<figure class=\"wp-block-image\"><img loading=\"lazy\" decoding=\"async\" width=\"835\" height=\"480\" src=\"https:\/\/blogs.deia.eus\/desdeotramirada\/files\/2020\/05\/esclerosis-multiple.jpg\" alt=\"\" class=\"wp-image-1431\" srcset=\"https:\/\/blogs.deia.eus\/desdeotramirada\/files\/2020\/05\/esclerosis-multiple.jpg 835w, https:\/\/blogs.deia.eus\/desdeotramirada\/files\/2020\/05\/esclerosis-multiple-580x333.jpg 580w, https:\/\/blogs.deia.eus\/desdeotramirada\/files\/2020\/05\/esclerosis-multiple-768x441.jpg 768w\" sizes=\"auto, (max-width: 835px) 100vw, 835px\" \/><\/figure>\n\n\n\n<p><strong>Las compa\u00f1\u00edas farmac\u00e9uticas recuerdan en el D\u00eda Mundial de la EM, que se conmemora hoy s\u00e1bado 30 de mayo, que tienen hoy 40 medicamentos en desarrollo para esta patolog\u00eda.<\/strong><\/p>\n\n\n\n<p><strong>Los expertos recuerdan que la revoluci\u00f3n farmacol\u00f3gica iniciada hace tres d\u00e9cadas ha transformado la vida de los pacientes, pero no se detiene para combatir la enfermedad neurol\u00f3gica m\u00e1s incapacitante entre los j\u00f3venes.<\/strong><\/p>\n\n\n\n<p><\/p>\n\n\n\n<p>Hay patolog\u00edas que han vivido una revoluci\u00f3n en su abordaje en los \u00faltimos a\u00f1os gracias a los&nbsp;<strong>avances en la investigaci\u00f3n biom\u00e9dica<\/strong>, que han dado como fruto nuevas opciones terap\u00e9uticas para enfermedades que, de momento, no tienen cura. La&nbsp;<strong>esclerosis m\u00faltiple<\/strong> (EM) es un claro ejemplo de ellas.<\/p>\n\n\n\n<p>Se trata de una dolencia de causa desconocida, caracterizada por m\u00faltiples lesiones en el sistema nervioso central. Generalmente se inicia<strong>&nbsp;entre los 20 y los 40 a\u00f1os<\/strong>, y llega a ser la segunda causa de incapacidad entre los j\u00f3venes, s\u00f3lo por detr\u00e1s de los accidentes de tr\u00e1fico. Su incidencia es especialmente significativa en las mujeres \u2013tres afectadas por cada hombre- y&nbsp;<strong>en el Estado  la padecen unas 55.000 personas<\/strong>, 770.000 en Europa y alrededor de 2,5 millones en todo el mundo, seg\u00fan&nbsp;<a href=\"https:\/\/www.esclerosismultiple.com\/esclerosis-multiple\/que-es\/\">las cifras que maneja Esclerosis M\u00faltiple Espa\u00f1a<\/a>&nbsp;(EME).<\/p>\n\n\n\n<p>Algunos de los&nbsp;<strong>s\u00edntomas<\/strong>&nbsp;m\u00e1s frecuentes son debilidad muscular, hormigueo, poca coordinaci\u00f3n, fatiga, p\u00e9rdidas de equilibrio, alteraciones visuales, temblor, rigidez muscular, trastornos intestinales o urinarios, trastornos de la funci\u00f3n sexual, sensibilidad al calor y alteraciones de la memoria. Pero&nbsp;<strong>no todas las personas que la padecen los desarrollan<\/strong>&nbsp;y en otras pueden aparecer otros, cursando de manera distinta en cada paciente, por lo que tambi\u00e9n se la conoce como&nbsp;<em>la enfermedad de las mil caras<\/em>.<\/p>\n\n\n\n<p>Seg\u00fan destacan los especialistas, la llegada en <strong>1995 del primer f\u00e1rmaco<\/strong>\u00a0para tratar esta enfermedad fue el paso inicial para la carrera de fondo que est\u00e1 viviendo la investigaci\u00f3n farmacol\u00f3gica en este campo. Los avances que se han producido desde entonces han propiciado que tanto profesionales sanitarios como pacientes dispongan hoy de un amplio arsenal de nuevos medicamentos destinados a\u00a0<strong>retrasar la progresi\u00f3n de EM, prevenir reca\u00eddas y controlar los s\u00edntomas de manera efectiva.<\/strong><\/p>\n\n\n\n<p>Pero la innovaci\u00f3n no se ha quedado ah\u00ed, sino que, tal y como explican <strong>desde Farmaindustria<\/strong>, las compa\u00f1\u00edas farmac\u00e9uticas han hecho un esfuerzo para que estos f\u00e1rmacos sean cada vez <strong>m\u00e1s eficaces, seguros y f\u00e1ciles de usar<\/strong>, lo que implica una mejora del cumplimiento de los tratamientos por parte de los pacientes. Seg\u00fan las \u00faltimas cifras que maneja la patronal americana de la industria farmac\u00e9utica, Pharma, <a href=\"https:\/\/phrma.org\/Gallery\/multiple-sclerosis-expanded-treatment-options-improve-outcomes-for-a-disabling-chronic-condition\">hay 40 medicamentos en desarrollo<\/a>\u00a0para tratar la EM, que ofrecen una oportunidad a\u00fan mayor de transformar las opciones de tratamiento. En nuestro pa\u00eds, el\u00a0<a rel=\"noreferrer noopener\" href=\"https:\/\/reec.aemps.es\/reec\/public\/web.html\" target=\"_blank\">Registro Espa\u00f1ol de Estudios Cl\u00ednicos<\/a>\u00a0(REEC) \u2013impulsado por la Agencia Espa\u00f1ola de Medicamentos y Productos Sanitarios (Aemps)- constata esta importante apuesta por la investigaci\u00f3n en esta enfermedad: hay\u00a0<strong>69 ensayos cl\u00ednicos en marcha en centros espa\u00f1oles<\/strong>.<\/p>\n\n\n\n<p>Los&nbsp;<strong>f\u00e1rmacos inmunomoduladores<\/strong>&nbsp;parecen constituir la alternativa terap\u00e9utica m\u00e1s eficaz de que se dispone actualmente. Estos f\u00e1rmacos consiguen reducir los brotes de la enfermedad en n\u00famero y gravedad, y retrasan su progresi\u00f3n. Aunque tambi\u00e9n se trabaja en&nbsp;<strong>medicamentos neuroprotectores, neurorreparadores o c\u00e9lulas madre<\/strong>.<\/p>\n\n\n\n<p>Actualmente, la investigaci\u00f3n desde los laboratorios se ha enfocado a satisfacer las necesidades de pacientes con la<strong>&nbsp;forma progresiva de EM<\/strong>, la menos prevalente de los tipos que existen (la m\u00e1s frecuente es la esclerosis m\u00faltiple recurrente-remitente, que tiene una incidencia del 85%). Un ejemplo de esta investigaci\u00f3n son los&nbsp;<strong>anticuerpos<\/strong>&nbsp;dirigidos a una prote\u00edna involucrada en esta patolog\u00eda que inhibe la producci\u00f3n de mielina, y que demuestran un potencial significativo para todos los pacientes afectados por esclerosis m\u00faltiple, incluidos los diagnosticados con la forma progresiva de la enfermedad.<\/p>\n\n\n\n<p>En opini\u00f3n del neur\u00f3logo Miguel \u00c1ngel Llaneza, jefe de la secci\u00f3n de Neurolog\u00eda del Complejo Hospitalario Universitario de Ferrol y coordinador del grupo de estudio de enfermedades desmielinizantes de la <a href=\"http:\/\/www.sen.es\/\">Sociedad Espa\u00f1ola de Neurolog\u00eda&nbsp;<\/a>(SEN), en el&nbsp;<a href=\"https:\/\/www.farmaindustria.es\/web\/prensa\/notas-de-prensa\/2019\/05\/28\/lo-impredecible-de-la-enfermedad-y-el-avance-en-los-tratamientos-centran-el-dialogo-medico-paciente-sobre-esclerosis-multiple\/\">cap\u00edtulo sobre esclerosis m\u00faltiple&nbsp;de la serie&nbsp;Di\u00e1logos M\u00e9dico-Paciente<\/a>, los avances de los \u00faltimos a\u00f1os han permitido a los neur\u00f3logos<strong>&nbsp;adaptar mucho el tratamiento a cada paciente<\/strong>. \u201cY con la diversificaci\u00f3n de los f\u00e1rmacos disponibles en este momento y de los que van a venir vamos a tener f\u00e1rmacos nuevos sobre todo para las formas muy inflamatorias de la enfermedad y con mejores perfiles de seguridad. Yo creo que&nbsp;<strong>el panorama es muy alentador&nbsp;<\/strong>y que les podemos dar esperanza a nuestros pacientes\u201d.<br><\/p>\n\n\n\n<p><\/p>\n<!-- AddThis Advanced Settings generic via filter on the_content --><!-- AddThis Share Buttons generic via filter on the_content -->","protected":false},"excerpt":{"rendered":"<p>Esta enfermedad neurol\u00f3gica, que afecta a j\u00f3venes\/adultos y m\u00e1s a mujeres, es uno de los ejemplos de los grandes avances en la I+D en medicamentos, aunque todav\u00eda queda mucho camino por recorrer Las compa\u00f1\u00edas farmac\u00e9uticas recuerdan en el D\u00eda Mundial de la EM, que se conmemora hoy s\u00e1bado 30 de mayo, que tienen hoy 40 &hellip; <a href=\"https:\/\/blogs.deia.eus\/desdeotramirada\/2020\/05\/30\/esclerosis-multiple-la-esperanza-esta-en-la-ciencia\/\" class=\"more-link\">Sigue leyendo <span class=\"screen-reader-text\">Esclerosis m\u00faltiple, la esperanza est\u00e1 en la ciencia<\/span><\/a><!-- AddThis Advanced Settings generic via filter on get_the_excerpt --><!-- AddThis Share Buttons generic via filter on get_the_excerpt --><\/p>\n","protected":false},"author":35,"featured_media":0,"comment_status":"open","ping_status":"open","sticky":false,"template":"","format":"standard","meta":{"footnotes":""},"categories":[1544],"tags":[],"class_list":["post-1430","post","type-post","status-publish","format-standard","hentry","category-sin-categoria"],"_links":{"self":[{"href":"https:\/\/blogs.deia.eus\/desdeotramirada\/wp-json\/wp\/v2\/posts\/1430","targetHints":{"allow":["GET"]}}],"collection":[{"href":"https:\/\/blogs.deia.eus\/desdeotramirada\/wp-json\/wp\/v2\/posts"}],"about":[{"href":"https:\/\/blogs.deia.eus\/desdeotramirada\/wp-json\/wp\/v2\/types\/post"}],"author":[{"embeddable":true,"href":"https:\/\/blogs.deia.eus\/desdeotramirada\/wp-json\/wp\/v2\/users\/35"}],"replies":[{"embeddable":true,"href":"https:\/\/blogs.deia.eus\/desdeotramirada\/wp-json\/wp\/v2\/comments?post=1430"}],"version-history":[{"count":3,"href":"https:\/\/blogs.deia.eus\/desdeotramirada\/wp-json\/wp\/v2\/posts\/1430\/revisions"}],"predecessor-version":[{"id":1434,"href":"https:\/\/blogs.deia.eus\/desdeotramirada\/wp-json\/wp\/v2\/posts\/1430\/revisions\/1434"}],"wp:attachment":[{"href":"https:\/\/blogs.deia.eus\/desdeotramirada\/wp-json\/wp\/v2\/media?parent=1430"}],"wp:term":[{"taxonomy":"category","embeddable":true,"href":"https:\/\/blogs.deia.eus\/desdeotramirada\/wp-json\/wp\/v2\/categories?post=1430"},{"taxonomy":"post_tag","embeddable":true,"href":"https:\/\/blogs.deia.eus\/desdeotramirada\/wp-json\/wp\/v2\/tags?post=1430"}],"curies":[{"name":"wp","href":"https:\/\/api.w.org\/{rel}","templated":true}]}}