{"id":186,"date":"2011-09-13T10:43:14","date_gmt":"2011-09-13T08:43:14","guid":{"rendered":"http:\/\/blogs.deia.com\/desdeotramirada\/?p=186"},"modified":"2011-09-13T15:35:31","modified_gmt":"2011-09-13T13:35:31","slug":"delincuentes-de-la-tiza","status":"publish","type":"post","link":"https:\/\/blogs.deia.eus\/desdeotramirada\/2011\/09\/13\/delincuentes-de-la-tiza\/","title":{"rendered":"Delincuentes de la tiza"},"content":{"rendered":"<p><img loading=\"lazy\" decoding=\"async\" class=\"aligncenter size-medium wp-image-190\" src=\"http:\/\/blogs.deia.com\/desdeotramirada\/files\/2011\/09\/profesorado3-300x264.jpg\" alt=\"\" width=\"300\" height=\"264\" srcset=\"https:\/\/blogs.deia.eus\/desdeotramirada\/files\/2011\/09\/profesorado3-300x264.jpg 300w, https:\/\/blogs.deia.eus\/desdeotramirada\/files\/2011\/09\/profesorado3.jpg 400w\" sizes=\"auto, (max-width: 300px) 100vw, 300px\" \/>Aun fuera del entorno escolar, setiembre suena a reencuentro con libros, profesores y compa\u00f1eros. Setiembre anuncia la vuelta al aula como su equinoccio la venida del oto\u00f1o. A la perezosa inercia del inicio, en el primer paso de la andadura de este curso escolar se ha atravesado la zancadilla que la administraci\u00f3n de las comunidades pperas, Madrid a la cabeza, est\u00e1 poniendo a sus profesores.<\/p>\n<p>Les bajaron el sueldo y ahora les incrementan el horario lectivo. La consecuente huelga protestataria de muchos de ellos estaba cantada. Pero siendo duro el apret\u00f3n de tuercas, lo m\u00e1s denigrante para el colectivo seguramente\u00a0 est\u00e9 siendo <strong>la carga medi\u00e1tica acusatoria<\/strong>: cobran mucho, tienen puesto fijo y sus vacaciones son interminables\u2026 en fin, que son unos vagos y casi \u201cdelincuentes de la tiza\u201d.<\/p>\n<p>Me imagino que los habr\u00e1 vagos, pasotas y mediopensionistas, pero no m\u00e1s ni menos que en otras \u201c<strong>dignificadas\u201d<\/strong> profesiones. En sus discursos los pol\u00edticos atropellados por la crisis econ\u00f3mica, el paro y el d\u00e9ficit galopante, hablan de reducir gastos pero respetando siempre servicios sociales como la sanidad y la educaci\u00f3n; sucede que mientras esto pregonan, los recortes en ambas son pan cotidiano. Aun no ha llegado a Euskadi la<strong> rebaja ppaguirre<\/strong>, pero \u201ccuando las barbas de tu vecino veas pelar,\u2026\u201d.<\/p>\n<p>Puede que los maestros sean responsables en gran medida de la p\u00e9rdida de<strong> la cultura del esfuerzo<\/strong> de nuestros hijos y de que escriban con faltas de ortograf\u00eda; pero al mismo tiempo muchos de ellos tambi\u00e9n son v\u00edctimas de la mala educaci\u00f3n, indisciplina y hasta violencia de algunos alumnos y de ciertos padres que manifiestan su poco respeto hacia los profesores agredi\u00e9ndoles por suspender a sus v\u00e1stagos. Pero no mirar\u00eda hacia el pasado con nostalgia de algo mejor, porque ni el \u201custed\u201d es el \u00fanico camino hacia la disciplina ni \u00e9sta el vadem\u00e9cum del respeto.<\/p>\n<p>No es descubrir ning\u00fan secreto constatar que se ha perdido gran parte del sentido de autoridad en la Escuela y que es deber de todos reinstalarlo. Es posible que protestar por dos horas semanales m\u00e1s no limpie el remoquete de \u201cmaestros vagos\u201d, ni que la huelga sea el mejor camino para recobrar la autoridad, pero<strong> estigmatizarles<\/strong> adem\u00e1s de bajarles el sueldo e incrementarles el horario no parece el m\u00e9todo para conseguir que se dediquen a educar con solvencia a <strong><a href=\"http:\/\/blogs.deia.com\/desdeotramirada\/files\/2011\/09\/profesorado.jpg\"><\/a><\/strong>\u00a0Claro que puede que haya quien desee volver a la escuela<strong> del ordeno-mando. \u00a0\u00a0\u00a0\u00a0<\/strong><\/p>\n<p><strong>\u00a0<\/strong><\/p>\n<!-- AddThis Advanced Settings generic via filter on the_content --><!-- AddThis Share Buttons generic via filter on the_content -->","protected":false},"excerpt":{"rendered":"<p>Aun fuera del entorno escolar, setiembre suena a reencuentro con libros, profesores y compa\u00f1eros. Setiembre anuncia la vuelta al aula como su equinoccio la venida del oto\u00f1o. A la perezosa inercia del inicio, en el primer paso de la andadura de este curso escolar se ha atravesado la zancadilla que la administraci\u00f3n de las comunidades &hellip; <a href=\"https:\/\/blogs.deia.eus\/desdeotramirada\/2011\/09\/13\/delincuentes-de-la-tiza\/\" class=\"more-link\">Sigue leyendo <span class=\"screen-reader-text\">Delincuentes de la tiza<\/span><\/a><!-- AddThis Advanced Settings generic via filter on get_the_excerpt --><!-- AddThis Share Buttons generic via filter on get_the_excerpt --><\/p>\n","protected":false},"author":35,"featured_media":0,"comment_status":"open","ping_status":"open","sticky":false,"template":"","format":"standard","meta":{"footnotes":""},"categories":[1544],"tags":[],"class_list":["post-186","post","type-post","status-publish","format-standard","hentry","category-sin-categoria"],"_links":{"self":[{"href":"https:\/\/blogs.deia.eus\/desdeotramirada\/wp-json\/wp\/v2\/posts\/186","targetHints":{"allow":["GET"]}}],"collection":[{"href":"https:\/\/blogs.deia.eus\/desdeotramirada\/wp-json\/wp\/v2\/posts"}],"about":[{"href":"https:\/\/blogs.deia.eus\/desdeotramirada\/wp-json\/wp\/v2\/types\/post"}],"author":[{"embeddable":true,"href":"https:\/\/blogs.deia.eus\/desdeotramirada\/wp-json\/wp\/v2\/users\/35"}],"replies":[{"embeddable":true,"href":"https:\/\/blogs.deia.eus\/desdeotramirada\/wp-json\/wp\/v2\/comments?post=186"}],"version-history":[{"count":3,"href":"https:\/\/blogs.deia.eus\/desdeotramirada\/wp-json\/wp\/v2\/posts\/186\/revisions"}],"predecessor-version":[{"id":195,"href":"https:\/\/blogs.deia.eus\/desdeotramirada\/wp-json\/wp\/v2\/posts\/186\/revisions\/195"}],"wp:attachment":[{"href":"https:\/\/blogs.deia.eus\/desdeotramirada\/wp-json\/wp\/v2\/media?parent=186"}],"wp:term":[{"taxonomy":"category","embeddable":true,"href":"https:\/\/blogs.deia.eus\/desdeotramirada\/wp-json\/wp\/v2\/categories?post=186"},{"taxonomy":"post_tag","embeddable":true,"href":"https:\/\/blogs.deia.eus\/desdeotramirada\/wp-json\/wp\/v2\/tags?post=186"}],"curies":[{"name":"wp","href":"https:\/\/api.w.org\/{rel}","templated":true}]}}