{"id":196,"date":"2011-09-20T00:02:23","date_gmt":"2011-09-19T22:02:23","guid":{"rendered":"http:\/\/blogs.deia.com\/desdeotramirada\/?p=196"},"modified":"2011-09-20T00:02:23","modified_gmt":"2011-09-19T22:02:23","slug":"ejemplaridad","status":"publish","type":"post","link":"https:\/\/blogs.deia.eus\/desdeotramirada\/2011\/09\/20\/ejemplaridad\/","title":{"rendered":"Ejemplaridad"},"content":{"rendered":"<p><strong>\u00a0<\/strong><\/p>\n<p><a href=\"http:\/\/blogs.deia.com\/desdeotramirada\/files\/2011\/09\/imagesCAXA80VK.jpg\"><img loading=\"lazy\" decoding=\"async\" class=\"aligncenter size-full wp-image-197\" src=\"http:\/\/blogs.deia.com\/desdeotramirada\/files\/2011\/09\/imagesCAXA80VK.jpg\" alt=\"\" width=\"192\" height=\"262\" \/><\/a>Recuerdo que en el 2000 dimiti\u00f3 Manuel Pimentel tras un a\u00f1o como ministro por no poder llevar a la pr\u00e1ctica su ideario. Rareza pol\u00edtica. Consecuente, no quiso hacer lo contrario de lo que predicaba.<\/p>\n<p>El pol\u00edtico franc\u00e9s <strong>Strauss-Khan predica socialismo<\/strong>, entiendo que el reparto del bienestar, pero \u00e9l vive en mansiones de lujo-lujo, paga fianzas millonarias y alquileres de 50.000$\/mes, adem\u00e1s de ser un s\u00e1tiro, acosador de mujeres y presunto violador m\u00e1s salido que la punta un iceberg.<\/p>\n<p>Tambi\u00e9n predica en p\u00falpito p\u00fablico la justicia e igualdad ante la ley el autoinmune judicial il cavaliere Berlusconi, pol\u00edtico-presidente de Italia \u201cen su tiempo libre\u201d, ocupaci\u00f3n que comparte con su profesi\u00f3n de organizador de bacanales, abusador de menores, <strong>\u201csult\u00e1n cristiano\u201d<\/strong> con lujurioso har\u00e9n de velinas y locuaz lanzador de improperios sexuales, muy cercano al cl\u00e1sico chulo-rufi\u00e1n de prost\u00edbulo de alto copete.\u00a0<\/p>\n<p>En otro orden, llama la atenci\u00f3n la patada en el trasero profesional que Hugo Ch\u00e1vez da a los m\u00e9dicos de su pa\u00eds al ir a otro a tratarse; doce a\u00f1os en el poder y no ha organizado <strong>una sanidad<\/strong> p\u00fablica de confianza \u201c<strong>ni para \u00e9l\u201d.<\/strong> Esto es predicar real-socialismo. Claro que aqu\u00ed nunca encontraremos al rey en la cola del hospital p\u00fablico de la sociedad a la que dice representar como primer mandam\u00e1s.<\/p>\n<p>La confianza en los organismos p\u00fablicos de \u201csu pueblo\u201d parece algo escu\u00e1lida. Tambi\u00e9n nos gustar\u00eda ver a alg\u00fan ministro de transporte comprobando in situ el funcionamiento del metro o autob\u00fas que nos vende como maravillosos.<\/p>\n<p>Una cosa es predicar y otra dar trigo. As\u00ed que al encontrar alguna disonancia entre la pr\u00e9dica de p\u00falpito y lo que practica el propio sermonero habremos de practicar lo que dice, no averiguar lo que hace. Pero m\u00e1s llamativo y hasta estramb\u00f3tico es que Strauss-Khan vuelva en olor de multitudes y baraje sus posibilidades de presentarse incluso para presidente de Francia. De Berlusconi dicen-dicen, pero cada vez que se presenta gana de calle las votaciones.<\/p>\n<p>De <strong>Hugo Ch\u00e1vez<\/strong> parecido, aunque llevarle la contraria acarree severos disgustos a la integridad personal. <strong>Del rey borb\u00f3n chit\u00f3n<\/strong>, porque elevado a la categor\u00eda de dios intocable, puede pasear su rijo y hacer toma-calla impunemente mientras predica <strong>espa\u00f1ol\u00edsima justicia e igualdad<\/strong>. No importa, seguiremos votando alegremente a los mismos que dicen exactamente lo contrario de lo que practican. De modo que aquellos <strong>responsables p\u00fablicos ejemp<\/strong>lares y consecuentes ser\u00e1n raza a extinguir, <strong>si acaso quedara alguno<\/strong>.<\/p>\n<!-- AddThis Advanced Settings generic via filter on the_content --><!-- AddThis Share Buttons generic via filter on the_content -->","protected":false},"excerpt":{"rendered":"<p>\u00a0 Recuerdo que en el 2000 dimiti\u00f3 Manuel Pimentel tras un a\u00f1o como ministro por no poder llevar a la pr\u00e1ctica su ideario. Rareza pol\u00edtica. Consecuente, no quiso hacer lo contrario de lo que predicaba. El pol\u00edtico franc\u00e9s Strauss-Khan predica socialismo, entiendo que el reparto del bienestar, pero \u00e9l vive en mansiones de lujo-lujo, paga &hellip; <a href=\"https:\/\/blogs.deia.eus\/desdeotramirada\/2011\/09\/20\/ejemplaridad\/\" class=\"more-link\">Sigue leyendo <span class=\"screen-reader-text\">Ejemplaridad<\/span><\/a><!-- AddThis Advanced Settings generic via filter on get_the_excerpt --><!-- AddThis Share Buttons generic via filter on get_the_excerpt --><\/p>\n","protected":false},"author":35,"featured_media":0,"comment_status":"open","ping_status":"open","sticky":false,"template":"","format":"standard","meta":{"footnotes":""},"categories":[1544],"tags":[],"class_list":["post-196","post","type-post","status-publish","format-standard","hentry","category-sin-categoria"],"_links":{"self":[{"href":"https:\/\/blogs.deia.eus\/desdeotramirada\/wp-json\/wp\/v2\/posts\/196","targetHints":{"allow":["GET"]}}],"collection":[{"href":"https:\/\/blogs.deia.eus\/desdeotramirada\/wp-json\/wp\/v2\/posts"}],"about":[{"href":"https:\/\/blogs.deia.eus\/desdeotramirada\/wp-json\/wp\/v2\/types\/post"}],"author":[{"embeddable":true,"href":"https:\/\/blogs.deia.eus\/desdeotramirada\/wp-json\/wp\/v2\/users\/35"}],"replies":[{"embeddable":true,"href":"https:\/\/blogs.deia.eus\/desdeotramirada\/wp-json\/wp\/v2\/comments?post=196"}],"version-history":[{"count":2,"href":"https:\/\/blogs.deia.eus\/desdeotramirada\/wp-json\/wp\/v2\/posts\/196\/revisions"}],"predecessor-version":[{"id":199,"href":"https:\/\/blogs.deia.eus\/desdeotramirada\/wp-json\/wp\/v2\/posts\/196\/revisions\/199"}],"wp:attachment":[{"href":"https:\/\/blogs.deia.eus\/desdeotramirada\/wp-json\/wp\/v2\/media?parent=196"}],"wp:term":[{"taxonomy":"category","embeddable":true,"href":"https:\/\/blogs.deia.eus\/desdeotramirada\/wp-json\/wp\/v2\/categories?post=196"},{"taxonomy":"post_tag","embeddable":true,"href":"https:\/\/blogs.deia.eus\/desdeotramirada\/wp-json\/wp\/v2\/tags?post=196"}],"curies":[{"name":"wp","href":"https:\/\/api.w.org\/{rel}","templated":true}]}}