{"id":206,"date":"2011-10-03T17:11:35","date_gmt":"2011-10-03T15:11:35","guid":{"rendered":"http:\/\/blogs.deia.com\/desdeotramirada\/?p=206"},"modified":"2011-10-03T17:11:35","modified_gmt":"2011-10-03T15:11:35","slug":"via-muerta-en-la-nostalgia","status":"publish","type":"post","link":"https:\/\/blogs.deia.eus\/desdeotramirada\/2011\/10\/03\/via-muerta-en-la-nostalgia\/","title":{"rendered":"V\u00eda muerta en la nostalgia"},"content":{"rendered":"<p><a href=\"http:\/\/blogs.deia.com\/desdeotramirada\/files\/2011\/10\/ALTOS-HORNOS2.jpg\"><img loading=\"lazy\" decoding=\"async\" class=\"aligncenter size-medium wp-image-207\" src=\"http:\/\/blogs.deia.com\/desdeotramirada\/files\/2011\/10\/ALTOS-HORNOS2-300x201.jpg\" alt=\"\" width=\"300\" height=\"201\" srcset=\"https:\/\/blogs.deia.eus\/desdeotramirada\/files\/2011\/10\/ALTOS-HORNOS2-300x201.jpg 300w, https:\/\/blogs.deia.eus\/desdeotramirada\/files\/2011\/10\/ALTOS-HORNOS2.jpg 336w\" sizes=\"auto, (max-width: 300px) 100vw, 300px\" \/><\/a><\/p>\n<p>\u00a0Escucho con frecuencia el <strong>hablar nost\u00e1lgico<\/strong> de personas de la <strong>margen izquierda<\/strong> al <strong>rememorar<\/strong> el esplendor industrial de la zona en \u00e9pocas recientes, de hace varias d\u00e9cadas. Las sirenas y el bullicio de los turnos, el movimiento econ\u00f3mico incesante, la animaci\u00f3n de la zona de Chavarri, de Rivas\u2026 la actividad era casi fren\u00e9tica. Cierto que hoy las noticias econ\u00f3micas y sobre todo laborales que recibimos no son precisamente alentadoras ni halag\u00fce\u00f1as.<\/p>\n<p>La Naval bajo m\u00ednimos, Babcock echa el cerrojo definitivamente, ArcelorMittal-Acer\u00eda Compacta de Bizkaia (ACB) cierra temporalmente por falta de demanda\u2026 en com\u00fan, que todas ellas est\u00e1n ubicadas en Sestao, donde el impacto de afectados directos e indirectos ser\u00e1 muy acusado.<\/p>\n<p>\u00a0El n\u00famero<strong> de desempleados<\/strong>\u00a0en<strong> la margen izquierda<\/strong> casi<strong> duplica <\/strong>al del territorio de Bizkaia. Es comprensible echar la mirada atr\u00e1s y recordar que en sus momentos de esplendor AHV tuvo hasta 14000 trabajadores, que Babcock era un universo con cinco mil empleados y que en las gradas y atarazanas de la Naval se afanaban miles de obreros en la construcci\u00f3n y reparaci\u00f3n de buques. Era la muestra de una hiperactividad industrial que generaba riqueza, es verdad.\u00a0<\/p>\n<p>Pero escuchando en un programa las opiniones nost\u00e1lgico\/a\u00f1orantes de personas de la zona, ven\u00eda a cuento la eleg\u00eda de J. Manrique \u201c\u2026 cualquier tiempo pasado fue mejor\u201d, aunque de verdad, \u00bffue mejor? Porque olvidan humos y ruidos, contaminaci\u00f3n del agua, basura y calles sucias, jornada laboral de 10\/12horas,, trabajo s\u00e1bado\/domingo y fiestas, higiene escasa, raqu\u00edticos servicios sociales, hacinaci\u00f3n, dif\u00edcil acceso a los estudios, explotaci\u00f3n laboral\u2026 Es posible que esas frases de nostalgia entre suspiros de tristeza melanc\u00f3lica hagan que la mente de alg\u00fan joven vuele elucubrando con la margen izquierda arcadia feliz bastante alejada de la realidad de lo que fue.<\/p>\n<p>\u00a0En ocasiones idealizamos el pasado a\u00f1or\u00e1ndolo como perfecto en contraposici\u00f3n a un presente con dificultades y problemas. Es as\u00ed porque queremos conservar lo bueno y agradable y olvidar lo malo. Por eso conviene releer a Manrique, porque el poeta no se refiere a una calidad superior de lo ocurrido en el pasado, sino que vista la inestabilidad presente es mejor analizar las cosas como ya pasadas. Nostalgia pura en el dolor de recordar en un futurible el placer del momento presente convertido en pret\u00e9rito.<\/p>\n<p>Tal vez por ello <strong>los mismos responsables<\/strong> de <strong>haber desertizado Sesta<\/strong>o eligen <strong>el pasado en<\/strong> Rubalcaba y Felipe Gonz\u00e1lez como presente. Buen futuro nos aguarda.<\/p>\n<p><a href=\"mailto:nlauzirika@deia.com\"><\/a><\/p>\n<!-- AddThis Advanced Settings generic via filter on the_content --><!-- AddThis Share Buttons generic via filter on the_content -->","protected":false},"excerpt":{"rendered":"<p>\u00a0Escucho con frecuencia el hablar nost\u00e1lgico de personas de la margen izquierda al rememorar el esplendor industrial de la zona en \u00e9pocas recientes, de hace varias d\u00e9cadas. Las sirenas y el bullicio de los turnos, el movimiento econ\u00f3mico incesante, la animaci\u00f3n de la zona de Chavarri, de Rivas\u2026 la actividad era casi fren\u00e9tica. Cierto que &hellip; <a href=\"https:\/\/blogs.deia.eus\/desdeotramirada\/2011\/10\/03\/via-muerta-en-la-nostalgia\/\" class=\"more-link\">Sigue leyendo <span class=\"screen-reader-text\">V\u00eda muerta en la nostalgia<\/span><\/a><!-- AddThis Advanced Settings generic via filter on get_the_excerpt --><!-- AddThis Share Buttons generic via filter on get_the_excerpt --><\/p>\n","protected":false},"author":35,"featured_media":0,"comment_status":"open","ping_status":"open","sticky":false,"template":"","format":"standard","meta":{"footnotes":""},"categories":[1544],"tags":[],"class_list":["post-206","post","type-post","status-publish","format-standard","hentry","category-sin-categoria"],"_links":{"self":[{"href":"https:\/\/blogs.deia.eus\/desdeotramirada\/wp-json\/wp\/v2\/posts\/206","targetHints":{"allow":["GET"]}}],"collection":[{"href":"https:\/\/blogs.deia.eus\/desdeotramirada\/wp-json\/wp\/v2\/posts"}],"about":[{"href":"https:\/\/blogs.deia.eus\/desdeotramirada\/wp-json\/wp\/v2\/types\/post"}],"author":[{"embeddable":true,"href":"https:\/\/blogs.deia.eus\/desdeotramirada\/wp-json\/wp\/v2\/users\/35"}],"replies":[{"embeddable":true,"href":"https:\/\/blogs.deia.eus\/desdeotramirada\/wp-json\/wp\/v2\/comments?post=206"}],"version-history":[{"count":1,"href":"https:\/\/blogs.deia.eus\/desdeotramirada\/wp-json\/wp\/v2\/posts\/206\/revisions"}],"predecessor-version":[{"id":208,"href":"https:\/\/blogs.deia.eus\/desdeotramirada\/wp-json\/wp\/v2\/posts\/206\/revisions\/208"}],"wp:attachment":[{"href":"https:\/\/blogs.deia.eus\/desdeotramirada\/wp-json\/wp\/v2\/media?parent=206"}],"wp:term":[{"taxonomy":"category","embeddable":true,"href":"https:\/\/blogs.deia.eus\/desdeotramirada\/wp-json\/wp\/v2\/categories?post=206"},{"taxonomy":"post_tag","embeddable":true,"href":"https:\/\/blogs.deia.eus\/desdeotramirada\/wp-json\/wp\/v2\/tags?post=206"}],"curies":[{"name":"wp","href":"https:\/\/api.w.org\/{rel}","templated":true}]}}