{"id":2177,"date":"2026-04-28T08:56:37","date_gmt":"2026-04-28T06:56:37","guid":{"rendered":"https:\/\/blogs.deia.eus\/desdeotramirada\/?p=2177"},"modified":"2026-04-28T09:01:03","modified_gmt":"2026-04-28T07:01:03","slug":"la-inclusion-una-carrera-de-fondo-y-tarea-de-toda-la-sociedad","status":"publish","type":"post","link":"https:\/\/blogs.deia.eus\/desdeotramirada\/2026\/04\/28\/la-inclusion-una-carrera-de-fondo-y-tarea-de-toda-la-sociedad\/","title":{"rendered":"La inclusi\u00f3n, una carrera de fondo y tarea de toda la sociedad"},"content":{"rendered":"\n<p><strong><em>Todo listo para vivir la 9\u00aa edici\u00f3n de los Premios GaituzSport, a la inclusi\u00f3n a trav\u00e9s del deporte, que celebra este mi\u00e9rcoles 29 de abril en Euskalduna Bilbao<\/em><\/strong><\/p>\n\n\n\n<p>El deporte tiene el poder de cambiar el mundo. Tiene el poder de inspirar, el poder de unir a la gente de una manera que pocas otras cosas consiguen. Habla a los j\u00f3venes en un lenguaje que entienden. El deporte puede crear esperanza donde antes s\u00f3lo hab\u00eda desesperaci\u00f3n. Es m\u00e1s poderoso que los gobiernos para derribar barreras raciales. Se r\u00ede en la cara de todo tipo de discriminaci\u00f3n. El deporte es el juego de los enamorados.<\/p>\n\n\n\n<p>Son palabras de Nelson Mandela que hacen suyas en la Fundaci\u00f3n<a href=\"https:\/\/www.gaituzsport.eus\/\"> GaituzSport <\/a>que, este mi\u00e9rcoles, 29 de abril, celebra la 9\u00aa edici\u00f3n de <strong>\u201cLa Noche Inclusiva\u201d<\/strong> en la que se har\u00e1 entrega de los <strong>Premios GaituzSport. <\/strong>El Palacio Euskalduna Bilbao ser\u00e1 el escenario de este evento que se ha consolidado como una de las principales citas en favor de la inclusi\u00f3n social a trav\u00e9s del deporte en Euskadi.<\/p>\n\n\n\n<p>Los Premios GaituzSport reconocen el trabajo ejemplar que realizan personas y entidades por el desarrollo de una sociedad m\u00e1s inclusiva, saludable e igualitaria; se realizan cada a\u00f1o en una capital del Pa\u00eds Vasco y podr\u00e1 seguirse en directo, v\u00eda streaming, y a trav\u00e9s de las redes sociales con el hashtag <strong>#gauinklusiboa .<\/strong><\/p>\n\n\n\n<p><strong>1.- PREMIO GAITUZSPORT A LAS BUENAS PRACTICAS INCLUSIVAS EN EL \u00c1MBITO DEL DEPORTE DE COMPETICI\u00d3N<\/strong><\/p>\n\n\n\n<p><strong>&nbsp;Federaci\u00f3n Vizca\u00edna de Baloncesto y Federaci\u00f3n de Deporte Adaptado de Bizkaia por impulsar la liga de Baloncesto para deportistas con discapacidad intelectual.<\/strong><\/p>\n\n\n\n<p><strong>2.-<\/strong> <strong>PREMIO GAITUZSPORT AL DEPORTE DE ALTA COMPETICI\u00d3N<\/strong><\/p>\n\n\n\n<p><strong>Mikel Garc\u00eda Aguirrezabal<\/strong><strong>. <\/strong>Atleta del Club Javi Conde. Tiene un palmar\u00e9s impresionante en 400 m y 800 m, con m\u00e1s de 30 medallas internacionales: campe\u00f3n de Europa, del mundo. En 2024 fue considerado el mejor deportista de Bizkaia. Es adem\u00e1s un referente en la lucha por la igualdad e inclusi\u00f3n de las personas con s\u00edndrome de Down.<\/p>\n\n\n\n<p><strong>3.- PREMIO GAITUZSPORT BUENAS PR\u00c1CTICAS INCLUSIVAS EN EL \u00c1MBITO DE DEPORTE DE NO COMPETICI\u00d3N<\/strong><\/p>\n\n\n\n<p><strong>Aketza S\u00e1nchez, Waterman<\/strong><strong>. <\/strong>Deportista de \u00e9lite de surf, campe\u00f3n de Europa dos veces en la modalidad de Kneeboard Surf. Tras un accidente practicando surf en 2012, que le provoc\u00f3 una lesi\u00f3n medular, (3 a\u00f1os en silla de ruedas),&nbsp; ha seguido vinculado al deporte y al mar Presidente de Goazen up durante 10 a\u00f1os, impulsando&nbsp; acciones deportivas para personas con y sin discapacidad<strong>. <\/strong>Y ahora desde Kpitain cuidando los oceanos y las personas.<\/p>\n\n\n\n<p><strong>4.- PREMIO GAITUZSPORT BUENAS PR\u00c1CTICAS INCLUSIVAS FUERA DEL \u00c1MBITO DEPORTIVO<\/strong><\/p>\n\n\n\n<p><strong>Inazio Nieva<\/strong><strong>, <\/strong>por su gran labor de divulgador de la discapacidad. Es integrador social y creador de contenido, en sus redes sociales informa, sensibiliza y reivindica los derechos de las personas con discapacidad y el respeto a la diversidad.<\/p>\n\n\n\n<p><strong>5.- PREMIO GAITUZSPORT AL TRABAJO EN RED VISIBILIZANDO A LAS PERSONAS CON DISCAPACIDAD<\/strong><\/p>\n\n\n\n<p><strong>Jaime Lafita y la Asociaci\u00f3n DalecandELA <\/strong>por su magn\u00edfica labor, liderada e impulsada por Jaime, dando visibilidad a las personas con ELA, trabajando en red y uniendo a muchos sectores sociales y por ser un faro de inspiraci\u00f3n y esperanza para muchas personas.<\/p>\n\n\n\n<p><strong>6.-&nbsp;&nbsp; PREMIO GAITUZSPORT ESPECIAL A LA TRAYECTORIA<\/strong><\/p>\n\n\n\n<p><strong>Txema Alonso, <\/strong>un referente en Bizkaia y Euskadi en el \u00e1mbito del deporte y la discapacidad, con una trayectoria de 40 a\u00f1os comprometido con el deporte y las personas con discapacidad. Creador de la Fundaci\u00f3n Saiatu. Ex Gerente de Bidaideak y del Club Bidaideak Bilbao BSR, que bajo su presidencia ha obtenido magn\u00edficos resultados, en cuarta posici\u00f3n en el ranking de clubes europeos y con la creaci\u00f3n de una escuela deportiva.<\/p>\n\n\n\n<p>Al acto presentado por los actores <strong>\u00d3scar Terol<\/strong> y <strong>Amaia Arkotxa<\/strong>, se unir\u00e1n cerca de 200 personas de todos los \u00e1mbitos sociales, con destacada presencia y apoyo institucional, entre otras de la Presidenta del Parlamento Vasco <strong>Bakartxo Tejer\u00eda; <\/strong><strong>Ana Otadui<\/strong>, Presidenta de JJGG de Bizkaia; <strong>Nerea Melgosa<\/strong>, Consejera de Bienestar, Juventud y Reto Demogr\u00e1fico; <strong>Lucia Torrealday,<\/strong> Viceconsejera de Educaci\u00f3n;&nbsp; <strong>Mikel Juaristi<\/strong>, Director de inclusi\u00f3n y Diversidad Educativa de Gobierno Vasco; el Director de Deporte de Gobierno Vasco, <strong>Gorka Iturriaga<\/strong>;&nbsp; Concejales del Ayuntamiento de Bilbao y otros municipios de Bizkaia\u2026Y parlamentarios de todos los grupos pol\u00edticos.<\/p>\n\n\n\n<p>Ser\u00e1 una noche emotiva con el deporte como herramienta de inclusi\u00f3n,  porque, tal y como subraya <strong>Xabier Leizea<\/strong>, presidente de GaituzSport, \u00abHay que conseguir que las personas con disCAPACIDAD puedan participar como ciudadanas de pleno derecho en las actividades generales, sin dejar a nadie atr\u00e1s\u00bb.&nbsp;<\/p>\n\n\n\n<p><\/p>\n\n\n\n<p><\/p>\n<!-- AddThis Advanced Settings generic via filter on the_content --><!-- AddThis Share Buttons generic via filter on the_content -->","protected":false},"excerpt":{"rendered":"<p>Todo listo para vivir la 9\u00aa edici\u00f3n de los Premios GaituzSport, a la inclusi\u00f3n a trav\u00e9s del deporte, que celebra este mi\u00e9rcoles 29 de abril en Euskalduna Bilbao El deporte tiene el poder de cambiar el mundo. Tiene el poder de inspirar, el poder de unir a la gente de una manera que pocas otras &hellip; <a href=\"https:\/\/blogs.deia.eus\/desdeotramirada\/2026\/04\/28\/la-inclusion-una-carrera-de-fondo-y-tarea-de-toda-la-sociedad\/\" class=\"more-link\">Sigue leyendo <span class=\"screen-reader-text\">La inclusi\u00f3n, una carrera de fondo y tarea de toda la sociedad<\/span><\/a><!-- AddThis Advanced Settings generic via filter on get_the_excerpt --><!-- AddThis Share Buttons generic via filter on get_the_excerpt --><\/p>\n","protected":false},"author":35,"featured_media":2178,"comment_status":"open","ping_status":"open","sticky":false,"template":"","format":"standard","meta":{"footnotes":""},"categories":[1544],"tags":[167178,167179],"class_list":["post-2177","post","type-post","status-publish","format-standard","has-post-thumbnail","hentry","category-sin-categoria","tag-gaituz","tag-sport"],"_links":{"self":[{"href":"https:\/\/blogs.deia.eus\/desdeotramirada\/wp-json\/wp\/v2\/posts\/2177","targetHints":{"allow":["GET"]}}],"collection":[{"href":"https:\/\/blogs.deia.eus\/desdeotramirada\/wp-json\/wp\/v2\/posts"}],"about":[{"href":"https:\/\/blogs.deia.eus\/desdeotramirada\/wp-json\/wp\/v2\/types\/post"}],"author":[{"embeddable":true,"href":"https:\/\/blogs.deia.eus\/desdeotramirada\/wp-json\/wp\/v2\/users\/35"}],"replies":[{"embeddable":true,"href":"https:\/\/blogs.deia.eus\/desdeotramirada\/wp-json\/wp\/v2\/comments?post=2177"}],"version-history":[{"count":2,"href":"https:\/\/blogs.deia.eus\/desdeotramirada\/wp-json\/wp\/v2\/posts\/2177\/revisions"}],"predecessor-version":[{"id":2180,"href":"https:\/\/blogs.deia.eus\/desdeotramirada\/wp-json\/wp\/v2\/posts\/2177\/revisions\/2180"}],"wp:featuredmedia":[{"embeddable":true,"href":"https:\/\/blogs.deia.eus\/desdeotramirada\/wp-json\/wp\/v2\/media\/2178"}],"wp:attachment":[{"href":"https:\/\/blogs.deia.eus\/desdeotramirada\/wp-json\/wp\/v2\/media?parent=2177"}],"wp:term":[{"taxonomy":"category","embeddable":true,"href":"https:\/\/blogs.deia.eus\/desdeotramirada\/wp-json\/wp\/v2\/categories?post=2177"},{"taxonomy":"post_tag","embeddable":true,"href":"https:\/\/blogs.deia.eus\/desdeotramirada\/wp-json\/wp\/v2\/tags?post=2177"}],"curies":[{"name":"wp","href":"https:\/\/api.w.org\/{rel}","templated":true}]}}