{"id":221,"date":"2011-10-24T11:25:35","date_gmt":"2011-10-24T09:25:35","guid":{"rendered":"http:\/\/blogs.deia.com\/desdeotramirada\/?p=221"},"modified":"2011-10-24T18:30:53","modified_gmt":"2011-10-24T16:30:53","slug":"los-reditos-de-retorno","status":"publish","type":"post","link":"https:\/\/blogs.deia.eus\/desdeotramirada\/2011\/10\/24\/los-reditos-de-retorno\/","title":{"rendered":"Los r\u00e9ditos del retorno"},"content":{"rendered":"<p><a href=\"http:\/\/blogs.deia.com\/desdeotramirada\/files\/2011\/10\/perdon1.jpg\"><img loading=\"lazy\" decoding=\"async\" class=\"aligncenter size-medium wp-image-222\" src=\"http:\/\/blogs.deia.com\/desdeotramirada\/files\/2011\/10\/perdon1-230x300.jpg\" alt=\"\" width=\"230\" height=\"300\" srcset=\"https:\/\/blogs.deia.eus\/desdeotramirada\/files\/2011\/10\/perdon1-230x300.jpg 230w, https:\/\/blogs.deia.eus\/desdeotramirada\/files\/2011\/10\/perdon1.jpg 368w\" sizes=\"auto, (max-width: 230px) 100vw, 230px\" \/><\/a>En esta vertiginosa y variopinta evoluci\u00f3n social es poco probable que salvo alg\u00fan \u00e1ngel ingenuo reencarnado alguien piense que las potencias involucradas en la <strong>guerra civil libia<\/strong> lo hagan por <strong>altruismo<\/strong> democr\u00e1tico. Ni que antes el mantenimiento del dictador y ahora su derrocamiento hayan sido hechos sin r\u00e9ditos de retorno.<\/p>\n<p>Primero aplaudieron al libertador panarabista, luego defenestraron al terrorista para despu\u00e9s volver a saludarlo como apreciado petroleador para llegar hoy a su liquidaci\u00f3n pol\u00edtica y f\u00edsica. Recogidos los r\u00e9ditos de la incertidumbre \u2014<strong>le vend\u00edan armas<\/strong> y al tiempo le llamaban terrorista\u2014, ha llegado la hora de reclamar petr\u00f3leo y contratos de reconstrucci\u00f3n como r\u00e9dito de guerra y paz por los favores militares prestados. \u00a0No es que los \u201cchicos del verdugo blanco\u201d bajo la txapela hayan sido gadafis irredentos, pero es ilustrativo que cesen definitivamente el mismo d\u00eda. Aunque no nos veamos entre las fotos de la alegr\u00eda y<strong> satisfacci\u00f3n<\/strong> de la primera <strong>de DEIA<\/strong> el s\u00e1bado, les aseguro que miles de ciudadanos vascos y de toda latitud con buena voluntad estamos all\u00ed \u201cin pectore\u201d.<\/p>\n<p>\u00a0Pero entre esta explosi\u00f3n de alegr\u00eda de la mayor\u00eda que no aceptamos amenaza alguna de ETA ni de sus m\u00faltiples contrarios, gal o batallones variopintos, resuena disonante la compunci\u00f3n de muchos otros ante el comunicado del finiquito terrorista, como si no fuera bueno para todos.<\/p>\n<p>Por esto recuerdo las palabras premonitorias en 1984 de un miembro notable de las fuerzas de seguridad, vaticinando conflicto para largo plazo,\u00a0 primero por ser de baja intensidad (\u00a1un solo muerto es demasiado!) y en segundo lugar por sus beneficios colaterales sustanciosos para ambas partes; no para v\u00edctimas ni presos, me imagino.<\/p>\n<p>Es el <strong>paradigma metaf\u00f3rico<\/strong> de la \u00falcera que sangra pero no mata. Me pregunto qu\u00e9 har\u00e1 la izquierda reci\u00e9n civilizada cuando no hablen de ellos a diario en todas las teles y no puedan amenazarnos con sombras traseras; tambi\u00e9n nos preguntamos qu\u00e9 har\u00e1n los asesores de la Administraci\u00f3n para el asunto de terrorismo (bastantes de ellos <strong>otrora entusiastas<\/strong> del tiro en la pierna ahora est\u00e1n<strong> apalancados<\/strong> en <strong>el gabinete L\u00f3pez<\/strong>); si los guardaespaldas tendr\u00e1n que engrosar el paro o si las diferentes polic\u00edas seguir\u00e1n cobrando los sustanciosos pluses destino-Euskalherria, y si se seguir\u00e1 pagando a la pl\u00e9yade de servicios secretos de vigilancia\/contra-vigilancia (solo anti-ETA); \u00bfQu\u00e9 se har\u00e1 con los tertulianos monotem\u00e1ticos? \u00bfC\u00f3mo inflamar\u00e1n los medios al espectador cuando no haya vascosasesinosdeoficio? Hasta los zulos ser\u00e1n simples agujeros. \u00bfAcaso impedir\u00e1n los espurios r\u00e9ditos y prebendas personales el gozo final y la alegr\u00eda inicial del resto? Porque a lo peor, a<strong> Gadafi muerto<\/strong> <strong>Gadafi puesto<\/strong>.<\/p>\n<!-- AddThis Advanced Settings generic via filter on the_content --><!-- AddThis Share Buttons generic via filter on the_content -->","protected":false},"excerpt":{"rendered":"<p>En esta vertiginosa y variopinta evoluci\u00f3n social es poco probable que salvo alg\u00fan \u00e1ngel ingenuo reencarnado alguien piense que las potencias involucradas en la guerra civil libia lo hagan por altruismo democr\u00e1tico. Ni que antes el mantenimiento del dictador y ahora su derrocamiento hayan sido hechos sin r\u00e9ditos de retorno. Primero aplaudieron al libertador panarabista, &hellip; <a href=\"https:\/\/blogs.deia.eus\/desdeotramirada\/2011\/10\/24\/los-reditos-de-retorno\/\" class=\"more-link\">Sigue leyendo <span class=\"screen-reader-text\">Los r\u00e9ditos del retorno<\/span><\/a><!-- AddThis Advanced Settings generic via filter on get_the_excerpt --><!-- AddThis Share Buttons generic via filter on get_the_excerpt --><\/p>\n","protected":false},"author":35,"featured_media":0,"comment_status":"open","ping_status":"open","sticky":false,"template":"","format":"standard","meta":{"footnotes":""},"categories":[1544],"tags":[],"class_list":["post-221","post","type-post","status-publish","format-standard","hentry","category-sin-categoria"],"_links":{"self":[{"href":"https:\/\/blogs.deia.eus\/desdeotramirada\/wp-json\/wp\/v2\/posts\/221","targetHints":{"allow":["GET"]}}],"collection":[{"href":"https:\/\/blogs.deia.eus\/desdeotramirada\/wp-json\/wp\/v2\/posts"}],"about":[{"href":"https:\/\/blogs.deia.eus\/desdeotramirada\/wp-json\/wp\/v2\/types\/post"}],"author":[{"embeddable":true,"href":"https:\/\/blogs.deia.eus\/desdeotramirada\/wp-json\/wp\/v2\/users\/35"}],"replies":[{"embeddable":true,"href":"https:\/\/blogs.deia.eus\/desdeotramirada\/wp-json\/wp\/v2\/comments?post=221"}],"version-history":[{"count":2,"href":"https:\/\/blogs.deia.eus\/desdeotramirada\/wp-json\/wp\/v2\/posts\/221\/revisions"}],"predecessor-version":[{"id":224,"href":"https:\/\/blogs.deia.eus\/desdeotramirada\/wp-json\/wp\/v2\/posts\/221\/revisions\/224"}],"wp:attachment":[{"href":"https:\/\/blogs.deia.eus\/desdeotramirada\/wp-json\/wp\/v2\/media?parent=221"}],"wp:term":[{"taxonomy":"category","embeddable":true,"href":"https:\/\/blogs.deia.eus\/desdeotramirada\/wp-json\/wp\/v2\/categories?post=221"},{"taxonomy":"post_tag","embeddable":true,"href":"https:\/\/blogs.deia.eus\/desdeotramirada\/wp-json\/wp\/v2\/tags?post=221"}],"curies":[{"name":"wp","href":"https:\/\/api.w.org\/{rel}","templated":true}]}}