{"id":225,"date":"2011-10-31T10:38:00","date_gmt":"2011-10-31T09:38:00","guid":{"rendered":"http:\/\/blogs.deia.com\/desdeotramirada\/?p=225"},"modified":"2011-10-31T10:38:00","modified_gmt":"2011-10-31T09:38:00","slug":"a-nadie-le-amarga-una-fiesta","status":"publish","type":"post","link":"https:\/\/blogs.deia.eus\/desdeotramirada\/2011\/10\/31\/a-nadie-le-amarga-una-fiesta\/","title":{"rendered":"A nadie le amarga una fiesta"},"content":{"rendered":"<p><a href=\"http:\/\/blogs.deia.com\/desdeotramirada\/files\/2011\/10\/manzanas-acarameladas.jpg\"><img loading=\"lazy\" decoding=\"async\" class=\"aligncenter size-medium wp-image-226\" src=\"http:\/\/blogs.deia.com\/desdeotramirada\/files\/2011\/10\/manzanas-acarameladas-300x211.jpg\" alt=\"\" width=\"300\" height=\"211\" srcset=\"https:\/\/blogs.deia.eus\/desdeotramirada\/files\/2011\/10\/manzanas-acarameladas-300x211.jpg 300w, https:\/\/blogs.deia.eus\/desdeotramirada\/files\/2011\/10\/manzanas-acarameladas.jpg 450w\" sizes=\"auto, (max-width: 300px) 100vw, 300px\" \/><\/a><\/p>\n<p>El viernes casi al mismo tiempo que publicaban los \u00faltimos datos, descorazonadoras cifras, de la EPA de este trimestre sobre el paro, muchos-much\u00edsimos ciudadanos\/as estar\u00edan preparando sus b\u00e1rtulos para un largo fin de semana, d\u00edas de reconfortante descanso despu\u00e9s del arduo trabajo. Y a partir de las tres de la tarde largas hileras en las salidas de las grandes ciudades.<\/p>\n<p>Viendo las atestadas autopistas y colas en los aeropuertos nadie dir\u00eda que unas horas antes nos hubieran comunicado que <strong>cinco millones de conciudadanos\/as<\/strong> no tienen empleo y que en mill\u00f3n y medio de hogares ninguno de sus miembros recibe ingreso alguno.<\/p>\n<p>Pero es que, adem\u00e1s, en la CAV \u00e9ste es continuidad del semipuente de la semana anterior construido con el pilar de la <strong>fiesta inventada<\/strong> por el americano mr. <strong>L\u00f3pez<\/strong>, y menos mal que el d\u00edadelaraza de dos semanas antes cay\u00f3 en mi\u00e9rcoles y el acueducto festivo era de dif\u00edcil hechura. Claro que para finiquitar el a\u00f1o, en diciembre nos espera una primera semana de fiestas intermitentes con sus correspondientes puentes-viaductos antes de que lleguen las navide\u00f1as propiamente dichas.\u00a0<\/p>\n<p>\u00a0Cualquiera dir\u00eda que nos\u00a0 <strong>sobran razones y ganancias<\/strong> para <strong>descansar<\/strong> de tanto esfuerzo. Mientras algunos pueden\/podemos disfrutar a\u00fan de asueto tras varias jornada de trabajo, durante el \u00faltimo trimestre cada d\u00eda<strong> 1.500 trabajadores<\/strong> han perdido el trabajo y la necesidad de puente festivo. En Euskadi tambi\u00e9n se dispara, aunque su 12% parezca estar muy lejos del 22% de la espa\u00f1ola que goza del desempleo.<\/p>\n<p>A este incremento constante le acompa\u00f1a la extinci\u00f3n paulatina del derecho de muchos a percibir el subsidio de desempleo y tambi\u00e9n el de la ayuda de emergencia social. Sorprende que con estos <strong>terror\u00edficos \u00edndices laborales<\/strong>, en lugar de una salida masiva a la playa\/pueblo, no haya estadillos sociales tumultuosos de <strong>indignados tipo-15M<\/strong> pero en las barricadas.<\/p>\n<p>Tal vez el tradicional apoyo familiar sea amortiguador id\u00f3neo <strong>contra la desesperaci\u00f3n laboral<\/strong> junto con ese desconocido-conocid\u00edsimo 23% del PIB en negocio negro que no conoce IVA ni impuesto alguno. Quiz\u00e1 quienes se mueven en los puentes festivos generan riqueza y trabajo en el sector tur\u00edstico, pero cuando todos los indicadores econ\u00f3mico-financiero-laborales-sociales se balancean del rojo al negro, sorprende que en lugar de llevar estas fiestas a <strong>viernes<\/strong> o lunes, tengamos fiesta un martes s\u00ed y otro tambi\u00e9n. A no ser que estemos entrenando para cuando todos los d\u00edas sean <strong>fiestas de paro<\/strong> y <strong>desesperaci\u00f3n<\/strong>.\u00a0<\/p>\n<p><a href=\"mailto:nlauzirika@deia.com\">nlauzirika@deia.com<\/a><\/p>\n<p>A nadie amarga una fiesta<\/p>\n<p>El viernes casi al mismo tiempo que publicaban los \u00faltimos datos, descorazonadoras cifras, de la EPA de este trimestre sobre el paro, muchos-much\u00edsimos ciudadanos\/as estar\u00edan preparando sus b\u00e1rtulos para un largo fin de semana, d\u00edas de reconfortante descanso despu\u00e9s del arduo trabajo. Y a partir de las tres de la tarde largas hileras en las salidas de las grandes ciudades. Viendo las atestadas autopistas y colas en los aeropuertos nadie dir\u00eda que unas horas antes nos hubieran comunicado que cinco millones de conciudadanos no tienen empleo y que en mill\u00f3n y medio de hogares ninguno de sus miembros recibe ingreso alguno. Pero es que, adem\u00e1s, en la CAV \u00e9ste es continuidad del semipuente de la semana anterior construido con el pilar de la fiesta inventada por el americano mr. L\u00f3pez, y menos mal que el d\u00edadelaraza de dos semanas antes cay\u00f3 en mi\u00e9rcoles y el acueducto festivo era de dif\u00edcil hechura. Claro que para finiquitar el a\u00f1o, en diciembre nos espera una primera semana de fiestas intermitentes con sus correspondientes puentes-viaductos antes de que lleguen las navide\u00f1as propiamente dichas.\u00a0 Cualquiera dir\u00eda que nos\u00a0 sobran razones y ganancias para descansar de tanto esfuerzo. Mientras algunos pueden\/podemos disfrutar a\u00fan de asueto tras varias jornada de trabajo, durante el \u00faltimo trimestre cada d\u00eda 1500 trabajadores han perdido el trabajo y la necesidad de puente festivo. En Euskadi tambi\u00e9n se dispara, aunque su 12% parezca estar muy lejos del 22% de la espa\u00f1ola que goza del desempleo. A este incremento constante le acompa\u00f1a la extinci\u00f3n paulatina del derecho de muchos a percibir el subsidio de desempleo y tambi\u00e9n el de la ayuda de emergencia social. Sorprende que con estos terror\u00edficos \u00edndices laborales, en lugar de una salida masiva a la playa\/pueblo, no haya estadillos sociales tumultuosos de indignados tipo-15M pero en las barricadas. Tal vez el tradicional apoyo familiar sea amortiguador id\u00f3neo contra la desesperaci\u00f3n laboral junto con ese desconocido-conocid\u00edsimo 23% del PIB en negocio negro que no conoce IVA ni impuesto alguno. Quiz\u00e1 quienes se mueven en los puentes festivos generan riqueza y trabajo en el sector tur\u00edstico, pero cuando todos los indicadores econ\u00f3mico-financiero-laborales-sociales se balancean del rojo al negro, sorprende que en lugar de llevar estas fiestas a viernes o lunes, tengamos fiesta un martes s\u00ed y otro tambi\u00e9n. A no ser que estemos entrenando para cuando todos los d\u00edas sean fiestas de paro y desesperaci\u00f3n.\u00a0<\/p>\n<p><a href=\"mailto:nlauzirika@deia.com\">nlauzirika@deia.com<\/a><\/p>\n<!-- AddThis Advanced Settings generic via filter on the_content --><!-- AddThis Share Buttons generic via filter on the_content -->","protected":false},"excerpt":{"rendered":"<p>El viernes casi al mismo tiempo que publicaban los \u00faltimos datos, descorazonadoras cifras, de la EPA de este trimestre sobre el paro, muchos-much\u00edsimos ciudadanos\/as estar\u00edan preparando sus b\u00e1rtulos para un largo fin de semana, d\u00edas de reconfortante descanso despu\u00e9s del arduo trabajo. Y a partir de las tres de la tarde largas hileras en las &hellip; <a href=\"https:\/\/blogs.deia.eus\/desdeotramirada\/2011\/10\/31\/a-nadie-le-amarga-una-fiesta\/\" class=\"more-link\">Sigue leyendo <span class=\"screen-reader-text\">A nadie le amarga una fiesta<\/span><\/a><!-- AddThis Advanced Settings generic via filter on get_the_excerpt --><!-- AddThis Share Buttons generic via filter on get_the_excerpt --><\/p>\n","protected":false},"author":35,"featured_media":0,"comment_status":"open","ping_status":"open","sticky":false,"template":"","format":"standard","meta":{"footnotes":""},"categories":[1544],"tags":[],"class_list":["post-225","post","type-post","status-publish","format-standard","hentry","category-sin-categoria"],"_links":{"self":[{"href":"https:\/\/blogs.deia.eus\/desdeotramirada\/wp-json\/wp\/v2\/posts\/225","targetHints":{"allow":["GET"]}}],"collection":[{"href":"https:\/\/blogs.deia.eus\/desdeotramirada\/wp-json\/wp\/v2\/posts"}],"about":[{"href":"https:\/\/blogs.deia.eus\/desdeotramirada\/wp-json\/wp\/v2\/types\/post"}],"author":[{"embeddable":true,"href":"https:\/\/blogs.deia.eus\/desdeotramirada\/wp-json\/wp\/v2\/users\/35"}],"replies":[{"embeddable":true,"href":"https:\/\/blogs.deia.eus\/desdeotramirada\/wp-json\/wp\/v2\/comments?post=225"}],"version-history":[{"count":1,"href":"https:\/\/blogs.deia.eus\/desdeotramirada\/wp-json\/wp\/v2\/posts\/225\/revisions"}],"predecessor-version":[{"id":227,"href":"https:\/\/blogs.deia.eus\/desdeotramirada\/wp-json\/wp\/v2\/posts\/225\/revisions\/227"}],"wp:attachment":[{"href":"https:\/\/blogs.deia.eus\/desdeotramirada\/wp-json\/wp\/v2\/media?parent=225"}],"wp:term":[{"taxonomy":"category","embeddable":true,"href":"https:\/\/blogs.deia.eus\/desdeotramirada\/wp-json\/wp\/v2\/categories?post=225"},{"taxonomy":"post_tag","embeddable":true,"href":"https:\/\/blogs.deia.eus\/desdeotramirada\/wp-json\/wp\/v2\/tags?post=225"}],"curies":[{"name":"wp","href":"https:\/\/api.w.org\/{rel}","templated":true}]}}