{"id":229,"date":"2011-11-07T19:24:46","date_gmt":"2011-11-07T18:24:46","guid":{"rendered":"http:\/\/blogs.deia.com\/desdeotramirada\/?p=229"},"modified":"2011-11-07T19:24:46","modified_gmt":"2011-11-07T18:24:46","slug":"lo-que-no-pueden-decir-ni-vamos-a-escuchar","status":"publish","type":"post","link":"https:\/\/blogs.deia.eus\/desdeotramirada\/2011\/11\/07\/lo-que-no-pueden-decir-ni-vamos-a-escuchar\/","title":{"rendered":"Lo que no pueden decir ni vamos a escuchar"},"content":{"rendered":"<p><a href=\"http:\/\/blogs.deia.com\/desdeotramirada\/files\/2011\/11\/IRUA_21.jpg\"><img loading=\"lazy\" decoding=\"async\" class=\"aligncenter size-full wp-image-230\" src=\"http:\/\/blogs.deia.com\/desdeotramirada\/files\/2011\/11\/IRUA_21.jpg\" alt=\"\" width=\"200\" height=\"154\" \/><\/a>Franco, Primo de Rivera, Durruti, Zumbi, Santi Brouard, Muguruza\u2026 es largo el obituario 20N. Ahora elecciones. No me gustar\u00eda que <strong>Euskalherria<\/strong> apareciera como no desea ser <strong>ni m\u00e1s \u00e1crata<\/strong> de lo que algunos quisieran que fuera, as\u00ed que si en democracia la palabra es arma \u00fanica de confrontaci\u00f3n, entiendo que aquello que no se diga no exista.<\/p>\n<p>Por lo que me temo que en esta pr\u00f3xima confrontaci\u00f3n 20N electoral-verbal quede m\u00e1s de un asunto pendiente, no ya sin resolver sino en el tintero, sin ni tan siquiera verbalizarse. Porque no creo que digan que los ciudadanos\/as se sienten identificados con sus pol\u00edticos, ni tan siquiera con los que voten, entre otras razones porque el 30% se abstendr\u00e1 y el \u00abNo sabe\u00bb aparece como tercera fuerza parlamentaria (15,4%).<\/p>\n<p>No dir\u00e1n, aunque lo sepan, que a algunos medi\u00e1ticos el<strong> <em>harakiri<\/em><\/strong> de ETA les coge a traspi\u00e9s, porque se les acaban ciertas excusas. No dir\u00e1n del cambio clim\u00e1tico derivado de nuestras <strong><em>biodespilfarradoras<\/em><\/strong> actividades, ni propondr\u00e1n refer\u00e9ndums por nuestra independencia, porque no quieren darnos la palabra; ni dir\u00e1n que quien gane tendr\u00e1 s\u00f3lo el 25% del censo, aunque manipule el momio global, ni pedir\u00e1n, aunque lo desearan, <strong>\u00abbajaos los pantalones y apretaos el cintur\u00f3n a la vez\u00bb,<\/strong> ni sermonear\u00e1n a millones de pobres \u201cest\u00e1is viviendo por encima de vuestras posibilidades\u201d, ni por supuesto pregonar\u00e1n \u00abtenemos que ser austeros\u00bb cuando algunos tienen tres cargos-sueldos, o m\u00e1s.<\/p>\n<p>No prometer\u00e1n acabar con las indemnizaciones multimillonarias en bancos\/cajas porque muchos est\u00e1n pringados. S\u00ed invitar\u00e1n, \u201ct\u00fa decides\u201d, aunque s\u00f3lo votemos cada cuatro a\u00f1os para darles paso a su cuatrienio de mangoneo.<\/p>\n<p>Tampoco nos comunicar\u00e1n su apoyo al ya decidido ataque anglo-americano-israel\u00ed contra Ir\u00e1n. No sermonear\u00e1n <strong>\u00abvotar \u00fatil en conciencia\u00bb,<\/strong> su flagrante contradicci\u00f3n. Ni mentar\u00e1n palabra sobre el in\u00fatil derroche de un improductivo Senado, ni sobre un plebiscito para cotejar la monarqu\u00eda. Es improbable que citen la pronta salida de la crisis, porque quedan a\u00f1os para conseguirlo, gobierne quien gobierne.<\/p>\n<p>Seguramente podr\u00e1n a\u00f1ad\u00edrsele un mill\u00f3n m\u00e1s de silencios a esta lista. Con nuestra econom\u00eda catat\u00f3nica m\u00e1s lo que callan\/ocultan los mitineros, sorprenden tanta risa y efusivo aplauso en los espect\u00e1culos-m\u00edtines. En este espect\u00e1culo de puro cinismo donde algunos callan hasta conseguir nuestro voto, no resulta nada f\u00e1cil elegir entre <strong>votarles o botarles,<\/strong> sobre todo a quienes quieran hacernos creer que todos los sue\u00f1os se cumplen, cuando la mayor\u00eda se roncan.<\/p>\n<p><a href=\"mailto:nlauzirika@deia.com\"><\/a><\/p>\n<!-- AddThis Advanced Settings generic via filter on the_content --><!-- AddThis Share Buttons generic via filter on the_content -->","protected":false},"excerpt":{"rendered":"<p>Franco, Primo de Rivera, Durruti, Zumbi, Santi Brouard, Muguruza\u2026 es largo el obituario 20N. Ahora elecciones. No me gustar\u00eda que Euskalherria apareciera como no desea ser ni m\u00e1s \u00e1crata de lo que algunos quisieran que fuera, as\u00ed que si en democracia la palabra es arma \u00fanica de confrontaci\u00f3n, entiendo que aquello que no se diga &hellip; <a href=\"https:\/\/blogs.deia.eus\/desdeotramirada\/2011\/11\/07\/lo-que-no-pueden-decir-ni-vamos-a-escuchar\/\" class=\"more-link\">Sigue leyendo <span class=\"screen-reader-text\">Lo que no pueden decir ni vamos a escuchar<\/span><\/a><!-- AddThis Advanced Settings generic via filter on get_the_excerpt --><!-- AddThis Share Buttons generic via filter on get_the_excerpt --><\/p>\n","protected":false},"author":35,"featured_media":0,"comment_status":"open","ping_status":"open","sticky":false,"template":"","format":"standard","meta":{"footnotes":""},"categories":[1544],"tags":[],"class_list":["post-229","post","type-post","status-publish","format-standard","hentry","category-sin-categoria"],"_links":{"self":[{"href":"https:\/\/blogs.deia.eus\/desdeotramirada\/wp-json\/wp\/v2\/posts\/229","targetHints":{"allow":["GET"]}}],"collection":[{"href":"https:\/\/blogs.deia.eus\/desdeotramirada\/wp-json\/wp\/v2\/posts"}],"about":[{"href":"https:\/\/blogs.deia.eus\/desdeotramirada\/wp-json\/wp\/v2\/types\/post"}],"author":[{"embeddable":true,"href":"https:\/\/blogs.deia.eus\/desdeotramirada\/wp-json\/wp\/v2\/users\/35"}],"replies":[{"embeddable":true,"href":"https:\/\/blogs.deia.eus\/desdeotramirada\/wp-json\/wp\/v2\/comments?post=229"}],"version-history":[{"count":1,"href":"https:\/\/blogs.deia.eus\/desdeotramirada\/wp-json\/wp\/v2\/posts\/229\/revisions"}],"predecessor-version":[{"id":231,"href":"https:\/\/blogs.deia.eus\/desdeotramirada\/wp-json\/wp\/v2\/posts\/229\/revisions\/231"}],"wp:attachment":[{"href":"https:\/\/blogs.deia.eus\/desdeotramirada\/wp-json\/wp\/v2\/media?parent=229"}],"wp:term":[{"taxonomy":"category","embeddable":true,"href":"https:\/\/blogs.deia.eus\/desdeotramirada\/wp-json\/wp\/v2\/categories?post=229"},{"taxonomy":"post_tag","embeddable":true,"href":"https:\/\/blogs.deia.eus\/desdeotramirada\/wp-json\/wp\/v2\/tags?post=229"}],"curies":[{"name":"wp","href":"https:\/\/api.w.org\/{rel}","templated":true}]}}