{"id":232,"date":"2011-11-14T12:07:31","date_gmt":"2011-11-14T11:07:31","guid":{"rendered":"http:\/\/blogs.deia.com\/desdeotramirada\/?p=232"},"modified":"2011-11-14T12:07:31","modified_gmt":"2011-11-14T11:07:31","slug":"se-necesita-cientificoa-urgente","status":"publish","type":"post","link":"https:\/\/blogs.deia.eus\/desdeotramirada\/2011\/11\/14\/se-necesita-cientificoa-urgente\/","title":{"rendered":"Se necesita cient\u00edfico\/a, urgente"},"content":{"rendered":"<p><a href=\"http:\/\/blogs.deia.com\/desdeotramirada\/files\/2011\/11\/el-roto-pensamiento-unico.gif\"><img loading=\"lazy\" decoding=\"async\" class=\"aligncenter size-medium wp-image-234\" src=\"http:\/\/blogs.deia.com\/desdeotramirada\/files\/2011\/11\/el-roto-pensamiento-unico-300x208.gif\" alt=\"\" width=\"300\" height=\"208\" srcset=\"https:\/\/blogs.deia.eus\/desdeotramirada\/files\/2011\/11\/el-roto-pensamiento-unico-300x208.gif 300w, https:\/\/blogs.deia.eus\/desdeotramirada\/files\/2011\/11\/el-roto-pensamiento-unico.gif 540w\" sizes=\"auto, (max-width: 300px) 100vw, 300px\" \/><\/a>Aunque haya quien crea que la riqueza de un pa\u00eds se mide por el acero o los megawatios producidos, <strong>la riqueza<\/strong> incuestionable <strong>est\u00e1<\/strong> en el n\u00famero de <strong>cient\u00edficos-investigadores<\/strong> <strong>que tenga<\/strong>. As\u00ed, si dejamos que desciendan las vocaciones cient\u00edficas tendremos serio motivo de preocupaci\u00f3n; seguramente m\u00e1s preocupante que nuestra crisis econ\u00f3mica.<\/p>\n<p>Las actividades cient\u00edficas divulgativas en la Alh\u00f3ndiga-Bilbao con motivo de la XI Semana de la Ciencia reflejan las que se desarrollan en el mundo entero para acercar la Cultura cient\u00edfica a todos. La <strong>ciencia es Cultura<\/strong>, tanto como saber qui\u00e9n escribi\u00f3 El Quijote, porque la Ciencia no la define la materia sino el m\u00e9todo utilizado, porque la ciencia es un todo que est\u00e1 en nosotros y en nuestro entorno: climatolog\u00eda, GPS, ecograf\u00eda, antibi\u00f3tico\u2026 aunque no siempre seamos conscientes de la necesidad de la investigaci\u00f3n cient\u00edfica para nuestra vida cotidiana.<\/p>\n<p>\u00a0Estas divulgaciones p\u00fablicas resultan imprescindibles si queremos que sean conocidos y valorados los avances cient\u00edficos y para que la ciencia\/tecnolog\u00eda respondan a las necesidades de los ciudadanos y no vuelva a imperar el \u201c\u00a1que inventen ellos!\u201d. Quienes lideraron el mundo siempre lo hicieron apostando por la ciencia.<\/p>\n<p>\u00a0Muchos piensan que la ciencia interesa poco o nada a la sociedad porque nuestro sistema educativo-productivo estrangula la actividad cient\u00edfica y a los investigadores brillantes, augurando por ello un declive cient\u00edfico en Occidente y en Euskadi, en particular.<\/p>\n<p>No parece l\u00f3gica la menguante presencia de la ciencia en la educaci\u00f3n b\u00e1sica ni que a los 16 a\u00f1os un alumno\/a pueda cortar toda relaci\u00f3n acad\u00e9mica con la matem\u00e1ticas\/qu\u00edmica\/f\u00edsica\/biolog\u00eda\u2026 ni que en los institutos los alumnos\/as de ciencias disminuyan paulatinamente, ni que en la universidad haya \u201cinfinitamente\u201d m\u00e1s en \u00e1reas de letras que de ciencias, con el consecuente descenso de vocaciones cient\u00edficas.<\/p>\n<p>Seguramente, durante la educaci\u00f3n (b\u00e1sica o universitaria) no se potencia adecuadamente el esfuerzo ni el af\u00e1n por aprender, investigar y desvelar inc\u00f3gnitas. No ayudan algunos cient\u00edficos instalados en un pedestal, pero tampoco en los medios se juega a favor de la ciencia cuando el arquetipo del cient\u00edfico es el feo y extravagante de la pel\u00edcula. No es extra\u00f1o que en la crisis actual los continuos recortes en los presupuestos \u201cde inversi\u00f3n\u201d para ciencia e investigaci\u00f3n no generen protesta popular. As\u00ed inventar\u00e1n otros y nos limitaremos a pagar royalties ajenos. En un mundo tenebroso la ciencia es una buena vela y sembrar ciencia es procurarse una cosecha futura de prosperidad.<\/p>\n<!-- AddThis Advanced Settings generic via filter on the_content --><!-- AddThis Share Buttons generic via filter on the_content -->","protected":false},"excerpt":{"rendered":"<p>Aunque haya quien crea que la riqueza de un pa\u00eds se mide por el acero o los megawatios producidos, la riqueza incuestionable est\u00e1 en el n\u00famero de cient\u00edficos-investigadores que tenga. As\u00ed, si dejamos que desciendan las vocaciones cient\u00edficas tendremos serio motivo de preocupaci\u00f3n; seguramente m\u00e1s preocupante que nuestra crisis econ\u00f3mica. Las actividades cient\u00edficas divulgativas en &hellip; <a href=\"https:\/\/blogs.deia.eus\/desdeotramirada\/2011\/11\/14\/se-necesita-cientificoa-urgente\/\" class=\"more-link\">Sigue leyendo <span class=\"screen-reader-text\">Se necesita cient\u00edfico\/a, urgente<\/span><\/a><!-- AddThis Advanced Settings generic via filter on get_the_excerpt --><!-- AddThis Share Buttons generic via filter on get_the_excerpt --><\/p>\n","protected":false},"author":35,"featured_media":0,"comment_status":"open","ping_status":"open","sticky":false,"template":"","format":"standard","meta":{"footnotes":""},"categories":[1544],"tags":[],"class_list":["post-232","post","type-post","status-publish","format-standard","hentry","category-sin-categoria"],"_links":{"self":[{"href":"https:\/\/blogs.deia.eus\/desdeotramirada\/wp-json\/wp\/v2\/posts\/232","targetHints":{"allow":["GET"]}}],"collection":[{"href":"https:\/\/blogs.deia.eus\/desdeotramirada\/wp-json\/wp\/v2\/posts"}],"about":[{"href":"https:\/\/blogs.deia.eus\/desdeotramirada\/wp-json\/wp\/v2\/types\/post"}],"author":[{"embeddable":true,"href":"https:\/\/blogs.deia.eus\/desdeotramirada\/wp-json\/wp\/v2\/users\/35"}],"replies":[{"embeddable":true,"href":"https:\/\/blogs.deia.eus\/desdeotramirada\/wp-json\/wp\/v2\/comments?post=232"}],"version-history":[{"count":1,"href":"https:\/\/blogs.deia.eus\/desdeotramirada\/wp-json\/wp\/v2\/posts\/232\/revisions"}],"predecessor-version":[{"id":235,"href":"https:\/\/blogs.deia.eus\/desdeotramirada\/wp-json\/wp\/v2\/posts\/232\/revisions\/235"}],"wp:attachment":[{"href":"https:\/\/blogs.deia.eus\/desdeotramirada\/wp-json\/wp\/v2\/media?parent=232"}],"wp:term":[{"taxonomy":"category","embeddable":true,"href":"https:\/\/blogs.deia.eus\/desdeotramirada\/wp-json\/wp\/v2\/categories?post=232"},{"taxonomy":"post_tag","embeddable":true,"href":"https:\/\/blogs.deia.eus\/desdeotramirada\/wp-json\/wp\/v2\/tags?post=232"}],"curies":[{"name":"wp","href":"https:\/\/api.w.org\/{rel}","templated":true}]}}