{"id":241,"date":"2011-11-28T18:30:32","date_gmt":"2011-11-28T17:30:32","guid":{"rendered":"http:\/\/blogs.deia.com\/desdeotramirada\/?p=241"},"modified":"2011-11-28T18:31:02","modified_gmt":"2011-11-28T17:31:02","slug":"vuelva-usted-manana","status":"publish","type":"post","link":"https:\/\/blogs.deia.eus\/desdeotramirada\/2011\/11\/28\/vuelva-usted-manana\/","title":{"rendered":"Vuelva usted ma\u00f1ana"},"content":{"rendered":"<p><a href=\"http:\/\/blogs.deia.com\/desdeotramirada\/files\/2011\/11\/untitled.png\"><img loading=\"lazy\" decoding=\"async\" class=\"aligncenter size-full wp-image-242\" src=\"http:\/\/blogs.deia.com\/desdeotramirada\/files\/2011\/11\/untitled.png\" alt=\"\" width=\"198\" height=\"131\" \/><\/a>nadie como <strong>Larra<\/strong> ha compendiado tan lapidariamente la opini\u00f3n social imperante <strong>sobre los funcionarios<\/strong>. La sombra de mala fama es alargada. \u00abAita es rapid\u00edsimo, va hasta Berl\u00edn en\u00a0 2 horas\u00bb; \u00abeso no es nada \u2013le responde su amigo\u2013, el m\u00edo vive en Getxo, trabaja en Lakua de ocho a tres, y a las dosymedia\u00a0 come en casa\u00bb.<\/p>\n<p>Eficacia funcionarial. Pero claro, las generalizaciones son un c\u00famulo de vaguedades que se extienden cual reguero de aceite sin deslindar verdad\u2014leyenda urbana sobre la inmensa mayor\u00eda de los probos \u201cservidores p\u00fablicos\u201d; no sonr\u00edan con sorna porque en l\u00edneas generales lo son.<\/p>\n<p>La honestidad, incluso profesional, es virtud de dif\u00edcil medida. Pero desde Larra hasta hoy la idea del disfuncionamiento del funcionario no s\u00f3lo no mengua sino que se incrementa generacionalmente. As\u00ed lo somatiza la sociedad, as\u00ed lo utilizan los gobiernos.<\/p>\n<p><strong>El de L\u00f3pez<\/strong> ya est\u00e1 tomando medidas de estrechura al cuerpo serrano funcionarial porque acepta esa lesa <strong>culpabilidad<\/strong> del funcionario por tener trabajo fijo; no importa que en \u00e9poca tanto de vacas gordas\u00a0 como flacas gane lo mismo sin capacidad para especular \u2014no como otros profesionales hom\u00f3nimos\u2014 ni cobrar sobrestomaycalla, sino la bien-tasada n\u00f3mina p\u00fablica-IRPF. Tambi\u00e9n es acusado subrepticiamente del incierto\u00a0 nopegarunpalo al agua, cuando la inspecci\u00f3n est\u00e1 en manos de <strong>los<\/strong> <strong>Lopezboys.<\/strong><\/p>\n<p>\u00a0Tampoco les dejar\u00e1n el resquicio de jubilarse voluntariamente a los 60, por insolidario e improductivo ya que en este pa\u00eds no existen prejubiletasde50ypico en Telefonica, AHV, Santander-Hispano, Iberdrola&#8230; y otras much\u00edsimas empresas p\u00fablicas\/semip\u00fablicas y privadas.<\/p>\n<p>Tal vez las mentes lopecianas los vean como sus escoltas ya superfluos, sus manumisos liberados sindicales y sus tropecientos asesores, entes cobrantes bajocuerdayenchufe, olvid\u00e1ndose de que frente a unos pocos lustrosos servidores de s\u00ed mismos en la funci\u00f3n p\u00fablica, en el colectivo mayoritario hay <strong>profesores<\/strong>,<strong> bedeles<\/strong>, <strong>celadores,<\/strong> <strong>m\u00e9dicos de familia<\/strong>\u2026, todos ellos con soldada bien tasada para vivir hasta final de mes\u2026 a los que pasar\u00e1n la gorra \u2014reducci\u00f3n de bajas, jubilaciones, sustituciones\u2026\u2014 para ahorrarse 100milloneuros en una Euskadi-CAV donde el fraude fiscal estimado ronda los 6.000millones, con el <strong>de \u00a0Coscojales<\/strong> mirando a las <strong>musara\u00f1as<\/strong> mientras escucha rock de <strong>Vetusta Morla<\/strong>.<\/p>\n<p>Para ahorros m\u00e1s sustanciosos podr\u00edan dejar de contratar servicios externos en Osakidetza y Educaci\u00f3n \u00a0para trabajos que pueden hacer funcionarios. No defender\u00e9 que por el esfuerzo de preparar una oposici\u00f3n tengan derecho a todo, pero tampoco ser\u00e1 que por lo mismo no tengan derecho ni a expectativas de derechos.<\/p>\n<!-- AddThis Advanced Settings generic via filter on the_content --><!-- AddThis Share Buttons generic via filter on the_content -->","protected":false},"excerpt":{"rendered":"<p>nadie como Larra ha compendiado tan lapidariamente la opini\u00f3n social imperante sobre los funcionarios. La sombra de mala fama es alargada. \u00abAita es rapid\u00edsimo, va hasta Berl\u00edn en\u00a0 2 horas\u00bb; \u00abeso no es nada \u2013le responde su amigo\u2013, el m\u00edo vive en Getxo, trabaja en Lakua de ocho a tres, y a las dosymedia\u00a0 come &hellip; <a href=\"https:\/\/blogs.deia.eus\/desdeotramirada\/2011\/11\/28\/vuelva-usted-manana\/\" class=\"more-link\">Sigue leyendo <span class=\"screen-reader-text\">Vuelva usted ma\u00f1ana<\/span><\/a><!-- AddThis Advanced Settings generic via filter on get_the_excerpt --><!-- AddThis Share Buttons generic via filter on get_the_excerpt --><\/p>\n","protected":false},"author":35,"featured_media":0,"comment_status":"open","ping_status":"open","sticky":false,"template":"","format":"standard","meta":{"footnotes":""},"categories":[1544],"tags":[],"class_list":["post-241","post","type-post","status-publish","format-standard","hentry","category-sin-categoria"],"_links":{"self":[{"href":"https:\/\/blogs.deia.eus\/desdeotramirada\/wp-json\/wp\/v2\/posts\/241","targetHints":{"allow":["GET"]}}],"collection":[{"href":"https:\/\/blogs.deia.eus\/desdeotramirada\/wp-json\/wp\/v2\/posts"}],"about":[{"href":"https:\/\/blogs.deia.eus\/desdeotramirada\/wp-json\/wp\/v2\/types\/post"}],"author":[{"embeddable":true,"href":"https:\/\/blogs.deia.eus\/desdeotramirada\/wp-json\/wp\/v2\/users\/35"}],"replies":[{"embeddable":true,"href":"https:\/\/blogs.deia.eus\/desdeotramirada\/wp-json\/wp\/v2\/comments?post=241"}],"version-history":[{"count":6,"href":"https:\/\/blogs.deia.eus\/desdeotramirada\/wp-json\/wp\/v2\/posts\/241\/revisions"}],"predecessor-version":[{"id":249,"href":"https:\/\/blogs.deia.eus\/desdeotramirada\/wp-json\/wp\/v2\/posts\/241\/revisions\/249"}],"wp:attachment":[{"href":"https:\/\/blogs.deia.eus\/desdeotramirada\/wp-json\/wp\/v2\/media?parent=241"}],"wp:term":[{"taxonomy":"category","embeddable":true,"href":"https:\/\/blogs.deia.eus\/desdeotramirada\/wp-json\/wp\/v2\/categories?post=241"},{"taxonomy":"post_tag","embeddable":true,"href":"https:\/\/blogs.deia.eus\/desdeotramirada\/wp-json\/wp\/v2\/tags?post=241"}],"curies":[{"name":"wp","href":"https:\/\/api.w.org\/{rel}","templated":true}]}}