{"id":251,"date":"2011-12-06T11:46:50","date_gmt":"2011-12-06T10:46:50","guid":{"rendered":"http:\/\/blogs.deia.com\/desdeotramirada\/?p=251"},"modified":"2011-12-06T11:47:19","modified_gmt":"2011-12-06T10:47:19","slug":"el-tufillo-real-entre-inmunidad-e-impunidad","status":"publish","type":"post","link":"https:\/\/blogs.deia.eus\/desdeotramirada\/2011\/12\/06\/el-tufillo-real-entre-inmunidad-e-impunidad\/","title":{"rendered":"El tufillo real entre inmunidad e impunidad"},"content":{"rendered":"<p><a href=\"http:\/\/blogs.deia.com\/desdeotramirada\/files\/2011\/12\/DBNEWS1.jpg\"><img loading=\"lazy\" decoding=\"async\" class=\"aligncenter size-medium wp-image-254\" src=\"http:\/\/blogs.deia.com\/desdeotramirada\/files\/2011\/12\/DBNEWS1-300x182.jpg\" alt=\"\" width=\"300\" height=\"182\" srcset=\"https:\/\/blogs.deia.eus\/desdeotramirada\/files\/2011\/12\/DBNEWS1-300x182.jpg 300w, https:\/\/blogs.deia.eus\/desdeotramirada\/files\/2011\/12\/DBNEWS1.jpg 600w\" sizes=\"auto, (max-width: 300px) 100vw, 300px\" \/><\/a>Ma\u00f1ana ser\u00e1 puente sabroso para la mayor\u00eda mientras unos pocos bien situados celebran la fiesta de la Constituci\u00f3n. En el brindis al sol del pre\u00e1mbulo constitucional habla de orden econ\u00f3mico y social justo, se cita la digna calidad de vida y un Estado de derecho bajo el imperio de la Ley.<\/p>\n<p>M\u00e1s adelante, en el T\u00edtulo II, art. 56.3 y en contradicci\u00f3n flagrante con el pre\u00e1mbulo, nos avasallan con la <strong>inviolabilidad<\/strong> y <strong>carencia <\/strong>de responsabilidad <strong>del rey<\/strong>. Esta inmunidad que los redactores del texto entend\u00edan solo en el ejercicio p\u00fablico de su cargo, ha devenido con los a\u00f1os\/lustros\/d\u00e9cadas en un deslizamiento paulatino hacia la impunidad total para todos sus actos&#8230; personales y del resto de la prol\u00edfica familia real; todo ello con el entusi\u00e1stico apoyo de un grupetto pol\u00edtico-medi\u00e1tico (<strong>psoe-exrepublicano al frente)<\/strong> a modo de corte en la sombra amparadora.<\/p>\n<p>Cuentas opacas, <strong>enriquecimiento desmesurado<\/strong>, m\u00e1s que probables fondos en para\u00edsos fiscales, tropel\u00edas cineg\u00e9ticas y medioambientales, exabruptos p\u00fablicos hacia sus contrarios y detractores, <strong>amor\u00edos, rupturas<\/strong> <strong>y borbonadas<\/strong>&#8230; son con casi total probabilidad tan ciertos como ocultados a la opini\u00f3n p\u00fablica por los medios, amaestrados unos y amenazados otros si lo airean. Hay quien dice que las reales gafas oscuras no solo ocultan el morat\u00f3n del portazo sino la verg\u00fcenza de la pillada al yerno, lo que a \u00e9l nunca le sucedi\u00f3. Este pre\u00e1mbulo es para tratar de comprender y dimensionar la magnitud del esc\u00e1ndalo en el que est\u00e1 involucrado el se\u00f1or (es un decir) duque Urdangarin.<\/p>\n<p>Aunque su habilidad con las manos fuera ol\u00edmpica, no parece ser tanta como para urdir \u00e9l solito un tinglado de succi\u00f3n\/desviaci\u00f3n y apropiaci\u00f3n de fondos econ\u00f3micos de variopintas procedencias para engrosar su cuenta por medio de sociedades presuntamente sin \u00e1nimo de lucro, con el muy probable paso subsiguiente <strong>de lavarlo en negro y\/o llev\u00e1rselo a para\u00edsos fiscales. <\/strong>Es dif\u00edcil aceptar que tama\u00f1o tinglado de latrocinio econ\u00f3mico a las arcas p\u00fablicas haya sido urdido por banqueros y pol\u00edticos baleares y valencianos solo con la palabra del consorte principesco sin el aval en la sombra de la corona. Un visto bueno que ahora tratar\u00e1n primero de negar y despu\u00e9s de ocultar, en el tr\u00e1nsito real habitual de inmunidad a impunidad. Porque \u00e9ste ha sido hasta hoy el consuetudinario camino real constitucional, todo atado y bien tapado. <strong>Son verdades<\/strong>, pero <strong>verdades de pobre<\/strong> que seguramente ser\u00e1n agua de lluvia perdida en el mar.<\/p>\n<!-- AddThis Advanced Settings generic via filter on the_content --><!-- AddThis Share Buttons generic via filter on the_content -->","protected":false},"excerpt":{"rendered":"<p>Ma\u00f1ana ser\u00e1 puente sabroso para la mayor\u00eda mientras unos pocos bien situados celebran la fiesta de la Constituci\u00f3n. En el brindis al sol del pre\u00e1mbulo constitucional habla de orden econ\u00f3mico y social justo, se cita la digna calidad de vida y un Estado de derecho bajo el imperio de la Ley. M\u00e1s adelante, en el &hellip; <a href=\"https:\/\/blogs.deia.eus\/desdeotramirada\/2011\/12\/06\/el-tufillo-real-entre-inmunidad-e-impunidad\/\" class=\"more-link\">Sigue leyendo <span class=\"screen-reader-text\">El tufillo real entre inmunidad e impunidad<\/span><\/a><!-- AddThis Advanced Settings generic via filter on get_the_excerpt --><!-- AddThis Share Buttons generic via filter on get_the_excerpt --><\/p>\n","protected":false},"author":35,"featured_media":0,"comment_status":"open","ping_status":"open","sticky":false,"template":"","format":"standard","meta":{"footnotes":""},"categories":[1544],"tags":[],"class_list":["post-251","post","type-post","status-publish","format-standard","hentry","category-sin-categoria"],"_links":{"self":[{"href":"https:\/\/blogs.deia.eus\/desdeotramirada\/wp-json\/wp\/v2\/posts\/251","targetHints":{"allow":["GET"]}}],"collection":[{"href":"https:\/\/blogs.deia.eus\/desdeotramirada\/wp-json\/wp\/v2\/posts"}],"about":[{"href":"https:\/\/blogs.deia.eus\/desdeotramirada\/wp-json\/wp\/v2\/types\/post"}],"author":[{"embeddable":true,"href":"https:\/\/blogs.deia.eus\/desdeotramirada\/wp-json\/wp\/v2\/users\/35"}],"replies":[{"embeddable":true,"href":"https:\/\/blogs.deia.eus\/desdeotramirada\/wp-json\/wp\/v2\/comments?post=251"}],"version-history":[{"count":2,"href":"https:\/\/blogs.deia.eus\/desdeotramirada\/wp-json\/wp\/v2\/posts\/251\/revisions"}],"predecessor-version":[{"id":256,"href":"https:\/\/blogs.deia.eus\/desdeotramirada\/wp-json\/wp\/v2\/posts\/251\/revisions\/256"}],"wp:attachment":[{"href":"https:\/\/blogs.deia.eus\/desdeotramirada\/wp-json\/wp\/v2\/media?parent=251"}],"wp:term":[{"taxonomy":"category","embeddable":true,"href":"https:\/\/blogs.deia.eus\/desdeotramirada\/wp-json\/wp\/v2\/categories?post=251"},{"taxonomy":"post_tag","embeddable":true,"href":"https:\/\/blogs.deia.eus\/desdeotramirada\/wp-json\/wp\/v2\/tags?post=251"}],"curies":[{"name":"wp","href":"https:\/\/api.w.org\/{rel}","templated":true}]}}