{"id":258,"date":"2011-12-13T12:05:11","date_gmt":"2011-12-13T11:05:11","guid":{"rendered":"http:\/\/blogs.deia.com\/desdeotramirada\/?p=258"},"modified":"2011-12-13T12:05:11","modified_gmt":"2011-12-13T11:05:11","slug":"torrido-verano-global","status":"publish","type":"post","link":"https:\/\/blogs.deia.eus\/desdeotramirada\/2011\/12\/13\/torrido-verano-global\/","title":{"rendered":"T\u00f3rrido verano global"},"content":{"rendered":"<p><a href=\"http:\/\/blogs.deia.com\/desdeotramirada\/files\/2011\/12\/empresa-contaminacion-s.jpg\"><img loading=\"lazy\" decoding=\"async\" class=\"aligncenter size-medium wp-image-259\" src=\"http:\/\/blogs.deia.com\/desdeotramirada\/files\/2011\/12\/empresa-contaminacion-s-300x233.jpg\" alt=\"\" width=\"300\" height=\"233\" srcset=\"https:\/\/blogs.deia.eus\/desdeotramirada\/files\/2011\/12\/empresa-contaminacion-s-300x233.jpg 300w, https:\/\/blogs.deia.eus\/desdeotramirada\/files\/2011\/12\/empresa-contaminacion-s.jpg 472w\" sizes=\"auto, (max-width: 300px) 100vw, 300px\" \/><\/a><\/p>\n<p>Panorama de ensue\u00f1o para frioleros. Seg\u00fan los expertos, 450ppm (partespormill\u00f3n) de CO<sub>2<\/sub> podr\u00eda ser una concentraci\u00f3n cr\u00edtica de no retorno. Con las 389ppm actuales caminamos por el calentamiento global hacia un acelerado cambio clim\u00e1tico jam\u00e1s conocido.<\/p>\n<p>De no remediarse, los humanos estaremos condenados a una subida media de 3\u00b0C antes de fin de siglo, con su secuela de deshielo de glaciares, sequ\u00edas\/desertificaci\u00f3n, subidas del nivel marino\u2026 es decir, <strong>hambrunas y destrucci\u00f3n para millones de personas<\/strong> (pobres de pa\u00edses pobres en especial), un apocalipsis ambiental. Para muchos esto es algo cierto, para otros especulaci\u00f3n cient\u00edfica.<\/p>\n<p>Al lluvioso verano le est\u00e1 sucediendo un c\u00e1lido oto\u00f1o de pluviometr\u00eda r\u00e1cana \u2013exceptuando alg\u00fan aguaducho\u2013, lo que podr\u00eda ser preludio de un invierno suave. O no. Porque es percepci\u00f3n personal de mi entorno, lo que resulta poco significativo para analizar cambios en el clima, para lo que se requiere un an\u00e1lisis serio y riguroso de per\u00edodos largos. Pero a tenor de los quejumbrosos lamentos de los aficionados al esqu\u00ed que a estas alturas del oto\u00f1o a\u00f1oran el blanco, algo s\u00ed deber estar cambiando.<\/p>\n<p>\u00a0Es posible que con la omnipresente crisis econ\u00f3mica inund\u00e1ndolo todo, el inter\u00e9s informativo se centre exclusivamente en Sarkozy-Merkel, econom\u00eda y paro; as\u00ed que, siguiendo el l\u00f3gica \u201cprimum vivere, deinde philosophari\u201d, quiz\u00e1 podamos olvidarnos de controlar algo no tan inmediato pero no menos necesario: las emisiones de gases invernadero \u2013CO<sub>2 <\/sub>y metano\u2013, con el cambio clim\u00e1tico consecuente.<\/p>\n<p>\u00a0Precisamente para esto se hab\u00eda convocado en <strong>Durban la XVII<\/strong> Conferencia Ambiental. Al parecer los resultados son un fracaso cuasitotal y entre la negativa de EEUU al acuerdo de Kioto, la marcha atr\u00e1s de rusos\/japoneses y canadienses junto a las dilaciones de pa\u00edses emergentes \u2013China e India\u2013, la conferencia finaliza \u201cin albis\u201d, generando incertidumbre en la inmensa mayor\u00eda de los pa\u00edses, pues tras Copenhague y Canc\u00fan \u00e9sta ser\u00e1 la tercera cumbre que sucumba ante la prepotencia e intereses economicistas de unos pocos.<\/p>\n<p>Las <strong>naciones ricas<\/strong> reniegan del compromiso <strong>de pagar<\/strong> <strong>su deuda cli<\/strong>m\u00e1tica, consolidando falsas soluciones como \u00a0el mercadeo del CO<sub>2<\/sub>, la tecnolog\u00eda peligrosa de su almacenamiento, la ampliaci\u00f3n de terrenos cultivables y pastoreo con deforestaci\u00f3n legalizada como en Brasil con el nuevo c\u00f3digo forestal, u ofreciendo ayudas raqu\u00edticas a pa\u00edses vulnerables al cambio clim\u00e1tico. Empe\u00f1ados en rescatar los muebles \u2013los bancos y el sistema financiero\u2013 puede que los pa\u00edses poderosos se est\u00e9n olvidando de salvar la casa. \u00a1<strong>Uff, qu\u00e9 calor!<\/strong><\/p>\n<p><strong>\u00a0<\/strong><\/p>\n<!-- AddThis Advanced Settings generic via filter on the_content --><!-- AddThis Share Buttons generic via filter on the_content -->","protected":false},"excerpt":{"rendered":"<p>Panorama de ensue\u00f1o para frioleros. Seg\u00fan los expertos, 450ppm (partespormill\u00f3n) de CO2 podr\u00eda ser una concentraci\u00f3n cr\u00edtica de no retorno. Con las 389ppm actuales caminamos por el calentamiento global hacia un acelerado cambio clim\u00e1tico jam\u00e1s conocido. De no remediarse, los humanos estaremos condenados a una subida media de 3\u00b0C antes de fin de siglo, con &hellip; <a href=\"https:\/\/blogs.deia.eus\/desdeotramirada\/2011\/12\/13\/torrido-verano-global\/\" class=\"more-link\">Sigue leyendo <span class=\"screen-reader-text\">T\u00f3rrido verano global<\/span><\/a><!-- AddThis Advanced Settings generic via filter on get_the_excerpt --><!-- AddThis Share Buttons generic via filter on get_the_excerpt --><\/p>\n","protected":false},"author":35,"featured_media":0,"comment_status":"open","ping_status":"open","sticky":false,"template":"","format":"standard","meta":{"footnotes":""},"categories":[1544],"tags":[],"class_list":["post-258","post","type-post","status-publish","format-standard","hentry","category-sin-categoria"],"_links":{"self":[{"href":"https:\/\/blogs.deia.eus\/desdeotramirada\/wp-json\/wp\/v2\/posts\/258","targetHints":{"allow":["GET"]}}],"collection":[{"href":"https:\/\/blogs.deia.eus\/desdeotramirada\/wp-json\/wp\/v2\/posts"}],"about":[{"href":"https:\/\/blogs.deia.eus\/desdeotramirada\/wp-json\/wp\/v2\/types\/post"}],"author":[{"embeddable":true,"href":"https:\/\/blogs.deia.eus\/desdeotramirada\/wp-json\/wp\/v2\/users\/35"}],"replies":[{"embeddable":true,"href":"https:\/\/blogs.deia.eus\/desdeotramirada\/wp-json\/wp\/v2\/comments?post=258"}],"version-history":[{"count":1,"href":"https:\/\/blogs.deia.eus\/desdeotramirada\/wp-json\/wp\/v2\/posts\/258\/revisions"}],"predecessor-version":[{"id":260,"href":"https:\/\/blogs.deia.eus\/desdeotramirada\/wp-json\/wp\/v2\/posts\/258\/revisions\/260"}],"wp:attachment":[{"href":"https:\/\/blogs.deia.eus\/desdeotramirada\/wp-json\/wp\/v2\/media?parent=258"}],"wp:term":[{"taxonomy":"category","embeddable":true,"href":"https:\/\/blogs.deia.eus\/desdeotramirada\/wp-json\/wp\/v2\/categories?post=258"},{"taxonomy":"post_tag","embeddable":true,"href":"https:\/\/blogs.deia.eus\/desdeotramirada\/wp-json\/wp\/v2\/tags?post=258"}],"curies":[{"name":"wp","href":"https:\/\/api.w.org\/{rel}","templated":true}]}}