{"id":262,"date":"2011-12-19T12:13:11","date_gmt":"2011-12-19T11:13:11","guid":{"rendered":"http:\/\/blogs.deia.com\/desdeotramirada\/?p=262"},"modified":"2011-12-19T12:13:11","modified_gmt":"2011-12-19T11:13:11","slug":"feliz-navidad-y-viacruces-real-de-2012","status":"publish","type":"post","link":"https:\/\/blogs.deia.eus\/desdeotramirada\/2011\/12\/19\/feliz-navidad-y-viacruces-real-de-2012\/","title":{"rendered":"Feliz navidad y viacruces real de 2012"},"content":{"rendered":"<p><a href=\"http:\/\/blogs.deia.com\/desdeotramirada\/files\/2011\/12\/rey-de-bastos.jpg\"><img loading=\"lazy\" decoding=\"async\" class=\"aligncenter size-medium wp-image-263\" src=\"http:\/\/blogs.deia.com\/desdeotramirada\/files\/2011\/12\/rey-de-bastos-193x300.jpg\" alt=\"\" width=\"193\" height=\"300\" srcset=\"https:\/\/blogs.deia.eus\/desdeotramirada\/files\/2011\/12\/rey-de-bastos-193x300.jpg 193w, https:\/\/blogs.deia.eus\/desdeotramirada\/files\/2011\/12\/rey-de-bastos-661x1024.jpg 661w, https:\/\/blogs.deia.eus\/desdeotramirada\/files\/2011\/12\/rey-de-bastos.jpg 781w\" sizes=\"auto, (max-width: 193px) 100vw, 193px\" \/><\/a>Cuando el se\u00f1or (es un hablar) Strauss-Khan fue declarado no culpable de violaci\u00f3n en New York la sentencia favorable no confirmaba su salida indemne, porque se qued\u00f3 con dos graves condenas adosadas: ser cad\u00e1ver pol\u00edtico y acostarse s\u00f3lo con la esposa leg\u00edtima (dura condena de por vida para un s\u00e1tiro).\u00a0<\/p>\n<p>\u00a0D\u00e9mosle las vueltas que le demos, cada uno arrastra su propia cruz en los viacrucis particulares. Al parecer, estamos pagando nuestro avance hacia el progreso con rastrojos de penoso futuro, como ese 26,1% de ni\u00f1o\/as que sufren sobrepeso y el m\u00e1s alarmante 19,1% que padecen obesidad infantil, por encima de los estadounidenses con el 16%.<\/p>\n<p>\u00a0Pero si preocupante es la actual obesidad, m\u00e1s a\u00fan lo ser\u00e1 cuando el 80% de los hoy gorditos si no se reconducen sus malos h\u00e1bitos, conviertan nuestra sociedad en un futuro de adultos obesos. El exceso de peso es causa directa del 8% del gasto sanitario en el Estado y factor determinante en la g\u00e9nesis de diabetes y enfermedades cardiovasculares que reducen dr\u00e1sticamente la esperanza de vida.<\/p>\n<p>En el \u00e1mbito p\u00fablico nuestros orondos dispendios de hace unos a\u00f1os en aeropuertos fara\u00f3nicos inservibles, palacios de congresos fantasmales, convocatorias de funcionarios innecesarios y mil dislates m\u00e1s, han producido una obesidad de la que nadie se ha librado. As\u00ed que con cinco millones de parados oficiales y un mill\u00f3n de familias sin ingreso alguno, si no navegamos ya por la insurrecci\u00f3n social generalizada s\u00f3lo puede deberse a ese 23% del PIB en econom\u00eda sumergida.<\/p>\n<p>\u00a0Pero dif\u00edcilmente encontraremos alguien capaz de atajar ese futuro de obesos, porque a los matesas, filesas, gurteles, Conde, Camps\u2026 y affaire mil de pol\u00edticos\/banqueros y prohombres se le ha unido la previsible aunque ocultada causa: la monarqu\u00eda en papel de tapadera. Han encontrado un chivo expiatorio, llam\u00e9mosle Urdangarin, pero el papel del rey y la monarqu\u00eda en la sombra bien visible est\u00e1 quedando al descubierto.<\/p>\n<p>As\u00ed no puede extra\u00f1ar que la aceptaci\u00f3n de la monarqu\u00eda (intr\u00ednsecamente anti-democr\u00e1tica) vaya en franco y alarmante retroceso. Porque m\u00e1s de uno se preguntar\u00e1, \u00bfqui\u00e9n vigila al vigilante? \u00bfel jefe de los vigilantes ante qui\u00e9n responde?\u00bfacaso ante el mismo dios que le nombr\u00f3 rey?\u00a0<\/p>\n<p>\u00a0La cortes\u00eda de las fechas invita a felicitarnos las navidades y un pr\u00f3spero a\u00f1o 2012, pero a la vista del mercadeo actual de esta rastrojera, tal vez debi\u00e9ramos pasar directamente a desearnos prosperidad para 2013. \u00bf<strong>Quiz\u00e1 sea demasiado pronto?<\/strong><\/p>\n<p><strong>\u00a0<\/strong><\/p>\n<!-- AddThis Advanced Settings generic via filter on the_content --><!-- AddThis Share Buttons generic via filter on the_content -->","protected":false},"excerpt":{"rendered":"<p>Cuando el se\u00f1or (es un hablar) Strauss-Khan fue declarado no culpable de violaci\u00f3n en New York la sentencia favorable no confirmaba su salida indemne, porque se qued\u00f3 con dos graves condenas adosadas: ser cad\u00e1ver pol\u00edtico y acostarse s\u00f3lo con la esposa leg\u00edtima (dura condena de por vida para un s\u00e1tiro).\u00a0 \u00a0D\u00e9mosle las vueltas que le &hellip; <a href=\"https:\/\/blogs.deia.eus\/desdeotramirada\/2011\/12\/19\/feliz-navidad-y-viacruces-real-de-2012\/\" class=\"more-link\">Sigue leyendo <span class=\"screen-reader-text\">Feliz navidad y viacruces real de 2012<\/span><\/a><!-- AddThis Advanced Settings generic via filter on get_the_excerpt --><!-- AddThis Share Buttons generic via filter on get_the_excerpt --><\/p>\n","protected":false},"author":35,"featured_media":0,"comment_status":"open","ping_status":"open","sticky":false,"template":"","format":"standard","meta":{"footnotes":""},"categories":[1544],"tags":[],"class_list":["post-262","post","type-post","status-publish","format-standard","hentry","category-sin-categoria"],"_links":{"self":[{"href":"https:\/\/blogs.deia.eus\/desdeotramirada\/wp-json\/wp\/v2\/posts\/262","targetHints":{"allow":["GET"]}}],"collection":[{"href":"https:\/\/blogs.deia.eus\/desdeotramirada\/wp-json\/wp\/v2\/posts"}],"about":[{"href":"https:\/\/blogs.deia.eus\/desdeotramirada\/wp-json\/wp\/v2\/types\/post"}],"author":[{"embeddable":true,"href":"https:\/\/blogs.deia.eus\/desdeotramirada\/wp-json\/wp\/v2\/users\/35"}],"replies":[{"embeddable":true,"href":"https:\/\/blogs.deia.eus\/desdeotramirada\/wp-json\/wp\/v2\/comments?post=262"}],"version-history":[{"count":1,"href":"https:\/\/blogs.deia.eus\/desdeotramirada\/wp-json\/wp\/v2\/posts\/262\/revisions"}],"predecessor-version":[{"id":264,"href":"https:\/\/blogs.deia.eus\/desdeotramirada\/wp-json\/wp\/v2\/posts\/262\/revisions\/264"}],"wp:attachment":[{"href":"https:\/\/blogs.deia.eus\/desdeotramirada\/wp-json\/wp\/v2\/media?parent=262"}],"wp:term":[{"taxonomy":"category","embeddable":true,"href":"https:\/\/blogs.deia.eus\/desdeotramirada\/wp-json\/wp\/v2\/categories?post=262"},{"taxonomy":"post_tag","embeddable":true,"href":"https:\/\/blogs.deia.eus\/desdeotramirada\/wp-json\/wp\/v2\/tags?post=262"}],"curies":[{"name":"wp","href":"https:\/\/api.w.org\/{rel}","templated":true}]}}