{"id":274,"date":"2012-01-09T18:25:01","date_gmt":"2012-01-09T17:25:01","guid":{"rendered":"http:\/\/blogs.deia.com\/desdeotramirada\/?p=274"},"modified":"2012-01-09T22:03:46","modified_gmt":"2012-01-09T21:03:46","slug":"7-dias-a-la-semana-24-horas-al-dia","status":"publish","type":"post","link":"https:\/\/blogs.deia.eus\/desdeotramirada\/2012\/01\/09\/7-dias-a-la-semana-24-horas-al-dia\/","title":{"rendered":"7 d\u00edas a la semana, 24 horas al d\u00eda"},"content":{"rendered":"<p><a href=\"http:\/\/blogs.deia.com\/desdeotramirada\/files\/2012\/01\/24%20horas1.jpg\"><\/a><a href=\"http:\/\/blogs.deia.com\/desdeotramirada\/files\/2012\/01\/MEN_SA1.jpg\"><img loading=\"lazy\" decoding=\"async\" class=\"aligncenter size-medium wp-image-277\" src=\"http:\/\/blogs.deia.com\/desdeotramirada\/files\/2012\/01\/MEN_SA1-300x171.jpg\" alt=\"\" width=\"300\" height=\"171\" srcset=\"https:\/\/blogs.deia.eus\/desdeotramirada\/files\/2012\/01\/MEN_SA1-300x171.jpg 300w, https:\/\/blogs.deia.eus\/desdeotramirada\/files\/2012\/01\/MEN_SA1.jpg 640w\" sizes=\"auto, (max-width: 300px) 100vw, 300px\" \/><\/a>Con la excusa de Reyes se ha ensayado una vez m\u00e1s el intento de liberalizar\/desregular totalmente el horario comercial en Bilbao. Hace unos d\u00edas necesitaba fotocopia de unos papeles antes de firmarlos en el banco para despu\u00e9s presentarlos en el ayuntamiento.<\/p>\n<p>Tras salir del trabajo ma\u00f1anero con el tiempo apurado llegu\u00e9 cuando echaban la\u00a0 persiana a la tienda de fotocopias, el banco hab\u00eda cerrado seis minutos antes y en la puerta del ayuntamiento pude leer en un decorativo cartelito que mi retraso era de cinco inapelables minutos.<\/p>\n<p>Ese d\u00eda ni fotocopia, ni gesti\u00f3n bancaria ni solicitud municipal. Con la normativa esperanzaaguirreniana podr\u00eda esperar que la fotocopister\u00eda funcionara las 24 horas y que mi panadera mantuviera noche y d\u00eda mi pan calentito siempre a punto.<\/p>\n<p>Lo que me pregunto es para qu\u00e9 la fotocopia si no tendr\u00e9 banco ni\u00a0 ayuntamiento que me atienda por la tarde, ni en s\u00e1bado y menos un domingo o fiesta de guardar. El consumo como m\u00e1ximo exponente del progreso nos pone en la tesitura ultraneoliberal del consumirconsumir o fenecer. Mientras persiste la duda de si existe la ciudad con actividad porque encontramos comercios abiertos o si hay comercios abiertos porque existe actividad ciudadana, escuchamos la cantinela liberalizadora al arrumaco soterrado de las grandes superficies \u201ces inconcebible que una ciudad como Bilbao aspirante a polo tur\u00edstico tenga sus comercios cerrados domingos y noches todas\u201d.<\/p>\n<p>Da igual \u2013dicen\u2013 la hora del d\u00eda o de la noche y el d\u00eda de la semana, porque todos los d\u00edas y horas son h\u00e1biles para comprar y en consecuencia es necesario que el comercio est\u00e9 abierto ininterrumpidamente: tipo supermercado chino.<\/p>\n<p>No parece importar que los comercios peque\u00f1os puedan ahogarse en la tela de ara\u00f1a horaria de las grandes cadenas comerciales, ni que su inexorable desaparici\u00f3n por desregulaci\u00f3n especulativa llevara al paro a muchos trabajadores. Bilbao marcha empujado hacia este tipo de mercadeo de 24 horas\/7d\u00edas: ya no har\u00e1 falta ser previsor\/a, puede antoj\u00e1rsenos un cigarro habano a las dos de la madrugada, un bikini al fresco amanecer de febrero o comprar a medianoche los anillos de boda\u2026 todo ser\u00eda factible cuando el horario de comercio se desregule y liberalice totalmente.<\/p>\n<p>Claro que ni con anillos y aunque tuvieras novio\/a podr\u00edas casarte, porque a esas horas nocturnas ni iglesias, ni ayuntamiento ni juzgados prestan servicios nupciales. Qu\u00e9 liberalizar horarios est\u00e1 muy bien, pero s\u00f3lo para los otros trabajadores.<\/p>\n<!-- AddThis Advanced Settings generic via filter on the_content --><!-- AddThis Share Buttons generic via filter on the_content -->","protected":false},"excerpt":{"rendered":"<p>Con la excusa de Reyes se ha ensayado una vez m\u00e1s el intento de liberalizar\/desregular totalmente el horario comercial en Bilbao. Hace unos d\u00edas necesitaba fotocopia de unos papeles antes de firmarlos en el banco para despu\u00e9s presentarlos en el ayuntamiento. Tras salir del trabajo ma\u00f1anero con el tiempo apurado llegu\u00e9 cuando echaban la\u00a0 persiana &hellip; <a href=\"https:\/\/blogs.deia.eus\/desdeotramirada\/2012\/01\/09\/7-dias-a-la-semana-24-horas-al-dia\/\" class=\"more-link\">Sigue leyendo <span class=\"screen-reader-text\">7 d\u00edas a la semana, 24 horas al d\u00eda<\/span><\/a><!-- AddThis Advanced Settings generic via filter on get_the_excerpt --><!-- AddThis Share Buttons generic via filter on get_the_excerpt --><\/p>\n","protected":false},"author":35,"featured_media":0,"comment_status":"open","ping_status":"open","sticky":false,"template":"","format":"standard","meta":{"footnotes":""},"categories":[1544],"tags":[],"class_list":["post-274","post","type-post","status-publish","format-standard","hentry","category-sin-categoria"],"_links":{"self":[{"href":"https:\/\/blogs.deia.eus\/desdeotramirada\/wp-json\/wp\/v2\/posts\/274","targetHints":{"allow":["GET"]}}],"collection":[{"href":"https:\/\/blogs.deia.eus\/desdeotramirada\/wp-json\/wp\/v2\/posts"}],"about":[{"href":"https:\/\/blogs.deia.eus\/desdeotramirada\/wp-json\/wp\/v2\/types\/post"}],"author":[{"embeddable":true,"href":"https:\/\/blogs.deia.eus\/desdeotramirada\/wp-json\/wp\/v2\/users\/35"}],"replies":[{"embeddable":true,"href":"https:\/\/blogs.deia.eus\/desdeotramirada\/wp-json\/wp\/v2\/comments?post=274"}],"version-history":[{"count":3,"href":"https:\/\/blogs.deia.eus\/desdeotramirada\/wp-json\/wp\/v2\/posts\/274\/revisions"}],"predecessor-version":[{"id":281,"href":"https:\/\/blogs.deia.eus\/desdeotramirada\/wp-json\/wp\/v2\/posts\/274\/revisions\/281"}],"wp:attachment":[{"href":"https:\/\/blogs.deia.eus\/desdeotramirada\/wp-json\/wp\/v2\/media?parent=274"}],"wp:term":[{"taxonomy":"category","embeddable":true,"href":"https:\/\/blogs.deia.eus\/desdeotramirada\/wp-json\/wp\/v2\/categories?post=274"},{"taxonomy":"post_tag","embeddable":true,"href":"https:\/\/blogs.deia.eus\/desdeotramirada\/wp-json\/wp\/v2\/tags?post=274"}],"curies":[{"name":"wp","href":"https:\/\/api.w.org\/{rel}","templated":true}]}}