{"id":282,"date":"2012-01-20T11:57:47","date_gmt":"2012-01-20T10:57:47","guid":{"rendered":"http:\/\/blogs.deia.com\/desdeotramirada\/?p=282"},"modified":"2012-01-20T11:57:47","modified_gmt":"2012-01-20T10:57:47","slug":"siete-jueces-para-siete-sentencias","status":"publish","type":"post","link":"https:\/\/blogs.deia.eus\/desdeotramirada\/2012\/01\/20\/siete-jueces-para-siete-sentencias\/","title":{"rendered":"Siete jueces para siete sentencias"},"content":{"rendered":"<p><a href=\"http:\/\/blogs.deia.com\/desdeotramirada\/files\/2012\/01\/GARZON.png\"><img loading=\"lazy\" decoding=\"async\" class=\"aligncenter size-full wp-image-283\" src=\"http:\/\/blogs.deia.com\/desdeotramirada\/files\/2012\/01\/GARZON.png\" alt=\"\" width=\"225\" height=\"225\" srcset=\"https:\/\/blogs.deia.eus\/desdeotramirada\/files\/2012\/01\/GARZON.png 225w, https:\/\/blogs.deia.eus\/desdeotramirada\/files\/2012\/01\/GARZON-150x150.png 150w\" sizes=\"auto, (max-width: 225px) 100vw, 225px\" \/><\/a>Dicen que \u201ccon la capa de los gitanos se arropan los aldeanos\u201d. No s\u00e9 si puede servir para (en)cubrirse la capi\u00f1a-excusa de quienes son mucho m\u00e1s pobres que ellos, pero es buen subterfugio, chivo expiatorio perfecto. Aunque la econom\u00eda y su descenso al averno financiero lo acapare casi todo, queda huequecito junto a la crisis y tal vez al socaire entrelazado a ella, para poner en el candelero medi\u00e1tico los enjuiciamientos a \u00bfresponsables pol\u00edticos? y sus aleda\u00f1os.<\/p>\n<p>Los trajes-Gurtel de Camps y los tejemanejes de Matas dan para mucho, pero el m\u00e1s sonado es el del yern\u00edsimo del Borb\u00f3n, majestad seren\u00edsima en plena zozobra, aunque a buen seguro haya encontrado el chivo expiatorio para el sacrificio ritual redentor de toda la prole real.<\/p>\n<p>Aunque la excusa real reporte siempre ping\u00fces beneficios, es probable que tras treinta a\u00f1os de urdangarinear aqu\u00ed y all\u00e1, los borbones hayan encontrado la v\u00e1lvula para soltar lastre y tapar debilidades propias en la rapi\u00f1a-capi\u00f1a del advenedizo. Podr\u00edan cruzarse apuestas sobre la sentencia final, pero es jugar con ventaja saber que ning\u00fan pelo real ser\u00e1 judicialmente desmadejado.<\/p>\n<p>Y si no, se indulta como al consejero del Santander, Alfredo Saenz. Mientras, al<strong> ilustre Garz\u00f3n<\/strong>, <em>machacaetarras<\/em> de pro, lo quieren trincar por hurgar entre los <em>Gurtel-boys,<\/em> por dudosas ayudas de estudios y sobre todo por intentar conocer donde reposan en paz los muertos-rojillos de la guerra (in)civil. Mientras atornillaba a vascos descarriados le aplaud\u00edan con las orejas, pero meterse en el jard\u00edn florido-espinoso de algunos poderosos es otra cosa\u2026<\/p>\n<p>\u00a0En jard\u00edn de espinas se mete el juez Ruz reactivando la causa contra Bush, sus generales y jefes de la CIA por las torturas-cr\u00edmenes de Guant\u00e1namo. Aduce \u00ab<em>v\u00ednculo de las v\u00edctimas con Espa\u00f1a<\/em>\u00bb ante la falta de respuesta de EEUU. Es demandar al sol por los c\u00e1nceres de piel. Por lo visto, la majader\u00eda hispana ligada al ADN viene de lejos.<\/p>\n<p>Estando de acuerdo con el funcionario de la Generalitat Alfonso Puncel al querellarse contra la alcaldesa de Valencia, Rita Barber\u00e1, por \u00abinjurias y calumnias\u00bb tras \u00a0decir que \u00abtodos los funcionarios reciben regalos\u00bb, esperaremos en vano Justicia, porque mientras Barber\u00e1 reparte porquer\u00eda, los ciudadanos\/as perdemos dinero y tiempo empe\u00f1\u00e1ndonos en buscar Justicia en una instituci\u00f3n que machaca r\u00e1pidamente a disidentes e hipotecados o busca litigio en Am\u00e9rica o la luna, pero se la coge con papel de fumar ante banqueros, pol\u00edticos y por supuesto <strong>la familia real.<\/strong><\/p>\n<p><strong>\u00a0<\/strong><\/p>\n<!-- AddThis Advanced Settings generic via filter on the_content --><!-- AddThis Share Buttons generic via filter on the_content -->","protected":false},"excerpt":{"rendered":"<p>Dicen que \u201ccon la capa de los gitanos se arropan los aldeanos\u201d. No s\u00e9 si puede servir para (en)cubrirse la capi\u00f1a-excusa de quienes son mucho m\u00e1s pobres que ellos, pero es buen subterfugio, chivo expiatorio perfecto. Aunque la econom\u00eda y su descenso al averno financiero lo acapare casi todo, queda huequecito junto a la crisis &hellip; <a href=\"https:\/\/blogs.deia.eus\/desdeotramirada\/2012\/01\/20\/siete-jueces-para-siete-sentencias\/\" class=\"more-link\">Sigue leyendo <span class=\"screen-reader-text\">Siete jueces para siete sentencias<\/span><\/a><!-- AddThis Advanced Settings generic via filter on get_the_excerpt --><!-- AddThis Share Buttons generic via filter on get_the_excerpt --><\/p>\n","protected":false},"author":35,"featured_media":0,"comment_status":"open","ping_status":"open","sticky":false,"template":"","format":"standard","meta":{"footnotes":""},"categories":[1544],"tags":[],"class_list":["post-282","post","type-post","status-publish","format-standard","hentry","category-sin-categoria"],"_links":{"self":[{"href":"https:\/\/blogs.deia.eus\/desdeotramirada\/wp-json\/wp\/v2\/posts\/282","targetHints":{"allow":["GET"]}}],"collection":[{"href":"https:\/\/blogs.deia.eus\/desdeotramirada\/wp-json\/wp\/v2\/posts"}],"about":[{"href":"https:\/\/blogs.deia.eus\/desdeotramirada\/wp-json\/wp\/v2\/types\/post"}],"author":[{"embeddable":true,"href":"https:\/\/blogs.deia.eus\/desdeotramirada\/wp-json\/wp\/v2\/users\/35"}],"replies":[{"embeddable":true,"href":"https:\/\/blogs.deia.eus\/desdeotramirada\/wp-json\/wp\/v2\/comments?post=282"}],"version-history":[{"count":1,"href":"https:\/\/blogs.deia.eus\/desdeotramirada\/wp-json\/wp\/v2\/posts\/282\/revisions"}],"predecessor-version":[{"id":284,"href":"https:\/\/blogs.deia.eus\/desdeotramirada\/wp-json\/wp\/v2\/posts\/282\/revisions\/284"}],"wp:attachment":[{"href":"https:\/\/blogs.deia.eus\/desdeotramirada\/wp-json\/wp\/v2\/media?parent=282"}],"wp:term":[{"taxonomy":"category","embeddable":true,"href":"https:\/\/blogs.deia.eus\/desdeotramirada\/wp-json\/wp\/v2\/categories?post=282"},{"taxonomy":"post_tag","embeddable":true,"href":"https:\/\/blogs.deia.eus\/desdeotramirada\/wp-json\/wp\/v2\/tags?post=282"}],"curies":[{"name":"wp","href":"https:\/\/api.w.org\/{rel}","templated":true}]}}