{"id":286,"date":"2012-01-31T21:08:24","date_gmt":"2012-01-31T20:08:24","guid":{"rendered":"http:\/\/blogs.deia.com\/desdeotramirada\/?p=286"},"modified":"2012-01-31T21:08:24","modified_gmt":"2012-01-31T20:08:24","slug":"el-obstaculo-maternal","status":"publish","type":"post","link":"https:\/\/blogs.deia.eus\/desdeotramirada\/2012\/01\/31\/el-obstaculo-maternal\/","title":{"rendered":"El obst\u00e1culo maternal"},"content":{"rendered":"<p><a href=\"http:\/\/blogs.deia.com\/desdeotramirada\/files\/2012\/01\/OPUES-BUENA1.jpg\"><img loading=\"lazy\" decoding=\"async\" class=\"aligncenter size-medium wp-image-288\" src=\"http:\/\/blogs.deia.com\/desdeotramirada\/files\/2012\/01\/OPUES-BUENA1-300x223.jpg\" alt=\"\" width=\"300\" height=\"223\" srcset=\"https:\/\/blogs.deia.eus\/desdeotramirada\/files\/2012\/01\/OPUES-BUENA1-300x223.jpg 300w, https:\/\/blogs.deia.eus\/desdeotramirada\/files\/2012\/01\/OPUES-BUENA1.jpg 400w\" sizes=\"auto, (max-width: 300px) 100vw, 300px\" \/><\/a>En la carta a los g\u00e1latas se lee: \u00ab\u2026 todos los bautizados os hab\u00e9is revestido de Cristo. Ya no hay jud\u00edo ni griego, esclavo ni libre, hombre ni mujer: todos sois uno en Jesucristo\u2026 herederos de la promesa\u00bb. Adem\u00e1s de cuando arremete contra los gays \u00abpor su comportamiento social inadecuado\u00bb, es posible que al arzobispo de Tarragona, Mons. Pujol, tambi\u00e9n se le olvidara esta herencia b\u00edblica cuando afirma: \u00ablas mujeres no pueden oficiar misa como yo no puedo parir\u00bb.<\/p>\n<p>A esto se llama colocar a cada uno\/a en su sitio sin pa\u00f1os calientes. Atisbo la imposibilidad biol\u00f3gica del mos\u00e9n por evidencia anat\u00f3mica, pero se escapa la similitud con poder oficiar una misa, funci\u00f3n derivada del mero ordenamiento eclesial, no imposibilitado por Dios sino por la propia Iglesia masculinizada por ellos.<\/p>\n<p>\u00a0Podr\u00eda haber aducido que como cualquier sociedad, la iglesia tiene su propia norma donde no entra el sacerdocio femenino; hubiera sido suficiente sin contraponer la importancia de Ad\u00e1n o su costilla, ni arguyendo que la funci\u00f3n esencial de las f\u00e9minas es traer hijos al mundo. Podr\u00eda haber pensado que para hacerlo ellas necesitan que alg\u00fan otro cumpla su funci\u00f3n biol\u00f3gica y no se abstengan por mero mandato de celibato eclesial.<\/p>\n<p>\u00a0El prelado asegura que no siente discriminada a la mujer en la Iglesia, ni est\u00e1n un poco m\u00e1s abajo que ellos; aunque a continuaci\u00f3n este miembro<strong> del Opus Dei<\/strong> diga que la mujer a quien tiene que cuidar es al marido. Tal vez si monse\u00f1or cree que la mujer s\u00f3lo sabe-debe cuidar del hogar-privado, entienda que no puede ser sacerdote-cura por su incapacidad para cuidar de algo\/alguien m\u00e1s que su consorte.<\/p>\n<p>\u00a0El arzobispo posteriormente ha pedido disculpa\/perd\u00f3n aunque sin retractarse, porque \u00e9l responde con el coraz\u00f3n abierto a todos, aunque evidentemente sus palabras condenen a las personas a la sospecha, la minusvaloraci\u00f3n (mujeres) o al rechazo social (gays). \u00abOficialmente\u00bb en 2011 asesinaron a 66 mujeres y desde 2003 han muerto violentamente 605; en un mes de 2012 ya han liquidado a 9 bajo lo que algunos (ministra incluida) denominan violencia dom\u00e9stica, restando cruda realidad a lo que es clara violencia de g\u00e9nero.<\/p>\n<p>Si la preeminencia desde estas instancias p\u00fablicas se da al var\u00f3n por serlo independientemente de su val\u00eda, si el machito es tratado como h\u00e9roe social, de qu\u00e9 sirven leyes de igualdad y proteger a la mitad de la poblaci\u00f3n. Asunto duro este de tener que ser s\u00f3lo madre.<\/p>\n<!-- AddThis Advanced Settings generic via filter on the_content --><!-- AddThis Share Buttons generic via filter on the_content -->","protected":false},"excerpt":{"rendered":"<p>En la carta a los g\u00e1latas se lee: \u00ab\u2026 todos los bautizados os hab\u00e9is revestido de Cristo. Ya no hay jud\u00edo ni griego, esclavo ni libre, hombre ni mujer: todos sois uno en Jesucristo\u2026 herederos de la promesa\u00bb. Adem\u00e1s de cuando arremete contra los gays \u00abpor su comportamiento social inadecuado\u00bb, es posible que al arzobispo &hellip; <a href=\"https:\/\/blogs.deia.eus\/desdeotramirada\/2012\/01\/31\/el-obstaculo-maternal\/\" class=\"more-link\">Sigue leyendo <span class=\"screen-reader-text\">El obst\u00e1culo maternal<\/span><\/a><!-- AddThis Advanced Settings generic via filter on get_the_excerpt --><!-- AddThis Share Buttons generic via filter on get_the_excerpt --><\/p>\n","protected":false},"author":35,"featured_media":0,"comment_status":"open","ping_status":"open","sticky":false,"template":"","format":"standard","meta":{"footnotes":""},"categories":[1544],"tags":[],"class_list":["post-286","post","type-post","status-publish","format-standard","hentry","category-sin-categoria"],"_links":{"self":[{"href":"https:\/\/blogs.deia.eus\/desdeotramirada\/wp-json\/wp\/v2\/posts\/286","targetHints":{"allow":["GET"]}}],"collection":[{"href":"https:\/\/blogs.deia.eus\/desdeotramirada\/wp-json\/wp\/v2\/posts"}],"about":[{"href":"https:\/\/blogs.deia.eus\/desdeotramirada\/wp-json\/wp\/v2\/types\/post"}],"author":[{"embeddable":true,"href":"https:\/\/blogs.deia.eus\/desdeotramirada\/wp-json\/wp\/v2\/users\/35"}],"replies":[{"embeddable":true,"href":"https:\/\/blogs.deia.eus\/desdeotramirada\/wp-json\/wp\/v2\/comments?post=286"}],"version-history":[{"count":1,"href":"https:\/\/blogs.deia.eus\/desdeotramirada\/wp-json\/wp\/v2\/posts\/286\/revisions"}],"predecessor-version":[{"id":289,"href":"https:\/\/blogs.deia.eus\/desdeotramirada\/wp-json\/wp\/v2\/posts\/286\/revisions\/289"}],"wp:attachment":[{"href":"https:\/\/blogs.deia.eus\/desdeotramirada\/wp-json\/wp\/v2\/media?parent=286"}],"wp:term":[{"taxonomy":"category","embeddable":true,"href":"https:\/\/blogs.deia.eus\/desdeotramirada\/wp-json\/wp\/v2\/categories?post=286"},{"taxonomy":"post_tag","embeddable":true,"href":"https:\/\/blogs.deia.eus\/desdeotramirada\/wp-json\/wp\/v2\/tags?post=286"}],"curies":[{"name":"wp","href":"https:\/\/api.w.org\/{rel}","templated":true}]}}