{"id":291,"date":"2012-02-06T13:07:45","date_gmt":"2012-02-06T12:07:45","guid":{"rendered":"http:\/\/blogs.deia.com\/desdeotramirada\/?p=291"},"modified":"2012-02-06T13:07:45","modified_gmt":"2012-02-06T12:07:45","slug":"anno-mariano-amen","status":"publish","type":"post","link":"https:\/\/blogs.deia.eus\/desdeotramirada\/2012\/02\/06\/anno-mariano-amen\/","title":{"rendered":"A\u00f1o mariano, am\u00e9n"},"content":{"rendered":"<p><a href=\"http:\/\/blogs.deia.com\/desdeotramirada\/files\/2012\/02\/pandilla_fachas-pp.jpg\"><img loading=\"lazy\" decoding=\"async\" class=\"aligncenter size-full wp-image-292\" src=\"http:\/\/blogs.deia.com\/desdeotramirada\/files\/2012\/02\/pandilla_fachas-pp.jpg\" alt=\"\" width=\"255\" height=\"255\" srcset=\"https:\/\/blogs.deia.eus\/desdeotramirada\/files\/2012\/02\/pandilla_fachas-pp.jpg 255w, https:\/\/blogs.deia.eus\/desdeotramirada\/files\/2012\/02\/pandilla_fachas-pp-150x150.jpg 150w\" sizes=\"auto, (max-width: 255px) 100vw, 255px\" \/><\/a>Hace unas semanas un pontevedr\u00e9s que hab\u00eda comprado por internet un alargador de pene recibi\u00f3 su paquete cargado de ilusi\u00f3n; pero estas ilusiones se le cayeron por los suelos al encontrarse con una vulgar lupa. Ante el chasco, fue a denunciar la supuesta estafa, pero \u00abt\u00e9cnicamente ser\u00eda discutible hablar de estafa, porque agrandar, lo que se dice agrandar, es lo que hace una lupa\u00bb, le espet\u00f3 con ir\u00f3nica retranca el comisario al presunto burlado. La sorna policial le hizo desistir al necesitado desilusionado.<\/p>\n<p>Cuando se vot\u00f3 la ley del divorcio, el exPP \u00c1lvarez Cascos vot\u00f3 en contra de ella, lo que no fue \u00f3bice para que despu\u00e9s \u00e9l se divorciara de su juramentada esposa <em><strong>hastaquelamuertenossepare<\/strong><\/em>. Antes la cadena perpetua no cab\u00eda en la constituci\u00f3n, pero ahora el sr. Gallard\u00f3n hace arrumacos a los barrotes <em>ad aeternum<\/em>; tambi\u00e9n se han aprovechado sus huestes de la ley actual del aborto aunque ahora propongan rebobinar hasta la ley\/1985, un joya de la inseguridad jur\u00eddica para m\u00e9dico y paciente, de justificaci\u00f3n hip\u00f3crita donde las haya e im\u00e1n atractivo para el turismo abortivo europeo.<\/p>\n<p>Tal vez lo entiendan mejor los estudiantes para los que se propone\u00a0 un salto a lo \u201c<em>Cu\u00e9ntame c\u00f3mo pas\u00f3<\/em>\u201d \u00a0en una escuela diferenciada, ellos aqu\u00ed, ellas all\u00ed. Al menos en dos ocasiones he escuchado a la ministra Ana Mato hablar de sanidad universal y de calidad, pero en ambos casos se le debi\u00f3 quedar en el tintero lo de p\u00fablica y gratuita.<\/p>\n<p>Es bastante congruente con lo que sus hom\u00f3nimos madrile\u00f1os planean bajo el ep\u00edgrafe \u201c<strong><em>la fiesta se acab\u00f3<\/em><\/strong>\u201d y \u201c<strong><em>no se puede vivir gratis del sistema<\/em><\/strong>\u201d refiri\u00e9ndose a enfermos cr\u00f3nicos, parados, ancianos, retrasados mentales, personas con taras\u2026 en fin, no quisiera pensar en eugenesia, porque bajo una visi\u00f3n economicista del sistema de salud son <strong><em>aut\u00e9nticos par<\/em><\/strong>\u00e1sitos que viven de gorra a costa de quienes s\u00ed producen.<\/p>\n<p>Sumen el copago sanitario \u2013tan negado como fijo a corto plazo\u2013, las tasas para litigar, la imposici\u00f3n de nuevas tasas en educaci\u00f3n, la esquilma de derechos laborales arduamente conseguidos hasta convertirlos en testimoniales\u2026 todo bajo la f\u00e9rula de que recortar las obligaciones del estado es necesario y progresista.<\/p>\n<p>En campa\u00f1a electoral prometieron alargadores, pero con los votos ya en su faltriquera este gobierno conservador acabar\u00e1 envi\u00e1ndonos lupas \u2013tras previo pago\u2013 para que podamos ver agrandado nuestro exiguo peculio econ\u00f3mico y de derechos sociales, caso de que nos dejen alguno.<\/p>\n<!-- AddThis Advanced Settings generic via filter on the_content --><!-- AddThis Share Buttons generic via filter on the_content -->","protected":false},"excerpt":{"rendered":"<p>Hace unas semanas un pontevedr\u00e9s que hab\u00eda comprado por internet un alargador de pene recibi\u00f3 su paquete cargado de ilusi\u00f3n; pero estas ilusiones se le cayeron por los suelos al encontrarse con una vulgar lupa. Ante el chasco, fue a denunciar la supuesta estafa, pero \u00abt\u00e9cnicamente ser\u00eda discutible hablar de estafa, porque agrandar, lo que &hellip; <a href=\"https:\/\/blogs.deia.eus\/desdeotramirada\/2012\/02\/06\/anno-mariano-amen\/\" class=\"more-link\">Sigue leyendo <span class=\"screen-reader-text\">A\u00f1o mariano, am\u00e9n<\/span><\/a><!-- AddThis Advanced Settings generic via filter on get_the_excerpt --><!-- AddThis Share Buttons generic via filter on get_the_excerpt --><\/p>\n","protected":false},"author":35,"featured_media":0,"comment_status":"open","ping_status":"open","sticky":false,"template":"","format":"standard","meta":{"footnotes":""},"categories":[1544],"tags":[],"class_list":["post-291","post","type-post","status-publish","format-standard","hentry","category-sin-categoria"],"_links":{"self":[{"href":"https:\/\/blogs.deia.eus\/desdeotramirada\/wp-json\/wp\/v2\/posts\/291","targetHints":{"allow":["GET"]}}],"collection":[{"href":"https:\/\/blogs.deia.eus\/desdeotramirada\/wp-json\/wp\/v2\/posts"}],"about":[{"href":"https:\/\/blogs.deia.eus\/desdeotramirada\/wp-json\/wp\/v2\/types\/post"}],"author":[{"embeddable":true,"href":"https:\/\/blogs.deia.eus\/desdeotramirada\/wp-json\/wp\/v2\/users\/35"}],"replies":[{"embeddable":true,"href":"https:\/\/blogs.deia.eus\/desdeotramirada\/wp-json\/wp\/v2\/comments?post=291"}],"version-history":[{"count":1,"href":"https:\/\/blogs.deia.eus\/desdeotramirada\/wp-json\/wp\/v2\/posts\/291\/revisions"}],"predecessor-version":[{"id":293,"href":"https:\/\/blogs.deia.eus\/desdeotramirada\/wp-json\/wp\/v2\/posts\/291\/revisions\/293"}],"wp:attachment":[{"href":"https:\/\/blogs.deia.eus\/desdeotramirada\/wp-json\/wp\/v2\/media?parent=291"}],"wp:term":[{"taxonomy":"category","embeddable":true,"href":"https:\/\/blogs.deia.eus\/desdeotramirada\/wp-json\/wp\/v2\/categories?post=291"},{"taxonomy":"post_tag","embeddable":true,"href":"https:\/\/blogs.deia.eus\/desdeotramirada\/wp-json\/wp\/v2\/tags?post=291"}],"curies":[{"name":"wp","href":"https:\/\/api.w.org\/{rel}","templated":true}]}}