{"id":294,"date":"2012-02-13T10:29:46","date_gmt":"2012-02-13T09:29:46","guid":{"rendered":"http:\/\/blogs.deia.com\/desdeotramirada\/?p=294"},"modified":"2012-02-14T18:00:06","modified_gmt":"2012-02-14T17:00:06","slug":"reformas-laborales-agresivas","status":"publish","type":"post","link":"https:\/\/blogs.deia.eus\/desdeotramirada\/2012\/02\/13\/reformas-laborales-agresivas\/","title":{"rendered":"Reformas laborales agresivas"},"content":{"rendered":"<p><a href=\"http:\/\/blogs.deia.com\/desdeotramirada\/files\/2012\/02\/DESPIDOS.png\"><img loading=\"lazy\" decoding=\"async\" class=\"aligncenter size-full wp-image-295\" src=\"http:\/\/blogs.deia.com\/desdeotramirada\/files\/2012\/02\/DESPIDOS.png\" alt=\"\" width=\"192\" height=\"135\" \/><\/a>Extremadamente agresivas\u2019 al decir ministerial. Seg\u00fan un estudio realizado en Australia entre 10.000 <strong>trabajadores\/as, los maleducados<\/strong> y agresivos<strong> cobran un 18% m<\/strong>\u00e1s que quienes invitan a tarta en su cumplea\u00f1os, saludan, felicitan la navidad o animan al compa\u00f1ero en la depre posvacacional; as\u00ed que, seg\u00fan los expertos, los currantes afables est\u00e1n predestinados a tener pocos ascensos, cobrar menos\u00a0 y ser los primeros despedidos .<\/p>\n<p>Desde 1980 cuando se promulg\u00f3 el Estatuto de los Trabajadores, han sido tan numerosas las reformas laborales que algunos esperaban \u201cuna m\u00e1s\u201d con <strong>los derechistas gobernantes<\/strong> del nuevo a\u00f1o mariano, pero nada de eso, pues entrelazando el quejumbroso lamento de los sindicatos con el alegre aleteo de los empresarios, puede deducirse que esta reforma ser\u00e1 como se le escap\u00f3 al ministro, \u201cextraordinariamente agresiva\u201d.<\/p>\n<p>No se sabe si tan agresivo como el fondo de inversi\u00f3n \u2018DB Life Kompass 3\u2019, que comercializa <strong>el Deutsche Bank<\/strong> alem\u00e1n, que permite a sus clientes apostar \u201cindirectamente\u201d sobre la esperanza de vida de personas mayores: se apuesta sobre <strong>la esperanza de vida de un anciano<\/strong>, si \u00e9ste vive m\u00e1s, gana el banco; caso contrario, gana el inversor. Sus emisiones gozan de boyante cartera.<\/p>\n<p>Argumentan las aseguradoras que \u201cel fondo es moralmente aceptable, como cualquier seguro de pensiones, pues no se lucran con la muerte temprana del asegurado\u201d. Yendo caminito de seis millones de parados, con nueve millones de jubilados \u201cin crescendo\u201d y s\u00f3lo diecisiete millones de afiliados a la seguridad social, puede que la reforma deje a tantos en la cuneta laboral que alguno pueda pensar en la soluci\u00f3n l\u00edmite de una joven neozelandesa que subasta su trasero para cualquier tatuaje, con cuyo alquiler espera conseguir lo suficiente para salir de la crisis.<\/p>\n<p>Recientemente cient\u00edficos de Cambridge han identificado el gen responsable-regulador del dolor cr\u00f3nico, lo que abre la posibilidad de desarrollar medicamentos para bloquear la prote\u00edna causante y as\u00ed combatir el dolor cr\u00f3nico. Adem\u00e1s de para combatir el producido por la artritis y dolores de cabeza bien podr\u00eda servir para anestesiarnos, personal y socialmente, el dolor por el hachazo del sueldo \u00ednfimo, las draconianas condiciones laborales, el retraso de la jubilaci\u00f3n, la inestabilidad laboral permanente\u2026 el paro en su caso.<\/p>\n<p>Como \u00faltimo recurso siempre nos quedar\u00eda la inversi\u00f3n en el DB Life Kompass 3 \u00f3 entrar en ese selecto nivel de trabajador maleducado, malencarado y hasta agresivo, para quien la reforma \u2018extremadamente agresiva\u2019 puede que sea un acicate.<\/p>\n<!-- AddThis Advanced Settings generic via filter on the_content --><!-- AddThis Share Buttons generic via filter on the_content -->","protected":false},"excerpt":{"rendered":"<p>Extremadamente agresivas\u2019 al decir ministerial. Seg\u00fan un estudio realizado en Australia entre 10.000 trabajadores\/as, los maleducados y agresivos cobran un 18% m\u00e1s que quienes invitan a tarta en su cumplea\u00f1os, saludan, felicitan la navidad o animan al compa\u00f1ero en la depre posvacacional; as\u00ed que, seg\u00fan los expertos, los currantes afables est\u00e1n predestinados a tener pocos &hellip; <a href=\"https:\/\/blogs.deia.eus\/desdeotramirada\/2012\/02\/13\/reformas-laborales-agresivas\/\" class=\"more-link\">Sigue leyendo <span class=\"screen-reader-text\">Reformas laborales agresivas<\/span><\/a><!-- AddThis Advanced Settings generic via filter on get_the_excerpt --><!-- AddThis Share Buttons generic via filter on get_the_excerpt --><\/p>\n","protected":false},"author":35,"featured_media":0,"comment_status":"open","ping_status":"open","sticky":false,"template":"","format":"standard","meta":{"footnotes":""},"categories":[1544],"tags":[],"class_list":["post-294","post","type-post","status-publish","format-standard","hentry","category-sin-categoria"],"_links":{"self":[{"href":"https:\/\/blogs.deia.eus\/desdeotramirada\/wp-json\/wp\/v2\/posts\/294","targetHints":{"allow":["GET"]}}],"collection":[{"href":"https:\/\/blogs.deia.eus\/desdeotramirada\/wp-json\/wp\/v2\/posts"}],"about":[{"href":"https:\/\/blogs.deia.eus\/desdeotramirada\/wp-json\/wp\/v2\/types\/post"}],"author":[{"embeddable":true,"href":"https:\/\/blogs.deia.eus\/desdeotramirada\/wp-json\/wp\/v2\/users\/35"}],"replies":[{"embeddable":true,"href":"https:\/\/blogs.deia.eus\/desdeotramirada\/wp-json\/wp\/v2\/comments?post=294"}],"version-history":[{"count":3,"href":"https:\/\/blogs.deia.eus\/desdeotramirada\/wp-json\/wp\/v2\/posts\/294\/revisions"}],"predecessor-version":[{"id":298,"href":"https:\/\/blogs.deia.eus\/desdeotramirada\/wp-json\/wp\/v2\/posts\/294\/revisions\/298"}],"wp:attachment":[{"href":"https:\/\/blogs.deia.eus\/desdeotramirada\/wp-json\/wp\/v2\/media?parent=294"}],"wp:term":[{"taxonomy":"category","embeddable":true,"href":"https:\/\/blogs.deia.eus\/desdeotramirada\/wp-json\/wp\/v2\/categories?post=294"},{"taxonomy":"post_tag","embeddable":true,"href":"https:\/\/blogs.deia.eus\/desdeotramirada\/wp-json\/wp\/v2\/tags?post=294"}],"curies":[{"name":"wp","href":"https:\/\/api.w.org\/{rel}","templated":true}]}}