{"id":304,"date":"2012-02-27T22:58:48","date_gmt":"2012-02-27T21:58:48","guid":{"rendered":"http:\/\/blogs.deia.com\/desdeotramirada\/?p=304"},"modified":"2012-02-27T22:58:48","modified_gmt":"2012-02-27T21:58:48","slug":"todo-por-la-pasta","status":"publish","type":"post","link":"https:\/\/blogs.deia.eus\/desdeotramirada\/2012\/02\/27\/todo-por-la-pasta\/","title":{"rendered":"Todo por la pasta"},"content":{"rendered":"<p><a href=\"http:\/\/blogs.deia.com\/desdeotramirada\/files\/2012\/02\/imagesCAEDO3ET.jpg\"><img loading=\"lazy\" decoding=\"async\" class=\"aligncenter size-full wp-image-306\" src=\"http:\/\/blogs.deia.com\/desdeotramirada\/files\/2012\/02\/imagesCAEDO3ET.jpg\" alt=\"\" width=\"261\" height=\"193\" \/><\/a>Pelotazo p\u00fablico, desconfianza en las instituciones democr\u00e1ticas. La imputaci\u00f3n a Urdangarin por fraude, malversaci\u00f3n, evasi\u00f3n de capitales\u2026 por al menos 5,8millones de euros da qu\u00e9 pensar sobre el \u201ccompromiso\u00a0 real\u201d \u00a0con el todo por la patria.<\/p>\n<p>El mismo que el de directivos de la CAM, que tras esquilmarla cobraron cuantiosas ayudas p\u00fablicas y como la ex directora Amor\u00f3s blindaron su jubilaci\u00f3n de 370.000 euros, adem\u00e1s de reclamar indemnizaci\u00f3n por dos millones. Teddy Bautista, pillado con las manos en la masa \u00a0de los impuestos p\u00fablicos succionados por la SGAE, cobrar\u00e1 una pensi\u00f3n de 23000 euros\/mes y una indemnizaci\u00f3n de 1,3millones por despido.<\/p>\n<p>\u00a0En Valencia, los directivos-responsables pol\u00edticos de la sociedad p\u00fablica de aguas Emarsa la han saqueado 180000 euros\/mes desde 2002, no menos de 25 millones. As\u00ed pues no extra\u00f1a el habitual pudor\/prevenci\u00f3n al hablar en alto de nuestros ingresos. Cuando conocemos los sueldos de los directivos de BBK\/GK y Vital Kutxa tambi\u00e9n se nos levantan las orejas, pero al menos \u00e9stos gestionan con eficiencia saneada sus sociedades.<\/p>\n<p>Como es casitab\u00fa que te midan por lo que ganas preferimos circunloquios, de modo que decir que todo es por la patria, por amor o por servir al pueblo est\u00e1 mejor visto que aceptar que todo es por la pasta, tab\u00fa-tab\u00fa aunque sea lo \u00fanico cierto en el mangoneo del dinero p\u00fablico. Lo supimos con el socialista Rold\u00e1n rob\u00e1ndoles los dep\u00f3sitos a hu\u00e9rfanos benem\u00e9ritos.\u00a0<\/p>\n<p>Porque aqu\u00ed es habitual ser sindicalista de CCOO tipo Nogales y embolsarse una prima de jubilaci\u00f3n \u2013que los profesores ya no cobran\u2013 por dejar un puesto que no ocupa y adem\u00e1s seguir trabajando. Podr\u00e1 ser legal, pero\u2026 claro, tambi\u00e9n Urchuegia llevaba a Somoto p\u00f3lvoradelrey en su bolsillo. Como los responsables valencianos de cooperaci\u00f3n, que adquirieron viviendas con los 2millones destinados a realizar saneamientos en Nicaragua, a donde llegaron 78000 euros.<\/p>\n<p>Ahora estos mismos gestores p\u00fablicos hablan de crisis y nos piden \u2018austeridaddecopago\u2019 a los no \u201clistillos\u201d,\u00a0 bajan el sueldo, suben el IRPF, cercenan derechos laborales\u2026 mientras los sindicatos amamantados a los pechos del poder, ven con desasosiego que les mueven el pesebre y convocan huelgas generales que puede que tengan mayor raz\u00f3n de ser que nunca, pero que aparentan ser mero apoyo a esos entramados sindicales UGT\/CCOO, adem\u00e1s de no servir para nada salvo para perder el propio sueldo. <a href=\"http:\/\/blogs.deia.com\/desdeotramirada\/files\/2012\/02\/FOTO-BLOG1.jpg\"><img loading=\"lazy\" decoding=\"async\" class=\"aligncenter size-medium wp-image-305\" src=\"http:\/\/blogs.deia.com\/desdeotramirada\/files\/2012\/02\/FOTO-BLOG1-300x213.jpg\" alt=\"\" width=\"300\" height=\"213\" srcset=\"https:\/\/blogs.deia.eus\/desdeotramirada\/files\/2012\/02\/FOTO-BLOG1-300x213.jpg 300w, https:\/\/blogs.deia.eus\/desdeotramirada\/files\/2012\/02\/FOTO-BLOG1.jpg 1024w\" sizes=\"auto, (max-width: 300px) 100vw, 300px\" \/><\/a>Cuando los gestores p\u00fablicos asaltan nuestra puerta corriendo hacia la pasta como balonmanistas reales, la confianza en las instituciones democr\u00e1ticas salta por la ventana.<\/p>\n<!-- AddThis Advanced Settings generic via filter on the_content --><!-- AddThis Share Buttons generic via filter on the_content -->","protected":false},"excerpt":{"rendered":"<p>Pelotazo p\u00fablico, desconfianza en las instituciones democr\u00e1ticas. La imputaci\u00f3n a Urdangarin por fraude, malversaci\u00f3n, evasi\u00f3n de capitales\u2026 por al menos 5,8millones de euros da qu\u00e9 pensar sobre el \u201ccompromiso\u00a0 real\u201d \u00a0con el todo por la patria. El mismo que el de directivos de la CAM, que tras esquilmarla cobraron cuantiosas ayudas p\u00fablicas y como la &hellip; <a href=\"https:\/\/blogs.deia.eus\/desdeotramirada\/2012\/02\/27\/todo-por-la-pasta\/\" class=\"more-link\">Sigue leyendo <span class=\"screen-reader-text\">Todo por la pasta<\/span><\/a><!-- AddThis Advanced Settings generic via filter on get_the_excerpt --><!-- AddThis Share Buttons generic via filter on get_the_excerpt --><\/p>\n","protected":false},"author":35,"featured_media":0,"comment_status":"open","ping_status":"open","sticky":false,"template":"","format":"standard","meta":{"footnotes":""},"categories":[1544],"tags":[],"class_list":["post-304","post","type-post","status-publish","format-standard","hentry","category-sin-categoria"],"_links":{"self":[{"href":"https:\/\/blogs.deia.eus\/desdeotramirada\/wp-json\/wp\/v2\/posts\/304","targetHints":{"allow":["GET"]}}],"collection":[{"href":"https:\/\/blogs.deia.eus\/desdeotramirada\/wp-json\/wp\/v2\/posts"}],"about":[{"href":"https:\/\/blogs.deia.eus\/desdeotramirada\/wp-json\/wp\/v2\/types\/post"}],"author":[{"embeddable":true,"href":"https:\/\/blogs.deia.eus\/desdeotramirada\/wp-json\/wp\/v2\/users\/35"}],"replies":[{"embeddable":true,"href":"https:\/\/blogs.deia.eus\/desdeotramirada\/wp-json\/wp\/v2\/comments?post=304"}],"version-history":[{"count":2,"href":"https:\/\/blogs.deia.eus\/desdeotramirada\/wp-json\/wp\/v2\/posts\/304\/revisions"}],"predecessor-version":[{"id":308,"href":"https:\/\/blogs.deia.eus\/desdeotramirada\/wp-json\/wp\/v2\/posts\/304\/revisions\/308"}],"wp:attachment":[{"href":"https:\/\/blogs.deia.eus\/desdeotramirada\/wp-json\/wp\/v2\/media?parent=304"}],"wp:term":[{"taxonomy":"category","embeddable":true,"href":"https:\/\/blogs.deia.eus\/desdeotramirada\/wp-json\/wp\/v2\/categories?post=304"},{"taxonomy":"post_tag","embeddable":true,"href":"https:\/\/blogs.deia.eus\/desdeotramirada\/wp-json\/wp\/v2\/tags?post=304"}],"curies":[{"name":"wp","href":"https:\/\/api.w.org\/{rel}","templated":true}]}}