{"id":309,"date":"2012-03-07T19:37:34","date_gmt":"2012-03-07T18:37:34","guid":{"rendered":"http:\/\/blogs.deia.com\/desdeotramirada\/?p=309"},"modified":"2012-03-07T19:37:36","modified_gmt":"2012-03-07T18:37:36","slug":"reservado-el-derecho-de-admision","status":"publish","type":"post","link":"https:\/\/blogs.deia.eus\/desdeotramirada\/2012\/03\/07\/reservado-el-derecho-de-admision\/","title":{"rendered":"Reservado el derecho de admisi\u00f3n"},"content":{"rendered":"<div>\n<p><a href=\"http:\/\/blogs.deia.com\/desdeotramirada\/files\/2012\/03\/FORGES.jpg\"><img loading=\"lazy\" decoding=\"async\" class=\"aligncenter size-full wp-image-313\" src=\"http:\/\/blogs.deia.com\/desdeotramirada\/files\/2012\/03\/FORGES.jpg\" alt=\"\" width=\"269\" height=\"187\" \/><\/a>Trasteando en las ondas es posible toparse con un programa bastante jacarandoso y ziriquero donde, con solemne seriedad burlona, proponen <em>un refer\u00e9ndum<\/em> para que la ciudadan\u00eda<strong> vote si quiere democracia o no<\/strong>. El resultado ser\u00eda bastante engorroso, porque ambos deber\u00edan someterse a votaci\u00f3n posterior sobre si la primera era vinculante o no, en una concatenada <em>matrioska<\/em> de decisiones.<\/p>\n<p>Para el experto en psicolog\u00eda pol\u00edtica David Dunning de Cornell University, la democracia depende de la capacidad del pueblo para reconocer al candidato pol\u00edtico adecuado o la mejor idea pol\u00edtica, y seg\u00fan las m\u00e1s recientes investigaciones el proceso democr\u00e1tico que seguimos propicia que el liderazgo y las decisiones pol\u00edticas sean mediocres.<\/p>\n<p>Seguramente hayan le\u00eddo en alg\u00fan local p\u00fablico el <em>Reservado el derecho de admisi\u00f3n<\/em> y hasta es posible que lo hayan sufrido ante <em>alg\u00fan portero-goril<\/em>a controlador de puerta que les haya dejado extramuros por ir mal vestido, ser ruidoso, llevar perro o m\u00e1s alcohol en sangre que un alambique o por ser fumador activo. La lista ser\u00eda larga, pero dif\u00edcilmente podr\u00edamos imaginar la prohibici\u00f3n por ser m\u00e9dico, profesor, soldador, socialista o vendedor de tebeos&#8230;<\/p>\n<p>Por esto es m\u00e1s llamativo que<strong> en plena campa\u00f1a electoral<\/strong> para la presidencia-USA, Jeremy Colby, propietario de un restaurante en Portsmouth (New Hampshire), haya colgado el cartel <strong><em>Queda prohibida la entrada a pol\u00edticos, sin excepciones<\/em><\/strong>. Como tambi\u00e9n sucede aqu\u00ed, los pol\u00edticos americanos en campa\u00f1a son muy dados a zascandilear y entrometerse en tu negocio, en el mercado, el taller, el hospital y en el bar-restaurante donde tapeas\/comes tranquilamente.<\/p>\n<p>El propietario estima que molestan a sus clientes y que para comunicar sus propuestas ya tienen bastante con la intromisi\u00f3n televisiva casera sin permiso. Es imaginable su estupor y hasta enfado al verse tratados como vulgares parrandistas, mal vestidos, fumadores o portadores de perritos&#8230; pero en aut\u00e9ntica democracia, ninguna persona\/personaje podr\u00eda interrumpir tu comida sin permiso.<\/p>\n<p>Aqu\u00ed, las \u00faltimas encuestas del CIS recogen que la clase pol\u00edtica es vista como el principal problema, inmediatamente despu\u00e9s de la econom\u00eda y el paro. <strong><em>GAL, Rold\u00e1n, Naseiro, G\u00fcrtel, Malaya, Scala, Fabra, EREs de Andaluc\u00eda, Urdangarin-Camps-Matas-Palma Arena<\/em><\/strong>&#8230; y un largo rosario de descuideros pol\u00edticos que podr\u00eda alargarse sine die. Con estas referencias, \u00bfc\u00f3mo quieren ser valorados? Lo raro es que a\u00fan se les vote con carta blanca para hacer y deshacer. A lo mejor cunde la iniciativa de Jeremy Colby o la solemne seriedad burlona de <strong>un refer\u00e9ndum cient\u00edfico protodemocr\u00e1tico<\/strong>.<\/p>\n<\/div>\n<!-- AddThis Advanced Settings generic via filter on the_content --><!-- AddThis Share Buttons generic via filter on the_content -->","protected":false},"excerpt":{"rendered":"<p>Trasteando en las ondas es posible toparse con un programa bastante jacarandoso y ziriquero donde, con solemne seriedad burlona, proponen un refer\u00e9ndum para que la ciudadan\u00eda vote si quiere democracia o no. El resultado ser\u00eda bastante engorroso, porque ambos deber\u00edan someterse a votaci\u00f3n posterior sobre si la primera era vinculante o no, en una concatenada &hellip; <a href=\"https:\/\/blogs.deia.eus\/desdeotramirada\/2012\/03\/07\/reservado-el-derecho-de-admision\/\" class=\"more-link\">Sigue leyendo <span class=\"screen-reader-text\">Reservado el derecho de admisi\u00f3n<\/span><\/a><!-- AddThis Advanced Settings generic via filter on get_the_excerpt --><!-- AddThis Share Buttons generic via filter on get_the_excerpt --><\/p>\n","protected":false},"author":35,"featured_media":0,"comment_status":"open","ping_status":"open","sticky":false,"template":"","format":"standard","meta":{"footnotes":""},"categories":[1544],"tags":[],"class_list":["post-309","post","type-post","status-publish","format-standard","hentry","category-sin-categoria"],"_links":{"self":[{"href":"https:\/\/blogs.deia.eus\/desdeotramirada\/wp-json\/wp\/v2\/posts\/309","targetHints":{"allow":["GET"]}}],"collection":[{"href":"https:\/\/blogs.deia.eus\/desdeotramirada\/wp-json\/wp\/v2\/posts"}],"about":[{"href":"https:\/\/blogs.deia.eus\/desdeotramirada\/wp-json\/wp\/v2\/types\/post"}],"author":[{"embeddable":true,"href":"https:\/\/blogs.deia.eus\/desdeotramirada\/wp-json\/wp\/v2\/users\/35"}],"replies":[{"embeddable":true,"href":"https:\/\/blogs.deia.eus\/desdeotramirada\/wp-json\/wp\/v2\/comments?post=309"}],"version-history":[{"count":2,"href":"https:\/\/blogs.deia.eus\/desdeotramirada\/wp-json\/wp\/v2\/posts\/309\/revisions"}],"predecessor-version":[{"id":315,"href":"https:\/\/blogs.deia.eus\/desdeotramirada\/wp-json\/wp\/v2\/posts\/309\/revisions\/315"}],"wp:attachment":[{"href":"https:\/\/blogs.deia.eus\/desdeotramirada\/wp-json\/wp\/v2\/media?parent=309"}],"wp:term":[{"taxonomy":"category","embeddable":true,"href":"https:\/\/blogs.deia.eus\/desdeotramirada\/wp-json\/wp\/v2\/categories?post=309"},{"taxonomy":"post_tag","embeddable":true,"href":"https:\/\/blogs.deia.eus\/desdeotramirada\/wp-json\/wp\/v2\/tags?post=309"}],"curies":[{"name":"wp","href":"https:\/\/api.w.org\/{rel}","templated":true}]}}