{"id":316,"date":"2012-03-15T21:50:33","date_gmt":"2012-03-15T20:50:33","guid":{"rendered":"http:\/\/blogs.deia.com\/desdeotramirada\/?p=316"},"modified":"2012-03-16T16:30:17","modified_gmt":"2012-03-16T15:30:17","slug":"lo-que-las-palabras-ocultan","status":"publish","type":"post","link":"https:\/\/blogs.deia.eus\/desdeotramirada\/2012\/03\/15\/lo-que-las-palabras-ocultan\/","title":{"rendered":"Lo que las palabras ocultan"},"content":{"rendered":"<p><a href=\"http:\/\/blogs.deia.com\/desdeotramirada\/files\/2012\/03\/lenguaje-sexista11.jpg\"><img loading=\"lazy\" decoding=\"async\" class=\"aligncenter size-medium wp-image-318\" src=\"http:\/\/blogs.deia.com\/desdeotramirada\/files\/2012\/03\/lenguaje-sexista11-300x281.jpg\" alt=\"\" width=\"300\" height=\"281\" srcset=\"https:\/\/blogs.deia.eus\/desdeotramirada\/files\/2012\/03\/lenguaje-sexista11-300x281.jpg 300w, https:\/\/blogs.deia.eus\/desdeotramirada\/files\/2012\/03\/lenguaje-sexista11.jpg 320w\" sizes=\"auto, (max-width: 300px) 100vw, 300px\" \/><\/a>Entre los primorosos juegos de enigmas, adivinanzas, acertijos y met\u00e1foras sobre lo que las palabras deben decir, quisieran decir y lo que realmente terminan diciendo que Lewis Carroll relata en A trav\u00e9s del espejo y lo que Alicia encontr\u00f3 all\u00ed, es interesante la cuesti\u00f3n que los gemelos Tweedledum\/Tweedledee (Tarar\u00ed-Tarar\u00e1) en su f\u00fatil discusi\u00f3n le plantean a Alicia de si ser\u00eda mejor celebrar el cumplea\u00f1os o el no-cumplea\u00f1os.<\/p>\n<p>\u00a0No est\u00e1 nada mal que cada 8 de marzo la celebraci\u00f3n\/recuerdo\/dedicatoria a la \u00abcuesti\u00f3n mujer\u00bb (la mitad de la poblaci\u00f3n) sea objeto de an\u00e1lisis, reportaje<a href=\"http:\/\/blogs.deia.com\/desdeotramirada\/files\/2012\/03\/lenguaje-sexista1.jpg\"><\/a>s, editoriales\u2026 y controversia. Es importante que hablen de una, aunque sea bien. O aunque exista un l\u00ednea de pensamiento entre los que se dedican al brillo y esplendor del castellano (hoy, <strong>93% hombres; en la historia de la RAE s\u00f3lo ha habido 7 mujeres miembros<\/strong>\/<em>\u00bfmiembras?)<\/em> que niegue que el feminismo y la gram\u00e1tica espa\u00f1ola no parecen llevarse muy bien.<\/p>\n<p>Frente a las mujeres que se quejan de que no existen si no son nombradas o de que figuren en peyorativo (<strong>paradigma zorro-zorra<\/strong>) argumentando que \u00abel lenguaje est\u00e1 creado por el hombre, para el hombre y tiene como objeto el lenguaje del hombre\u00bb como consecuencia de una historia en la que lo femenino ha pintado poquito, est\u00e1n quienes como el profesor Ignacio Bosque intentan poner \u00ab<em>lascosasensusitio\u00bb<\/em> argumentando que el lenguaje no es sexista y que han de respetarse las normas sin el estrafalario miembro\/a.<\/p>\n<p>Es posible que si as\u00ed fuera, el tratamiento a la mujer en el lenguaje medi\u00e1tico fuera m\u00e1s respetuoso y tal vez el n\u00famero de mujeres directivas fuera mayor, la ayuda maternal m\u00e1s generosa, la consideraci\u00f3n social menos paternalista, no tendr\u00edamos que trabajar m\u00e1s para ganar como ellos, la pobreza no ser\u00eda femenina, las v\u00edctimas de violencia de g\u00e9nero no ser\u00edan mayoritariamente mujeres\u2026 y por supuesto, en la RAE habr\u00eda bastante m\u00e1s ellas-miembros.<\/p>\n<p>Las academias legislan sobre el lenguaje, pero las reformas de verdad las hacen la mayor\u00eda hablante sin consultar a los ling\u00fcistas antes de abrir la boca; ser\u00e1 entonces, cuando el lenguaje oficial no oculte lo que sus hablantes quieren, cuando el n\u00famero de ellas-mediocres en puestos de responsabilidad sea al menos tan alto como actualmente el de ellos-mediocres. Por esto, en cada 8 de marzo desde 1911 es seguro que la respuesta de la mayor\u00eda de las mujeres a Tweedledum\/Tweedledee fuera, sin duda alguna, la opci\u00f3n de celebraci\u00f3n del no-cumplea\u00f1os.<\/p>\n<!-- AddThis Advanced Settings generic via filter on the_content --><!-- AddThis Share Buttons generic via filter on the_content -->","protected":false},"excerpt":{"rendered":"<p>Entre los primorosos juegos de enigmas, adivinanzas, acertijos y met\u00e1foras sobre lo que las palabras deben decir, quisieran decir y lo que realmente terminan diciendo que Lewis Carroll relata en A trav\u00e9s del espejo y lo que Alicia encontr\u00f3 all\u00ed, es interesante la cuesti\u00f3n que los gemelos Tweedledum\/Tweedledee (Tarar\u00ed-Tarar\u00e1) en su f\u00fatil discusi\u00f3n le plantean &hellip; <a href=\"https:\/\/blogs.deia.eus\/desdeotramirada\/2012\/03\/15\/lo-que-las-palabras-ocultan\/\" class=\"more-link\">Sigue leyendo <span class=\"screen-reader-text\">Lo que las palabras ocultan<\/span><\/a><!-- AddThis Advanced Settings generic via filter on get_the_excerpt --><!-- AddThis Share Buttons generic via filter on get_the_excerpt --><\/p>\n","protected":false},"author":35,"featured_media":0,"comment_status":"open","ping_status":"open","sticky":false,"template":"","format":"standard","meta":{"footnotes":""},"categories":[1544],"tags":[],"class_list":["post-316","post","type-post","status-publish","format-standard","hentry","category-sin-categoria"],"_links":{"self":[{"href":"https:\/\/blogs.deia.eus\/desdeotramirada\/wp-json\/wp\/v2\/posts\/316","targetHints":{"allow":["GET"]}}],"collection":[{"href":"https:\/\/blogs.deia.eus\/desdeotramirada\/wp-json\/wp\/v2\/posts"}],"about":[{"href":"https:\/\/blogs.deia.eus\/desdeotramirada\/wp-json\/wp\/v2\/types\/post"}],"author":[{"embeddable":true,"href":"https:\/\/blogs.deia.eus\/desdeotramirada\/wp-json\/wp\/v2\/users\/35"}],"replies":[{"embeddable":true,"href":"https:\/\/blogs.deia.eus\/desdeotramirada\/wp-json\/wp\/v2\/comments?post=316"}],"version-history":[{"count":2,"href":"https:\/\/blogs.deia.eus\/desdeotramirada\/wp-json\/wp\/v2\/posts\/316\/revisions"}],"predecessor-version":[{"id":320,"href":"https:\/\/blogs.deia.eus\/desdeotramirada\/wp-json\/wp\/v2\/posts\/316\/revisions\/320"}],"wp:attachment":[{"href":"https:\/\/blogs.deia.eus\/desdeotramirada\/wp-json\/wp\/v2\/media?parent=316"}],"wp:term":[{"taxonomy":"category","embeddable":true,"href":"https:\/\/blogs.deia.eus\/desdeotramirada\/wp-json\/wp\/v2\/categories?post=316"},{"taxonomy":"post_tag","embeddable":true,"href":"https:\/\/blogs.deia.eus\/desdeotramirada\/wp-json\/wp\/v2\/tags?post=316"}],"curies":[{"name":"wp","href":"https:\/\/api.w.org\/{rel}","templated":true}]}}