{"id":322,"date":"2012-03-20T23:31:17","date_gmt":"2012-03-20T22:31:17","guid":{"rendered":"http:\/\/blogs.deia.com\/desdeotramirada\/?p=322"},"modified":"2012-03-20T23:31:17","modified_gmt":"2012-03-20T22:31:17","slug":"el-sueno-real","status":"publish","type":"post","link":"https:\/\/blogs.deia.eus\/desdeotramirada\/2012\/03\/20\/el-sueno-real\/","title":{"rendered":"El sue\u00f1o real"},"content":{"rendered":"<p><a href=\"http:\/\/blogs.deia.com\/desdeotramirada\/files\/2012\/03\/imagesCASW34I1.jpg\"><img loading=\"lazy\" decoding=\"async\" class=\"aligncenter size-full wp-image-323\" src=\"http:\/\/blogs.deia.com\/desdeotramirada\/files\/2012\/03\/imagesCASW34I1.jpg\" alt=\"\" width=\"253\" height=\"199\" \/><\/a><\/p>\n<p>En Madrid fue dura la movida sindical por las horas que se a\u00f1adieron al calendario acad\u00e9mico de los profesores; en Catalu\u00f1a adem\u00e1s de fichar 37,5horas semanales, a los funcionarios les reducen el jornal; el mes de julio en Valencia trabajar\u00e1n obligados todos los profesores.<\/p>\n<p>Casi como el clamoroso rechazo de los suizos -66,5% de los votantes- a la propuesta \u00abseis semanas de vacaciones para todos\u00bb, incluso en los cantones latinos. Los helv\u00e9ticos han debido reflexionar a fondo para concluir que algo tan atractivo a priori puede traerles a corto plazo m\u00e1s desventajas que beneficios.<\/p>\n<p>Es la sexta ocasi\u00f3n (ya dieron calabazas vacacionales en 1958, 1976, 1985, 1988 y 2002) que votan \u00abno\u00bb a la ampliaci\u00f3n del asueto. Son consecuentes, 9 de cada diez de sus empresas son pymes con menos de diez trabajadores y ampliar vacaciones adem\u00e1s de irresponsable ser\u00eda una aut\u00e9ntica temeridad; tal vez tambi\u00e9n por esto, su PIB\/habitante sea de 44mil d\u00f3lares frente a los 32mil del Estado y su tasa de paro del 3%, mientras que aqu\u00ed nos codeamos con el 23%.<\/p>\n<p>Claro que ellos pueden votar y decidir directamente en refer\u00e9ndum sobre casi todo, hasta para ampliar una acera, mientras que aqu\u00ed\u2026 Admiten que en su apego al trabajo -45 horas\/semana-, est\u00e1 la explicaci\u00f3n al porqu\u00e9 la sociedad suiza goce de buena riqueza sufriendo al tiempo de estr\u00e9s y ansiedad, causas del 40% de prejubilaciones involuntarias.<\/p>\n<p>Casi en el otro extremo, en nuestros lares vacacionamos mucho m\u00e1s y, al decir de los expertos, dormimos una media de 2 horas menos que el resto de europeos, seguramente por lo apetecible del gaupasssa. Pero el trasnoche continuado adem\u00e1s de alteraciones, estr\u00e9s y dem\u00e1s debacles psicol\u00f3gicas puede producir otras derivas indeseadas como obesidad y diabetes. Y lejos de aliviarse, con la crisis omnipresente parece que el insomnio est\u00e1 agudiz\u00e1ndose, porque el paro, la incertidumbre y la inestabilidad social reinantes asaltan nuestra almohada produci\u00e9ndonos duermevela creciente, adem\u00e1s de pesadillas reales de tan v\u00edvidas.<\/p>\n<p>Algo que afecta a todos de modo m\u00e1s o menos directo; bueno, a todos menos al gran funcionario-timonel Borb\u00f3n que se puede permitir cabezaditas a pierna suelta en cualquier momento y lugar sin miedo a un ERE, a despido sin indemnizaci\u00f3n, reducci\u00f3n de sueldo o a una supresi\u00f3n del puesto de trabajo, y porque \u00e9l trabaja -es un decir-, trasnocha y vacaciona como aqu\u00ed, pero cobra (como) en Suiza. En realidad el sue\u00f1o real que todos tenemos.<\/p>\n<!-- AddThis Advanced Settings generic via filter on the_content --><!-- AddThis Share Buttons generic via filter on the_content -->","protected":false},"excerpt":{"rendered":"<p>En Madrid fue dura la movida sindical por las horas que se a\u00f1adieron al calendario acad\u00e9mico de los profesores; en Catalu\u00f1a adem\u00e1s de fichar 37,5horas semanales, a los funcionarios les reducen el jornal; el mes de julio en Valencia trabajar\u00e1n obligados todos los profesores. Casi como el clamoroso rechazo de los suizos -66,5% de los &hellip; <a href=\"https:\/\/blogs.deia.eus\/desdeotramirada\/2012\/03\/20\/el-sueno-real\/\" class=\"more-link\">Sigue leyendo <span class=\"screen-reader-text\">El sue\u00f1o real<\/span><\/a><!-- AddThis Advanced Settings generic via filter on get_the_excerpt --><!-- AddThis Share Buttons generic via filter on get_the_excerpt --><\/p>\n","protected":false},"author":35,"featured_media":0,"comment_status":"open","ping_status":"open","sticky":false,"template":"","format":"standard","meta":{"footnotes":""},"categories":[1544],"tags":[],"class_list":["post-322","post","type-post","status-publish","format-standard","hentry","category-sin-categoria"],"_links":{"self":[{"href":"https:\/\/blogs.deia.eus\/desdeotramirada\/wp-json\/wp\/v2\/posts\/322","targetHints":{"allow":["GET"]}}],"collection":[{"href":"https:\/\/blogs.deia.eus\/desdeotramirada\/wp-json\/wp\/v2\/posts"}],"about":[{"href":"https:\/\/blogs.deia.eus\/desdeotramirada\/wp-json\/wp\/v2\/types\/post"}],"author":[{"embeddable":true,"href":"https:\/\/blogs.deia.eus\/desdeotramirada\/wp-json\/wp\/v2\/users\/35"}],"replies":[{"embeddable":true,"href":"https:\/\/blogs.deia.eus\/desdeotramirada\/wp-json\/wp\/v2\/comments?post=322"}],"version-history":[{"count":1,"href":"https:\/\/blogs.deia.eus\/desdeotramirada\/wp-json\/wp\/v2\/posts\/322\/revisions"}],"predecessor-version":[{"id":324,"href":"https:\/\/blogs.deia.eus\/desdeotramirada\/wp-json\/wp\/v2\/posts\/322\/revisions\/324"}],"wp:attachment":[{"href":"https:\/\/blogs.deia.eus\/desdeotramirada\/wp-json\/wp\/v2\/media?parent=322"}],"wp:term":[{"taxonomy":"category","embeddable":true,"href":"https:\/\/blogs.deia.eus\/desdeotramirada\/wp-json\/wp\/v2\/categories?post=322"},{"taxonomy":"post_tag","embeddable":true,"href":"https:\/\/blogs.deia.eus\/desdeotramirada\/wp-json\/wp\/v2\/tags?post=322"}],"curies":[{"name":"wp","href":"https:\/\/api.w.org\/{rel}","templated":true}]}}