{"id":325,"date":"2012-03-26T17:25:29","date_gmt":"2012-03-26T15:25:29","guid":{"rendered":"http:\/\/blogs.deia.com\/desdeotramirada\/?p=325"},"modified":"2012-03-26T17:25:29","modified_gmt":"2012-03-26T15:25:29","slug":"entre-la-necesidad-y-la-huelga","status":"publish","type":"post","link":"https:\/\/blogs.deia.eus\/desdeotramirada\/2012\/03\/26\/entre-la-necesidad-y-la-huelga\/","title":{"rendered":"Entre la necesidad y la huelga"},"content":{"rendered":"<p><a href=\"http:\/\/blogs.deia.com\/desdeotramirada\/files\/2012\/03\/imagesCAM7VQAQ.jpg\"><img loading=\"lazy\" decoding=\"async\" class=\"aligncenter size-full wp-image-326\" src=\"http:\/\/blogs.deia.com\/desdeotramirada\/files\/2012\/03\/imagesCAM7VQAQ.jpg\" alt=\"\" width=\"257\" height=\"196\" \/><\/a>Toda \u00a0la vida regalando en rosa como manifestaci\u00f3n de la realidad femenina y hasta de la propia feminidad, de la primavera y del amor, para que ahora unos as\u00e9pticos cient\u00edficos nos chafen el arquetipo asegurando que el rosa como tal color no existe: es mezcla crom\u00e1tica del rojo y violeta. As\u00ed que el rosa s\u00f3lo reside en nuestras mentes, mera construcci\u00f3n de nuestros ojos y cerebro.<\/p>\n<p>En la ciudad china de Changsha la constructora Broad Sostenible Building ha levantado en 15 d\u00edas -exactamente 360 horas- con materiales prefabricados de acero\/vidrio y hormig\u00f3n, un rascacielos-hotel de 30 pisos con 500 habitaciones. Es el nuevo exponente<strong> del bazar chino de 24 horas\/d\u00eda, siete d\u00edas\/semana, 52 semanas\/a\u00f1o.<\/strong> Ni un minuto para la relajaci\u00f3n. Muestran orgullosos la obra terminada, pero no mencionan a los operarios y su tipo de contrato laboral, sueldos, horarios, seguridad, derecho al descanso nocturno, semanal y anual, derechos a baja por accidente o enfermedad\u2026 estos aspectos del camino aparecen como minucias sin valor en el logro final.<\/p>\n<p>La promotora asegura que sus m\u00e9todos de construcci\u00f3n son baratos, ecol\u00f3gicos y seguros, a\u00f1adiendo que en un pr\u00f3ximo futuro se construir\u00e1 bajo estos par\u00e1metros. <strong>Lo intranquilizador<\/strong> para nuestros lares es que en la <strong>aldea global<\/strong> esta filosof\u00eda de actuaci\u00f3n no es algo de la China remota y del Extremo Oriente, sino el modus operandi con el que tendremos\/ya tenemos que competir.<\/p>\n<p>Al parecer, as\u00ed lo entienden\/asumen los conmilitones del inquilino monclovita en la nueva Ley de relaciones laborales, mucho m\u00e1s cercana a las realidades del trabajador\/a de las riberas del Yangtz\u00e9 o del Huang-ho que del Rhur. Si ya el mero cambio de horario de verano o de turnos provoca un \u00abincremento\u00bb de incidencias laborales, imag\u00ednense las consecuencias de este sismo laboral.<\/p>\n<p>La necesidad de enfrentarse a esta ley claramente cercenadora de derechos laborales b\u00e1sicos es imperiosa; pero sus convocantes legales, <strong>unos sindicatos -l\u00e9ase CC.OO.\/UGT- que han vivido al plato y a la tajada<\/strong> con embolsillamiento personal incluido, no pasan por ser los m\u00e1s fiables para ser seguidos como gu\u00edas.<\/p>\n<p>A lo que debemos sumar que el seguimiento huelgu\u00edstico, exitoso o no, ser\u00e1 irrelevante en el futuro de la ley. Parece demostrado que el <strong>color rosa<\/strong> no existe <strong>en el mundo globalizado<\/strong>. Aunque, por supuesto, a muchos\/as nos quede la certeza absoluta de que el rosa existe, sea o no onda pura del espectro de luz visible.<\/p>\n<!-- AddThis Advanced Settings generic via filter on the_content --><!-- AddThis Share Buttons generic via filter on the_content -->","protected":false},"excerpt":{"rendered":"<p>Toda \u00a0la vida regalando en rosa como manifestaci\u00f3n de la realidad femenina y hasta de la propia feminidad, de la primavera y del amor, para que ahora unos as\u00e9pticos cient\u00edficos nos chafen el arquetipo asegurando que el rosa como tal color no existe: es mezcla crom\u00e1tica del rojo y violeta. As\u00ed que el rosa s\u00f3lo &hellip; <a href=\"https:\/\/blogs.deia.eus\/desdeotramirada\/2012\/03\/26\/entre-la-necesidad-y-la-huelga\/\" class=\"more-link\">Sigue leyendo <span class=\"screen-reader-text\">Entre la necesidad y la huelga<\/span><\/a><!-- AddThis Advanced Settings generic via filter on get_the_excerpt --><!-- AddThis Share Buttons generic via filter on get_the_excerpt --><\/p>\n","protected":false},"author":35,"featured_media":0,"comment_status":"open","ping_status":"open","sticky":false,"template":"","format":"standard","meta":{"footnotes":""},"categories":[1544],"tags":[],"class_list":["post-325","post","type-post","status-publish","format-standard","hentry","category-sin-categoria"],"_links":{"self":[{"href":"https:\/\/blogs.deia.eus\/desdeotramirada\/wp-json\/wp\/v2\/posts\/325","targetHints":{"allow":["GET"]}}],"collection":[{"href":"https:\/\/blogs.deia.eus\/desdeotramirada\/wp-json\/wp\/v2\/posts"}],"about":[{"href":"https:\/\/blogs.deia.eus\/desdeotramirada\/wp-json\/wp\/v2\/types\/post"}],"author":[{"embeddable":true,"href":"https:\/\/blogs.deia.eus\/desdeotramirada\/wp-json\/wp\/v2\/users\/35"}],"replies":[{"embeddable":true,"href":"https:\/\/blogs.deia.eus\/desdeotramirada\/wp-json\/wp\/v2\/comments?post=325"}],"version-history":[{"count":1,"href":"https:\/\/blogs.deia.eus\/desdeotramirada\/wp-json\/wp\/v2\/posts\/325\/revisions"}],"predecessor-version":[{"id":327,"href":"https:\/\/blogs.deia.eus\/desdeotramirada\/wp-json\/wp\/v2\/posts\/325\/revisions\/327"}],"wp:attachment":[{"href":"https:\/\/blogs.deia.eus\/desdeotramirada\/wp-json\/wp\/v2\/media?parent=325"}],"wp:term":[{"taxonomy":"category","embeddable":true,"href":"https:\/\/blogs.deia.eus\/desdeotramirada\/wp-json\/wp\/v2\/categories?post=325"},{"taxonomy":"post_tag","embeddable":true,"href":"https:\/\/blogs.deia.eus\/desdeotramirada\/wp-json\/wp\/v2\/tags?post=325"}],"curies":[{"name":"wp","href":"https:\/\/api.w.org\/{rel}","templated":true}]}}