{"id":76,"date":"2011-04-04T10:54:08","date_gmt":"2011-04-04T08:54:08","guid":{"rendered":"http:\/\/blogs.deia.com\/desdeotramirada\/?p=76"},"modified":"2011-04-05T10:36:57","modified_gmt":"2011-04-05T08:36:57","slug":"fin-del-maraton-inaugural","status":"publish","type":"post","link":"https:\/\/blogs.deia.eus\/desdeotramirada\/2011\/04\/04\/fin-del-maraton-inaugural\/","title":{"rendered":"Fin del marat\u00f3n inaugural"},"content":{"rendered":"<p><a href=\"http:\/\/blogs.deia.com\/desdeotramirada\/files\/2011\/04\/FOTO-BUENA-INAUGURACION.jpg\"><\/a><a href=\"http:\/\/blogs.deia.com\/desdeotramirada\/files\/2011\/04\/INAGURACIONBUENA..jpg\"><img loading=\"lazy\" decoding=\"async\" class=\"alignleft size-medium wp-image-83\" src=\"http:\/\/blogs.deia.com\/desdeotramirada\/files\/2011\/04\/INAGURACIONBUENA.-300x202.jpg\" alt=\"\" width=\"300\" height=\"202\" srcset=\"https:\/\/blogs.deia.eus\/desdeotramirada\/files\/2011\/04\/INAGURACIONBUENA.-300x202.jpg 300w, https:\/\/blogs.deia.eus\/desdeotramirada\/files\/2011\/04\/INAGURACIONBUENA..jpg 959w\" sizes=\"auto, (max-width: 300px) 100vw, 300px\" \/><\/a>Se acab\u00f3 la fiebre de \u201c<strong>inauguritis<\/strong>\u201d preelectoral. Despu\u00e9s de mirar una fotograf\u00eda de autoridades y pol\u00edticos disfrazados de obreros (se notaba demasiado el disfraz) en el aeropuerto de Castell\u00f3n mi perplejidad iba en aumento conforme le\u00eda la noticia correspondiente; \u00a0el presidente aut\u00f3nomico, imagino que con su cohorte de aplaudidores y beneficiarios, inauguraba un aeropuerto que ni est\u00e1 terminado ni tiene licencia ni aviones; \u201cmientras llegan los aviones los ciudadanos podr\u00e1n pasear por \u00e9l\u201d dicen que dijo el presidente con socarroner\u00eda popular.<\/p>\n<p>Seg\u00fan la nueva normativa, entre la convocatoria de elecciones y su celebraci\u00f3n queda prohibida cualquier inauguraci\u00f3n de obras o proyectos\u2026 sin perjuicio de que puedan entrar en funcionamiento en este per\u00edodo. As\u00ed que en la pr\u00e1ctica, este abril es un mes \u201cinh\u00e1bil\u201d electoral, por lo que todos se han lanzado como alma que lleva el diablo al corte de bandas.<\/p>\n<p>El presidente del Gobierno <a href=\"http:\/\/www.diariocritico.com\/2011\/Marzo\/impresentable\/260119\/zapatero-inauguracion-estacion-ave-leon.html\"><strong>inaugura la llegada del AVE a Le\u00f3n antes de que llegue el tren<\/strong><\/a>, en Sevilla una circunvalaci\u00f3n donde no se trabaja, en Tudela el Teatro Gaztambide aunque desde 262 butacas de gallinero no se vea el escenario\u2026 lista interminable, porque Castell\u00f3n no es una isla ni un ejemplo aislado, sino el modelo habitual de inauguraciones preelectorales, donde el caso es tomar posici\u00f3n en los tacos de salida para las elecciones.<\/p>\n<p>Es f\u00e1cil realizar un viaje virtual por todas las obras a medio terminar, in-inaugurables, in\u00fatiles primeras piedras, presentaci\u00f3n de proyectos\u2026 donde cabe igual un sem\u00e1foro o un teatro que un tramo de autopista sin licitar. Cualquier adoqu\u00edn es materia de inauguraci\u00f3n\u2026 o si no hay nada nuevo se reinaugura el mismo adoqu\u00edn. \u201cOs promet\u00ed un hospital, y aqu\u00ed est\u00e1 su maqueta\u201d, la frase es de un presidente auton\u00f3mico mientras tomaba posesi\u00f3n electoral de un hospital \u201cde papel\u201d.<\/p>\n<p>\u00a0Y en el evento concejales, alcaldes, diputados, presidentes, ministros y la reina. No molestar\u00eda esta cascada de propaganda partidista si no estuviera pagada con dinero de todos ni se tuviera que rehacer casi todo lo inaugurado.<\/p>\n<p>La modificaci\u00f3n de la Ley Electoral perge\u00f1ada entre los grandes partidos, que ahora se les vuelve en contra, modifica el tempo de la actualidad pol\u00edtica, pero lo peor es que esquilma nuestros ya exang\u00fces bolsillos en beneficio de quienes repetir\u00e1n el mismo sarao inaugural dentro de cuatro a\u00f1os. Para este empacho de corte de cintas no necesit\u00e1bamos ley nueva, y nos hubi\u00e9ramos ahorrado el atrac\u00f3n de inauguraciones con burla al ciudadano pagano.<\/p>\n<!-- AddThis Advanced Settings generic via filter on the_content --><!-- AddThis Share Buttons generic via filter on the_content -->","protected":false},"excerpt":{"rendered":"<p>Se acab\u00f3 la fiebre de \u201cinauguritis\u201d preelectoral. Despu\u00e9s de mirar una fotograf\u00eda de autoridades y pol\u00edticos disfrazados de obreros (se notaba demasiado el disfraz) en el aeropuerto de Castell\u00f3n mi perplejidad iba en aumento conforme le\u00eda la noticia correspondiente; \u00a0el presidente aut\u00f3nomico, imagino que con su cohorte de aplaudidores y beneficiarios, inauguraba un aeropuerto que &hellip; <a href=\"https:\/\/blogs.deia.eus\/desdeotramirada\/2011\/04\/04\/fin-del-maraton-inaugural\/\" class=\"more-link\">Sigue leyendo <span class=\"screen-reader-text\">Fin del marat\u00f3n inaugural<\/span><\/a><!-- AddThis Advanced Settings generic via filter on get_the_excerpt --><!-- AddThis Share Buttons generic via filter on get_the_excerpt --><\/p>\n","protected":false},"author":35,"featured_media":0,"comment_status":"open","ping_status":"open","sticky":false,"template":"","format":"standard","meta":{"footnotes":""},"categories":[1544],"tags":[],"class_list":["post-76","post","type-post","status-publish","format-standard","hentry","category-sin-categoria"],"_links":{"self":[{"href":"https:\/\/blogs.deia.eus\/desdeotramirada\/wp-json\/wp\/v2\/posts\/76","targetHints":{"allow":["GET"]}}],"collection":[{"href":"https:\/\/blogs.deia.eus\/desdeotramirada\/wp-json\/wp\/v2\/posts"}],"about":[{"href":"https:\/\/blogs.deia.eus\/desdeotramirada\/wp-json\/wp\/v2\/types\/post"}],"author":[{"embeddable":true,"href":"https:\/\/blogs.deia.eus\/desdeotramirada\/wp-json\/wp\/v2\/users\/35"}],"replies":[{"embeddable":true,"href":"https:\/\/blogs.deia.eus\/desdeotramirada\/wp-json\/wp\/v2\/comments?post=76"}],"version-history":[{"count":5,"href":"https:\/\/blogs.deia.eus\/desdeotramirada\/wp-json\/wp\/v2\/posts\/76\/revisions"}],"predecessor-version":[{"id":88,"href":"https:\/\/blogs.deia.eus\/desdeotramirada\/wp-json\/wp\/v2\/posts\/76\/revisions\/88"}],"wp:attachment":[{"href":"https:\/\/blogs.deia.eus\/desdeotramirada\/wp-json\/wp\/v2\/media?parent=76"}],"wp:term":[{"taxonomy":"category","embeddable":true,"href":"https:\/\/blogs.deia.eus\/desdeotramirada\/wp-json\/wp\/v2\/categories?post=76"},{"taxonomy":"post_tag","embeddable":true,"href":"https:\/\/blogs.deia.eus\/desdeotramirada\/wp-json\/wp\/v2\/tags?post=76"}],"curies":[{"name":"wp","href":"https:\/\/api.w.org\/{rel}","templated":true}]}}