{"id":832,"date":"2016-04-06T20:30:11","date_gmt":"2016-04-06T18:30:11","guid":{"rendered":"http:\/\/blogs.deia.com\/desdeotramirada\/?p=832"},"modified":"2016-04-06T20:38:55","modified_gmt":"2016-04-06T18:38:55","slug":"talento","status":"publish","type":"post","link":"https:\/\/blogs.deia.eus\/desdeotramirada\/2016\/04\/06\/talento\/","title":{"rendered":"Talento"},"content":{"rendered":"<p lang=\"es-ES\" style=\"text-align: left\" align=\"CENTER\"><a href=\"http:\/\/blogs.deia.com\/desdeotramirada\/files\/2016\/04\/talento.jpg\"><img loading=\"lazy\" decoding=\"async\" class=\"aligncenter  wp-image-836\" src=\"http:\/\/blogs.deia.com\/desdeotramirada\/files\/2016\/04\/talento.jpg\" alt=\"talento\" width=\"762\" height=\"297\" \/><\/a><a href=\"http:\/\/blogs.deia.com\/desdeotramirada\/files\/2016\/04\/MAS-TALENTO.jpg\"><br \/>\n<\/a>Las\u00a0aguas industriales del acero bajan turbias, muy revueltas. En Sestao, Beasain, Amurrio, Basauri, Bergara\u2026 y en toda Europa (en Inglaterra y Escocia, TATA regalar\u00e1 lunes al sol a miles de trabajadores) pintan bastos ante la competencia china que tildan de dumping y desleal. <strong>De los 7.500 operarios de hace cuatro\/cinco d\u00e9cadas en AHV hasta los precarizados 300 actuales de ACB,<\/strong> \u00bfcaminamos hacia la nada en el futuro cercano del acero vasco\/europeo?<\/p>\n<p align=\"JUSTIFY\">El paro en Espa\u00f1a es elevad\u00edsimo (en Euskadi no tanto el global pero s\u00ed entre los\/as j\u00f3venes); i<strong>ncluso en los buenos momentos dif\u00edcilmente bajaba del 12-15%, sumado a la propia precariedad trabajo.<\/strong> Parece claro que es algo estructural, nada espor\u00e1dico, ni puntual ni pasajero.<\/p>\n<p align=\"JUSTIFY\">Esta Semana Santa <strong>los medios nos han vendido como b\u00e1lsamo de Fierabr\u00e1s la ascendente entrada de turistas, tambi\u00e9n en Euskadi.<\/strong> Me alegra por la hosteler\u00eda\/hoteler\u00eda, pero para el futuro del pa\u00eds me parece m\u00e1s remedo que soluci\u00f3n. Porque por este camino y mientras la inestabilidad en otros pa\u00edses empuje al turista hacia aqu\u00ed, podemos f\u00e1cilmente llegar a convertirnos en balneario, solana y bar de copas de Europa. Porque mientras se contrata temporalmente a muchos camareros\/as, los j\u00f3venes mejor formados no encuentran trabajo en su especialidad, trabajo que s\u00ed les ofrecen en otros pa\u00edses que apuestan por su talento. <strong>Tras gastarnos una fortuna en su buena preparaci\u00f3n, ingenieros, m\u00e9dicos, bioqu\u00edmicos, inform\u00e1ticos, profesores, dise\u00f1adores\u2026 encuentran las puertas abiertas, de aqu\u00ed para salir y de all\u00ed para entrar<\/strong>. Hacemos negocio redondo, \u00a1puf!<\/p>\n<p align=\"JUSTIFY\">Seg\u00fan la Fundaci\u00f3n Cotec para la Innovaci\u00f3n Tecnol\u00f3gica la desinversi\u00f3n en I+D+i desde 2008 hace que hoy estemos peor que en 2003 en inversiones para innovaci\u00f3n con respecto a pa\u00edses del entorno.<\/p>\n<p align=\"JUSTIFY\">En un mundo global,<strong> la mano de obra se desplaza f\u00e1cilmente; los robots nos sustituir\u00e1n en las actividades mecanizadas y los recursos se pueden transportar con relativa facilidad. Pero el talento no<\/strong>. Con mucho dinero puedes montar en pocos meses un laboratorio de tecnolog\u00eda punta con el \u00faltimo aparataje, pero preparar a sus operarios se necesita a\u00f1os\/lustros\/d\u00e9cadas\u2026 Y no creo que aqu\u00ed se haya tomado la decisi\u00f3n de seguir este camino. No podemos emular el sistema estadounidense de universidades especializadas ni de comprar a otros el talento ya preparado; pero tampoco seguimos e<strong>l modelo finland\u00e9s que mima su escuela primaria, ni el ingl\u00e9s o el franc\u00e9s que se esmera e invierte en su secundaria.<\/strong> Adem\u00e1s, si la inversi\u00f3n p\u00fablica en talento investigador es raqu\u00edtica, a la iniciativa privada parece que le produjera salpullido. <strong>Podr\u00edamos imitar la inversi\u00f3n multimillonaria en talento futbol\u00edstico, \u00bfno?<\/strong><\/p>\n<p align=\"JUSTIFY\">Pero en A<strong>berri Eguna, Navidad o verano a los vascos<\/strong> y for\u00e1neos que emplean su talento en otros pa\u00edses p<strong>odremos servirles unos pintxos fant\u00e1sticos<\/strong> \u2026 <strong>si<\/strong> ese a\u00f1o <strong>deciden visitarnos.<\/strong><\/p>\n<!-- AddThis Advanced Settings generic via filter on the_content --><!-- AddThis Share Buttons generic via filter on the_content -->","protected":false},"excerpt":{"rendered":"<p>Las\u00a0aguas industriales del acero bajan turbias, muy revueltas. En Sestao, Beasain, Amurrio, Basauri, Bergara\u2026 y en toda Europa (en Inglaterra y Escocia, TATA regalar\u00e1 lunes al sol a miles de trabajadores) pintan bastos ante la competencia china que tildan de dumping y desleal. De los 7.500 operarios de hace cuatro\/cinco d\u00e9cadas en AHV hasta los &hellip; <a href=\"https:\/\/blogs.deia.eus\/desdeotramirada\/2016\/04\/06\/talento\/\" class=\"more-link\">Sigue leyendo <span class=\"screen-reader-text\">Talento<\/span><\/a><!-- AddThis Advanced Settings generic via filter on get_the_excerpt --><!-- AddThis Share Buttons generic via filter on get_the_excerpt --><\/p>\n","protected":false},"author":35,"featured_media":0,"comment_status":"open","ping_status":"open","sticky":false,"template":"","format":"standard","meta":{"footnotes":""},"categories":[1544],"tags":[18,84199,84198,8,84200,6,84197],"class_list":["post-832","post","type-post","status-publish","format-standard","hentry","category-sin-categoria","tag-euskadi","tag-exportar","tag-inversion-turismo","tag-jovenes","tag-licenciados","tag-paro","tag-talento"],"_links":{"self":[{"href":"https:\/\/blogs.deia.eus\/desdeotramirada\/wp-json\/wp\/v2\/posts\/832","targetHints":{"allow":["GET"]}}],"collection":[{"href":"https:\/\/blogs.deia.eus\/desdeotramirada\/wp-json\/wp\/v2\/posts"}],"about":[{"href":"https:\/\/blogs.deia.eus\/desdeotramirada\/wp-json\/wp\/v2\/types\/post"}],"author":[{"embeddable":true,"href":"https:\/\/blogs.deia.eus\/desdeotramirada\/wp-json\/wp\/v2\/users\/35"}],"replies":[{"embeddable":true,"href":"https:\/\/blogs.deia.eus\/desdeotramirada\/wp-json\/wp\/v2\/comments?post=832"}],"version-history":[{"count":4,"href":"https:\/\/blogs.deia.eus\/desdeotramirada\/wp-json\/wp\/v2\/posts\/832\/revisions"}],"predecessor-version":[{"id":838,"href":"https:\/\/blogs.deia.eus\/desdeotramirada\/wp-json\/wp\/v2\/posts\/832\/revisions\/838"}],"wp:attachment":[{"href":"https:\/\/blogs.deia.eus\/desdeotramirada\/wp-json\/wp\/v2\/media?parent=832"}],"wp:term":[{"taxonomy":"category","embeddable":true,"href":"https:\/\/blogs.deia.eus\/desdeotramirada\/wp-json\/wp\/v2\/categories?post=832"},{"taxonomy":"post_tag","embeddable":true,"href":"https:\/\/blogs.deia.eus\/desdeotramirada\/wp-json\/wp\/v2\/tags?post=832"}],"curies":[{"name":"wp","href":"https:\/\/api.w.org\/{rel}","templated":true}]}}