{"id":1125,"date":"2013-10-08T12:30:07","date_gmt":"2013-10-08T10:30:07","guid":{"rendered":"http:\/\/blogs.deia.com\/desmarcados\/?p=1125"},"modified":"2013-10-08T12:33:09","modified_gmt":"2013-10-08T10:33:09","slug":"obsesion-por-etb","status":"publish","type":"post","link":"https:\/\/blogs.deia.eus\/desmarcados\/2013\/10\/08\/obsesion-por-etb\/","title":{"rendered":"Obsesi\u00f3n por ETB"},"content":{"rendered":"<p><!--[if gte mso 9]&gt;--><\/p>\n<p><a href=\"http:\/\/blogs.deia.com\/desmarcados\/files\/2013\/10\/1230716471_0.jpg\"><img loading=\"lazy\" decoding=\"async\" class=\"aligncenter size-full wp-image-1126\" alt=\"1230716471_0\" src=\"http:\/\/blogs.deia.com\/desmarcados\/files\/2013\/10\/1230716471_0.jpg\" width=\"670\" height=\"261\" srcset=\"https:\/\/blogs.deia.eus\/desmarcados\/files\/2013\/10\/1230716471_0.jpg 670w, https:\/\/blogs.deia.eus\/desmarcados\/files\/2013\/10\/1230716471_0-580x225.jpg 580w\" sizes=\"auto, (max-width: 670px) 100vw, 670px\" \/><\/a><!--[if gte mso 9]&gt;-->El mi\u00e9rcoles pasado <i>El Correo Espa\u00f1ol<\/i> asegur\u00f3 en una informaci\u00f3n -diminuta en tama\u00f1o, pero gigante en mala intenci\u00f3n- que ETB hab\u00eda registrado en septiembre un descenso hist\u00f3rico en sus audiencias. \u00bfHist\u00f3rico? Los canales de la televisi\u00f3n vasca experimentaron, es cierto, una bajada en seguimiento popular; pero calificarla tan enf\u00e1ticamente es una manipulaci\u00f3n absoluta. De hecho, ETB2 ha regresado a los \u00edndices de julio y la magnitud de su p\u00e9rdida es la misma que la ganancia obtenida hace solo cuatro meses. Nada indica que se est\u00e9 produciendo un desplome de las audiencias como en la etapa anterior, cuyos datos tocaron fondo con un 7,7% en el segundo canal y 1,7% en la cadena en euskera. A\u00fan es pronto para juzgar los resultados del cambio estrat\u00e9gico de ETB1, y con ETB3 al alza. Pero no hay duda de que el actual equipo directivo est\u00e1 errando en su objetivo situar al grupo p\u00fablico en niveles \u00f3ptimos de aceptaci\u00f3n y que el precio de la crisis es mayor para ETB que para las grandes televisiones estatales.<\/p>\n<p class=\"MsoNormal\" style=\"text-align: justify\"><span>\u00a0\u00a0\u00a0\u00a0\u00a0\u00a0\u00a0\u00a0\u00a0\u00a0\u00a0 <\/span>\u00bfA qu\u00e9 viene esa obsesi\u00f3n de Vocento por ETB? Es una vieja fijaci\u00f3n del pensamiento espa\u00f1ol, en la que centran todos los males pol\u00edticos y hasta morales que, a su juicio, padece Euskadi por su desafecci\u00f3n al proyecto constitucional. Vocento tiene dos problemas con la televisi\u00f3n vasca: el liderazgo informativo de ETB desbarata su cuenta de resultados en influencia ideol\u00f3gica y, adem\u00e1s, es su principal competidor en la captaci\u00f3n de publicidad local. ETB democratiz\u00f3 la informaci\u00f3n que hasta su creaci\u00f3n estuvo colonizada por quienes negaron y cantaron los cr\u00edmenes de la dictadura. Con semejante dolor pol\u00edtico y econ\u00f3mico la mirada de ese grupo period\u00edstico a nuestra radiotelevisi\u00f3n p\u00fablica nunca ser\u00e1 objetiva y respetuosa.<\/p>\n<p><span style=\"font-size: 12.0pt;font-family: 'Times New Roman','serif'\"><span>\u00a0\u00a0\u00a0\u00a0\u00a0\u00a0\u00a0\u00a0\u00a0\u00a0\u00a0 <\/span>El barullo artificial montado por Vocento por la no inclusi\u00f3n de una referencia a ETA en el Plan Estrat\u00e9gico de EITB es otra muestra de sus inclinaciones obsesivas. \u00bfHay que recordar que la sede de ETB fue destruida 2009 por una bomba terrorista? \u00a1Ah, la memoria!, dulce arma de protecci\u00f3n masiva.<\/span><\/p>\n<p>&nbsp;<\/p>\n<p>&nbsp;<\/p>\n<p>&nbsp;<\/p>\n<p>&nbsp;<\/p>\n<!-- AddThis Advanced Settings generic via filter on the_content --><!-- AddThis Share Buttons generic via filter on the_content -->","protected":false},"excerpt":{"rendered":"<p>El mi\u00e9rcoles pasado El Correo Espa\u00f1ol asegur\u00f3 en una informaci\u00f3n -diminuta en tama\u00f1o, pero gigante en mala intenci\u00f3n- que ETB hab\u00eda registrado en septiembre un descenso hist\u00f3rico en sus audiencias. \u00bfHist\u00f3rico? Los canales de la televisi\u00f3n vasca experimentaron, es cierto, una bajada en seguimiento popular; pero calificarla tan enf\u00e1ticamente es una manipulaci\u00f3n absoluta. De hecho, &hellip; <a href=\"https:\/\/blogs.deia.eus\/desmarcados\/2013\/10\/08\/obsesion-por-etb\/\" class=\"more-link\">Sigue leyendo <span class=\"screen-reader-text\">Obsesi\u00f3n por ETB<\/span><\/a><!-- AddThis Advanced Settings generic via filter on get_the_excerpt --><!-- AddThis Share Buttons generic via filter on get_the_excerpt --><\/p>\n","protected":false},"author":46,"featured_media":0,"comment_status":"open","ping_status":"open","sticky":false,"template":"","format":"standard","meta":{"footnotes":""},"categories":[1],"tags":[],"class_list":["post-1125","post","type-post","status-publish","format-standard","hentry","category-sin-categoria"],"_links":{"self":[{"href":"https:\/\/blogs.deia.eus\/desmarcados\/wp-json\/wp\/v2\/posts\/1125","targetHints":{"allow":["GET"]}}],"collection":[{"href":"https:\/\/blogs.deia.eus\/desmarcados\/wp-json\/wp\/v2\/posts"}],"about":[{"href":"https:\/\/blogs.deia.eus\/desmarcados\/wp-json\/wp\/v2\/types\/post"}],"author":[{"embeddable":true,"href":"https:\/\/blogs.deia.eus\/desmarcados\/wp-json\/wp\/v2\/users\/46"}],"replies":[{"embeddable":true,"href":"https:\/\/blogs.deia.eus\/desmarcados\/wp-json\/wp\/v2\/comments?post=1125"}],"version-history":[{"count":6,"href":"https:\/\/blogs.deia.eus\/desmarcados\/wp-json\/wp\/v2\/posts\/1125\/revisions"}],"predecessor-version":[{"id":1132,"href":"https:\/\/blogs.deia.eus\/desmarcados\/wp-json\/wp\/v2\/posts\/1125\/revisions\/1132"}],"wp:attachment":[{"href":"https:\/\/blogs.deia.eus\/desmarcados\/wp-json\/wp\/v2\/media?parent=1125"}],"wp:term":[{"taxonomy":"category","embeddable":true,"href":"https:\/\/blogs.deia.eus\/desmarcados\/wp-json\/wp\/v2\/categories?post=1125"},{"taxonomy":"post_tag","embeddable":true,"href":"https:\/\/blogs.deia.eus\/desmarcados\/wp-json\/wp\/v2\/tags?post=1125"}],"curies":[{"name":"wp","href":"https:\/\/api.w.org\/{rel}","templated":true}]}}