{"id":1134,"date":"2013-10-15T14:12:26","date_gmt":"2013-10-15T12:12:26","guid":{"rendered":"http:\/\/blogs.deia.com\/desmarcados\/?p=1134"},"modified":"2013-10-15T14:13:50","modified_gmt":"2013-10-15T12:13:50","slug":"todo-por-la-tele-y-para-nada","status":"publish","type":"post","link":"https:\/\/blogs.deia.eus\/desmarcados\/2013\/10\/15\/todo-por-la-tele-y-para-nada\/","title":{"rendered":"Todo por la tele y para nada"},"content":{"rendered":"<p><!--[if gte mso 9]&gt;--><\/p>\n<p class=\"MsoNormal\" style=\"text-align: justify;text-indent: 35.4pt\"><a href=\"http:\/\/blogs.deia.com\/desmarcados\/files\/2013\/10\/FE.jpg\"><img loading=\"lazy\" decoding=\"async\" class=\"aligncenter size-full wp-image-1135\" alt=\"FE\" src=\"http:\/\/blogs.deia.com\/desmarcados\/files\/2013\/10\/FE.jpg\" width=\"415\" height=\"294\" \/><\/a>\u00bfTan corto de imaginaci\u00f3n anda el feminismo espa\u00f1ol que para conseguir unas ef\u00edmeras migajas de notoriedad se apunta a hacer topless -y el rid\u00edculo- en el Congreso? \u00bfQu\u00e9 puede aportar al movimiento por la igualdad una franquicia ucraniana como FEMEN que a\u00fan no ha salido del parvulario de los derechos humanos en la atrasada Europa oriental? \u00bfQu\u00e9 tipo de degradaci\u00f3n corporativa afecta a esa prensa que el pasado jueves emul\u00f3 las portadas de <i>Intervi\u00fa<\/i>?<span>\u00a0 <\/span><strong>\u00bfQu\u00e9 le ocurre a la clase pol\u00edtica y los colectivos sociales para que se muestren tan previsibles en sus acciones de comunicaci\u00f3n reivindicativas y sus protestas p\u00fablicas?<\/strong> \u00bfNo es pat\u00e9tico, por rancio, ver al diputado de Amaiur, Mikel Errekondo, representar en la tribuna parlamentaria, durante diez eternos segundos, uno de aquellos castigos que sufr\u00edamos los ni\u00f1os en la escuela franquista? \u00bfA lo m\u00e1s que aspiran hoy nuestros rebeldes es a lucir, orgullosos, una camiseta de campa\u00f1a? \u00bfLa solidaridad se mide en <i>merchandising<\/i> exhibido?<strong> \u00bfTanto bochorno por un minuto de gloria en la tele?<\/strong><\/p>\n<p class=\"MsoNormal\" style=\"text-align: justify;text-indent: 35.4pt\">La crisis no es solo econ\u00f3mica. El empobrecimiento est\u00e1 tambi\u00e9n en las ideas y en la forma en que \u00e9stas se exponen. La izquierda y la derecha se imitan mutuamente y terminan por ser lo mismo. La falta de originalidad y las dificultades comunicativas son un problema de ausencia de osad\u00eda y entusiasmo creativo. As\u00ed que la m\u00e1xima expresi\u00f3n transgresora es irrumpir en la televisi\u00f3n como sea, incluso en pelotas. <strong>Sigue existiendo una fascinaci\u00f3n cateta por aparecer en la tele.<\/strong> Pero cualquier joven usuario de las redes sociales le da mil vueltas a las viejas organizaciones en valent\u00eda de discurso y en ruptura de los esquemas cl\u00e1sicos de vinculaci\u00f3n. <strong>La tele est\u00e1 sobrevalorada, porque m\u00e1s que la popularidad lo que importa es la autoestima, la identidad satisfecha.<\/strong><\/p>\n<p class=\"MsoNormal\" style=\"text-align: justify;text-indent: 35.4pt\">Todo el mundo est\u00e1 en crisis: las feministas, los pol\u00edticos, las oeneg\u00e9s, las religiones, los optimistas\u2026 <strong>Todos menos esas personas, grandes en ideas y realizaciones, que teniendo m\u00e9ritos sobrados para ser admirados renuncian a salir en la tele.<\/strong><\/p>\n<!-- AddThis Advanced Settings generic via filter on the_content --><!-- AddThis Share Buttons generic via filter on the_content -->","protected":false},"excerpt":{"rendered":"<p>\u00bfTan corto de imaginaci\u00f3n anda el feminismo espa\u00f1ol que para conseguir unas ef\u00edmeras migajas de notoriedad se apunta a hacer topless -y el rid\u00edculo- en el Congreso? \u00bfQu\u00e9 puede aportar al movimiento por la igualdad una franquicia ucraniana como FEMEN que a\u00fan no ha salido del parvulario de los derechos humanos en la atrasada Europa &hellip; <a href=\"https:\/\/blogs.deia.eus\/desmarcados\/2013\/10\/15\/todo-por-la-tele-y-para-nada\/\" class=\"more-link\">Sigue leyendo <span class=\"screen-reader-text\">Todo por la tele y para nada<\/span><\/a><!-- AddThis Advanced Settings generic via filter on get_the_excerpt --><!-- AddThis Share Buttons generic via filter on get_the_excerpt --><\/p>\n","protected":false},"author":46,"featured_media":0,"comment_status":"open","ping_status":"open","sticky":false,"template":"","format":"standard","meta":{"footnotes":""},"categories":[1],"tags":[],"class_list":["post-1134","post","type-post","status-publish","format-standard","hentry","category-sin-categoria"],"_links":{"self":[{"href":"https:\/\/blogs.deia.eus\/desmarcados\/wp-json\/wp\/v2\/posts\/1134","targetHints":{"allow":["GET"]}}],"collection":[{"href":"https:\/\/blogs.deia.eus\/desmarcados\/wp-json\/wp\/v2\/posts"}],"about":[{"href":"https:\/\/blogs.deia.eus\/desmarcados\/wp-json\/wp\/v2\/types\/post"}],"author":[{"embeddable":true,"href":"https:\/\/blogs.deia.eus\/desmarcados\/wp-json\/wp\/v2\/users\/46"}],"replies":[{"embeddable":true,"href":"https:\/\/blogs.deia.eus\/desmarcados\/wp-json\/wp\/v2\/comments?post=1134"}],"version-history":[{"count":3,"href":"https:\/\/blogs.deia.eus\/desmarcados\/wp-json\/wp\/v2\/posts\/1134\/revisions"}],"predecessor-version":[{"id":1138,"href":"https:\/\/blogs.deia.eus\/desmarcados\/wp-json\/wp\/v2\/posts\/1134\/revisions\/1138"}],"wp:attachment":[{"href":"https:\/\/blogs.deia.eus\/desmarcados\/wp-json\/wp\/v2\/media?parent=1134"}],"wp:term":[{"taxonomy":"category","embeddable":true,"href":"https:\/\/blogs.deia.eus\/desmarcados\/wp-json\/wp\/v2\/categories?post=1134"},{"taxonomy":"post_tag","embeddable":true,"href":"https:\/\/blogs.deia.eus\/desmarcados\/wp-json\/wp\/v2\/tags?post=1134"}],"curies":[{"name":"wp","href":"https:\/\/api.w.org\/{rel}","templated":true}]}}