{"id":1140,"date":"2013-10-22T12:49:04","date_gmt":"2013-10-22T10:49:04","guid":{"rendered":"http:\/\/blogs.deia.com\/desmarcados\/?p=1140"},"modified":"2013-10-22T12:49:20","modified_gmt":"2013-10-22T10:49:20","slug":"semana-del-gal-y-el-gal-amarillo","status":"publish","type":"post","link":"https:\/\/blogs.deia.eus\/desmarcados\/2013\/10\/22\/semana-del-gal-y-el-gal-amarillo\/","title":{"rendered":"Semana del GAL&#8230; y el GAL amarillo"},"content":{"rendered":"<p><!--[if gte mso 9]&gt;--><\/p>\n<p class=\"MsoNormal\" style=\"text-align: justify\"><span><a href=\"http:\/\/blogs.deia.com\/desmarcados\/files\/2013\/10\/GAL.jpg\"><img loading=\"lazy\" decoding=\"async\" class=\"aligncenter size-full wp-image-1142\" alt=\"GAL\" src=\"http:\/\/blogs.deia.com\/desmarcados\/files\/2013\/10\/GAL.jpg\" width=\"340\" height=\"228\" \/><\/a>De la pugna y contradicci\u00f3n entre pasado y presente surgen los proyectos de futuro. Antes de olvidar hay que conocer.\u00a0. Nuestra televisi\u00f3n p\u00fablica ha dedicado toda la semana pasada al trig\u00e9simo aniversario del inicio de la carrera criminal de los GAL, banda financiada y dirigida por el Estado espa\u00f1ol a trav\u00e9s de un gobierno socialista que regal\u00f3 a ETA un arsenal de argumentos para veinte a\u00f1os m\u00e1s de terror. ETB2 otorg\u00f3 a la memoria del caso Lasa y Zabala el <i>prime time<\/i> del lunes y jueves, con programas especiales de <i>60 minutos<\/i> y <i>El Dilema<\/i>, as\u00ed como varias tardes de <i>Sin ir m\u00e1s lejos<\/i> y de <i>Airean<\/i>, en ETB1, y una noche de intensa pol\u00e9mica en <i>Debatea<\/i>. Horas y horas de testimonios entre los que destac\u00f3 el forense Paco Etxeberria, art\u00edfice del reconocimiento de los cuerpos de los dos j\u00f3venes torturados<strong>. Este admirable profesor nos estremeci\u00f3 con la estricta crudeza de su relato, sin apelaciones emocionales. La verdad deber\u00eda tener siempre esta imagen serena y limpia.<\/strong><\/span><\/p>\n<p class=\"MsoNormal\" style=\"text-align: justify\"><span><span>\u00a0\u00a0\u00a0\u00a0\u00a0\u00a0\u00a0\u00a0\u00a0\u00a0\u00a0 <\/span>Y frente a la autoridad moral de Etxeberria se escucharon coartadas del terrorismo de Estado. Dig\u00e1moslo claro: a Espa\u00f1a no le repugnan aquellos asesinatos. El excomisario Amedo los enmarca en el contexto del activismo etarra de los a\u00f1os ochenta. Otros los justifican por el hecho de que diversos pa\u00edses democr\u00e1ticos tuvieron episodios parecidos. Ni una palabra de perd\u00f3n. <strong>Adem\u00e1s de los GAL verde, azul y marr\u00f3n, hay un cuarto, el m\u00e1s c\u00ednico: el GAL amarillo, formado por la televisi\u00f3n y otros medios que callaron o retorcieron aquellos atentados y que ahora ponen rostro compungido a lo que entonces aplaud\u00edan entre brindis y risas.<\/strong> Nos guste o no, en nuestra sociedad la verdad p\u00fablica es un relato medi\u00e1tico. No s\u00e9 c\u00f3mo se escribir\u00e1 finalmente la historia sobre ETA; pero la verdad sobre los GAL sigue pendiente.<\/span><\/p>\n<p><span style=\"font-size: 12.0pt;font-family: 'Times New Roman','serif'\"><span>\u00a0\u00a0\u00a0\u00a0\u00a0\u00a0\u00a0\u00a0\u00a0\u00a0\u00a0 <\/span>Y en esta introspecci\u00f3n en el pasado nos encontr\u00e1bamos, cuando el p\u00e1nico por el cierre de Fagor, con m\u00e1s de cinco mil empleos en riesgo, devolvi\u00f3 a Euskadi al inexorable presente. <strong><i>Carpe Diem<\/i>.<\/strong><\/span><\/p>\n<!-- AddThis Advanced Settings generic via filter on the_content --><!-- AddThis Share Buttons generic via filter on the_content -->","protected":false},"excerpt":{"rendered":"<p>De la pugna y contradicci\u00f3n entre pasado y presente surgen los proyectos de futuro. Antes de olvidar hay que conocer.\u00a0. Nuestra televisi\u00f3n p\u00fablica ha dedicado toda la semana pasada al trig\u00e9simo aniversario del inicio de la carrera criminal de los GAL, banda financiada y dirigida por el Estado espa\u00f1ol a trav\u00e9s de un gobierno socialista &hellip; <a href=\"https:\/\/blogs.deia.eus\/desmarcados\/2013\/10\/22\/semana-del-gal-y-el-gal-amarillo\/\" class=\"more-link\">Sigue leyendo <span class=\"screen-reader-text\">Semana del GAL&#8230; y el GAL amarillo<\/span><\/a><!-- AddThis Advanced Settings generic via filter on get_the_excerpt --><!-- AddThis Share Buttons generic via filter on get_the_excerpt --><\/p>\n","protected":false},"author":46,"featured_media":0,"comment_status":"open","ping_status":"open","sticky":false,"template":"","format":"standard","meta":{"footnotes":""},"categories":[1],"tags":[],"class_list":["post-1140","post","type-post","status-publish","format-standard","hentry","category-sin-categoria"],"_links":{"self":[{"href":"https:\/\/blogs.deia.eus\/desmarcados\/wp-json\/wp\/v2\/posts\/1140","targetHints":{"allow":["GET"]}}],"collection":[{"href":"https:\/\/blogs.deia.eus\/desmarcados\/wp-json\/wp\/v2\/posts"}],"about":[{"href":"https:\/\/blogs.deia.eus\/desmarcados\/wp-json\/wp\/v2\/types\/post"}],"author":[{"embeddable":true,"href":"https:\/\/blogs.deia.eus\/desmarcados\/wp-json\/wp\/v2\/users\/46"}],"replies":[{"embeddable":true,"href":"https:\/\/blogs.deia.eus\/desmarcados\/wp-json\/wp\/v2\/comments?post=1140"}],"version-history":[{"count":2,"href":"https:\/\/blogs.deia.eus\/desmarcados\/wp-json\/wp\/v2\/posts\/1140\/revisions"}],"predecessor-version":[{"id":1144,"href":"https:\/\/blogs.deia.eus\/desmarcados\/wp-json\/wp\/v2\/posts\/1140\/revisions\/1144"}],"wp:attachment":[{"href":"https:\/\/blogs.deia.eus\/desmarcados\/wp-json\/wp\/v2\/media?parent=1140"}],"wp:term":[{"taxonomy":"category","embeddable":true,"href":"https:\/\/blogs.deia.eus\/desmarcados\/wp-json\/wp\/v2\/categories?post=1140"},{"taxonomy":"post_tag","embeddable":true,"href":"https:\/\/blogs.deia.eus\/desmarcados\/wp-json\/wp\/v2\/tags?post=1140"}],"curies":[{"name":"wp","href":"https:\/\/api.w.org\/{rel}","templated":true}]}}