{"id":1152,"date":"2013-11-05T10:28:02","date_gmt":"2013-11-05T09:28:02","guid":{"rendered":"http:\/\/blogs.deia.com\/desmarcados\/?p=1152"},"modified":"2013-11-05T10:28:18","modified_gmt":"2013-11-05T09:28:18","slug":"gitana-urrutia-corresponsal-en-la-realidad","status":"publish","type":"post","link":"https:\/\/blogs.deia.eus\/desmarcados\/2013\/11\/05\/gitana-urrutia-corresponsal-en-la-realidad\/","title":{"rendered":"GitAna Urrutia, corresponsal en la realidad"},"content":{"rendered":"<p><!--[if gte mso 9]&gt;--><\/p>\n<p style=\"margin: 0cm;margin-bottom: .0001pt;text-align: justify\"><span><a href=\"http:\/\/blogs.deia.com\/desmarcados\/files\/2013\/11\/anaurrutia_22637_11.jpg\"><img loading=\"lazy\" decoding=\"async\" class=\"aligncenter size-full wp-image-1153\" alt=\"anaurrutia_22637_11\" src=\"http:\/\/blogs.deia.com\/desmarcados\/files\/2013\/11\/anaurrutia_22637_11.jpg\" width=\"650\" height=\"485\" srcset=\"https:\/\/blogs.deia.eus\/desmarcados\/files\/2013\/11\/anaurrutia_22637_11.jpg 650w, https:\/\/blogs.deia.eus\/desmarcados\/files\/2013\/11\/anaurrutia_22637_11-580x432.jpg 580w\" sizes=\"auto, (max-width: 650px) 100vw, 650px\" \/><\/a>ETB tiene una nueva corresponsal. No en Washington o Bruselas, sino <strong>en el pa\u00eds m\u00e1s desconocido y distorsionado que existe, la realidad.<\/strong> A ese mundo ha viajado Ana Urrutia como enviada especial, a inmiscuirse entre colectivos marginales y descubrirnos lo equivocados que estamos con ciertos grupos y culturas. <\/span><\/p>\n<p style=\"margin: 0cm;margin-bottom: .0001pt;text-align: justify\"><span>El formato elegido para la inmersi\u00f3n no es original y est\u00e1 inspirado en un reporterismo que hizo fortuna en Estados Unidos en la d\u00e9cada de los sesenta y cuyo icono fue la perturbadora pel\u00edcula <i>Corredor sin retorno<\/i>. Aquel modelo se ha concretado actualmente en el espacio <\/span><i>30 Days<\/i>, de la cadenaFX Networks, pirateado por Cuatro para el programa <i>21 d\u00edas <\/i>y su secuela <i>Conexi\u00f3n Samanta<\/i>, ambos conducidos por la intr\u00e9pida Samanta Villar. A nuestra chica del tiempo, sin necesidad de recurrir a la osad\u00eda,<strong> le ha bastado su impresionante capacidad de conexi\u00f3n emocional para penetrar, en su primera incursi\u00f3n, en la vida de la etnia gitana de Euskadi y derribar sus t\u00f3picos y ratificarnos algunas de sus miserias, como la homofobia y la discriminaci\u00f3n de la mujer.<\/strong> <strong>Nunca hubi\u00e9semos imaginado que entre esta gente existieran euskaldunes y simpatizantes del PNV.<\/strong> <span>\u00a0<\/span><\/p>\n<p style=\"margin: 0cm;margin-bottom: .0001pt;text-align: justify;text-indent: 35.4pt\"><i>Implicada<\/i> exige mucho a Ana, porque su objetivo informativo y social es riguroso, aunque sin pretensiones. A la b\u00fasqueda de pulverizar los prejuicios hacia los gitanos, Ana se vio obligada a hacer el rid\u00edculo en bailes y fiestas, participar en los ritos de una iglesia evangelista, vivir los preparativos de una boda y ser vendedora de bisuter\u00eda en un mercadillo, en parte como reportera incisiva y tambi\u00e9n como paya a la que se recibe como miembro del clan. Este doble papel contradictorio y los cortes intermedios con sus comentarios dieron al programa una agilidad infrecuente en un docureality.<i> <\/i><span>\u00a0<\/span><\/p>\n<p style=\"margin: 0cm;margin-bottom: .0001pt;text-align: justify;text-indent: 35.4pt\"><strong>Es probable que <i>Implicada<\/i> haya logrado mejorar la imagen p\u00fablica de la conflictiva comunidad gitana,<\/strong> porque ha tenido la habilidad de mostrar sin filtros el lado humano de ese pueblo. No pudo tener mejor final que el saludo de una ni\u00f1a cal\u00e9 y su flamenco \u201cgero y arte\u201d. Genial.<\/p>\n<!-- AddThis Advanced Settings generic via filter on the_content --><!-- AddThis Share Buttons generic via filter on the_content -->","protected":false},"excerpt":{"rendered":"<p>ETB tiene una nueva corresponsal. No en Washington o Bruselas, sino en el pa\u00eds m\u00e1s desconocido y distorsionado que existe, la realidad. A ese mundo ha viajado Ana Urrutia como enviada especial, a inmiscuirse entre colectivos marginales y descubrirnos lo equivocados que estamos con ciertos grupos y culturas. El formato elegido para la inmersi\u00f3n no &hellip; <a href=\"https:\/\/blogs.deia.eus\/desmarcados\/2013\/11\/05\/gitana-urrutia-corresponsal-en-la-realidad\/\" class=\"more-link\">Sigue leyendo <span class=\"screen-reader-text\">GitAna Urrutia, corresponsal en la realidad<\/span><\/a><!-- AddThis Advanced Settings generic via filter on get_the_excerpt --><!-- AddThis Share Buttons generic via filter on get_the_excerpt --><\/p>\n","protected":false},"author":46,"featured_media":0,"comment_status":"open","ping_status":"open","sticky":false,"template":"","format":"standard","meta":{"footnotes":""},"categories":[1],"tags":[],"class_list":["post-1152","post","type-post","status-publish","format-standard","hentry","category-sin-categoria"],"_links":{"self":[{"href":"https:\/\/blogs.deia.eus\/desmarcados\/wp-json\/wp\/v2\/posts\/1152","targetHints":{"allow":["GET"]}}],"collection":[{"href":"https:\/\/blogs.deia.eus\/desmarcados\/wp-json\/wp\/v2\/posts"}],"about":[{"href":"https:\/\/blogs.deia.eus\/desmarcados\/wp-json\/wp\/v2\/types\/post"}],"author":[{"embeddable":true,"href":"https:\/\/blogs.deia.eus\/desmarcados\/wp-json\/wp\/v2\/users\/46"}],"replies":[{"embeddable":true,"href":"https:\/\/blogs.deia.eus\/desmarcados\/wp-json\/wp\/v2\/comments?post=1152"}],"version-history":[{"count":2,"href":"https:\/\/blogs.deia.eus\/desmarcados\/wp-json\/wp\/v2\/posts\/1152\/revisions"}],"predecessor-version":[{"id":1155,"href":"https:\/\/blogs.deia.eus\/desmarcados\/wp-json\/wp\/v2\/posts\/1152\/revisions\/1155"}],"wp:attachment":[{"href":"https:\/\/blogs.deia.eus\/desmarcados\/wp-json\/wp\/v2\/media?parent=1152"}],"wp:term":[{"taxonomy":"category","embeddable":true,"href":"https:\/\/blogs.deia.eus\/desmarcados\/wp-json\/wp\/v2\/categories?post=1152"},{"taxonomy":"post_tag","embeddable":true,"href":"https:\/\/blogs.deia.eus\/desmarcados\/wp-json\/wp\/v2\/tags?post=1152"}],"curies":[{"name":"wp","href":"https:\/\/api.w.org\/{rel}","templated":true}]}}