{"id":1156,"date":"2013-11-07T09:41:17","date_gmt":"2013-11-07T08:41:17","guid":{"rendered":"http:\/\/blogs.deia.com\/desmarcados\/?p=1156"},"modified":"2013-11-07T09:44:51","modified_gmt":"2013-11-07T08:44:51","slug":"por-que-es-imposible-el-pacto-pnv-eh-bildu","status":"publish","type":"post","link":"https:\/\/blogs.deia.eus\/desmarcados\/2013\/11\/07\/por-que-es-imposible-el-pacto-pnv-eh-bildu\/","title":{"rendered":"\u00bfPor qu\u00e9 es imposible el pacto PNV-EH Bildu?"},"content":{"rendered":"<div class=\"Texto\"><a href=\"http:\/\/blogs.deia.com\/desmarcados\/files\/2013\/11\/81356-777-550.jpg\"><img loading=\"lazy\" decoding=\"async\" class=\"aligncenter size-full wp-image-1157\" alt=\"81356-777-550\" src=\"http:\/\/blogs.deia.com\/desmarcados\/files\/2013\/11\/81356-777-550.jpg\" width=\"777\" height=\"550\" srcset=\"https:\/\/blogs.deia.eus\/desmarcados\/files\/2013\/11\/81356-777-550.jpg 777w, https:\/\/blogs.deia.eus\/desmarcados\/files\/2013\/11\/81356-777-550-580x410.jpg 580w\" sizes=\"auto, (max-width: 777px) 100vw, 777px\" \/><\/a><span>\u00a0\u00a0\u00a0\u00a0\u00a0\u00a0\u00a0\u00a0\u00a0\u00a0\u00a0 <\/span><!--[if gte mso 9]&gt;--><span style=\"font-size: 12.0pt;font-family: 'Times New Roman','serif'\">\u00bfQu\u00e9 clase de maldici\u00f3n pesa sobre los grandes sue\u00f1os que los hace irrealizables? Los sondeos de opini\u00f3n -una aproximaci\u00f3n a la realidad en un momento dado- apuntan a que una mayor\u00eda social vasca preferir\u00eda que el PNV y EH Bildu llegaran a acuerdos de gobierno, mucho m\u00e1s que entre jeltzales y socialistas. \u00bfY por qu\u00e9 es imposible un entendimiento estrat\u00e9gico entre las dos fuerzas abertzales? \u00bfQu\u00e9 impide un trabajo conjunto en la consecuci\u00f3n del derecho a decidir y compartir una alianza para la independencia y otros objetivos b\u00e1sicos? \u00bfPor qu\u00e9 resultan m\u00e1s f\u00e1ciles los consensos con el PSE y el PP, siendo estos antinacionalistas? <strong>No hay mayor frustraci\u00f3n que asistir al enfrentamiento de aquellos que quieres ver unidos, sabiendo que el valor de sus diferencias se mide por su misma mezquindad.<\/strong><\/span><\/div>\n<div class=\"Texto\">\n<p><!--[if gte mso 9]&gt;--><\/p>\n<p><!--[if gte mso 9]&gt;--><\/p>\n<p>Somos un pa\u00eds adicto a la desuni\u00f3n, peque\u00f1o, disperso y agresivo. Solo por estos antecedentes el anhelo de la independencia es imposible. Llama la atenci\u00f3n el contraste entre el esp\u00edritu cooperativista vasco, tan profundo, con la vasta experiencia de los desencuentros pret\u00e9ritos y presentes de este pueblo. Somos ejemplo de solidaridad, formamos coros, entidades sociales y culturales, amamos las regatas de traineras y otras formas de unidad y trabajo en equipo; pero somos incapaces de tratados esenciales. Es como si el pa\u00eds tuviera dos almas irreconciliables y estas pretendieran anularse para hacer fracasar todas las conquistas que \u00fanicamente pueden materializarse mediante una colaboraci\u00f3n consciente y responsable. <strong>La unidad nacional es tan deseable y necesaria para Euskadi como cualquiera de sus altos objetivos \u00e9ticos, econ\u00f3micos, tecnol\u00f3gicos y educativos.<\/strong> Llega el momento en que un pa\u00eds con autoestima debe aspirar a la grandeza, superando el c\u00famulo de prejuicios, temores y agravios que la empeque\u00f1ecen cada d\u00eda.<\/p>\n<p class=\"MsoNormal\" style=\"text-align: justify\"><i><span style=\"font-size: 16.0pt\">Prejuicios<\/span><\/i><\/p>\n<p class=\"MsoNormal\" style=\"text-align: justify\"><span>\u00a0\u00a0\u00a0\u00a0\u00a0\u00a0\u00a0\u00a0\u00a0\u00a0\u00a0 <\/span>Nada m\u00e1s poderoso que los prejuicios para impedir que una mente o una sociedad avancen. La lista de recelos del PNV hacia la izquierda nacionalista y de \u00e9sta sobre la formaci\u00f3n jeltzale es interminable, que no pasar\u00edan de an\u00e9cdota si esas activas suspicacias no fuesen un parapeto omnipresente en la pol\u00edtica cotidiana para hacer inviables pactos elementales, incluso para ahondar en sus diferencias. <strong>Ninguna de las dos fuerzas reconoce a su oponente m\u00e1s all\u00e1 de la mera tolerancia.<\/strong> Quiero decir que una considera a la otra como una desviaci\u00f3n hist\u00f3rica del nacionalismo original, fruto de la intoxicaci\u00f3n del pensamiento revolucionario; mientras que \u00e9sta se autoafirma como la expresi\u00f3n genuina y actualizada del proyecto abertzale frente a los que han asumido, deslealmente, las reglas del juego institucional del Estado.<\/p>\n<p class=\"MsoNormal\" style=\"text-align: justify;text-indent: 35.4pt\">Es probable que sin la existencia de ETA y su larga carrera criminal, que tambi\u00e9n puso en su diana al PNV, los prejuicios entre nacionalistas no tendr\u00edan espacio o al menos no ser\u00edan tan intensos. Quiz\u00e1s por eso los jeltzales tienden con frecuencia a calificar de no democr\u00e1tica a la izquierda abertzale o advenedizos del sistema de libertades. La apelaci\u00f3n es in\u00fatil y destructiva. <strong>La negaci\u00f3n de la identidad democr\u00e1tica de EH Bildu y Sortu es uno de los muros que debe caer de inmediato,<\/strong> por mucho que perduren en algunos sectores la tendencia a la algarada tras el fin de la violencia. No solo hay que reconocerse pol\u00edticamente, sino hacerlo en un plano de igualdad.<\/p>\n<p class=\"MsoNormal\" style=\"text-align: justify;text-indent: 35.4pt\"><strong>Otro prejuicio que sobrevuela los intentos de acercamiento es la mala experiencia de acuerdos anteriores, espec\u00edficamente el pacto de Lizarra.<\/strong> En el PNV se acepta como maldici\u00f3n el hecho de que los consensos generales y locales con la izquierda abertzale empiezan bien, duran poco y acaban mal, lo cual no deja de contener cierta excusa para cargarse de razones con las que huir de una futura unidad que, sobre todo, se teme por su dif\u00edcil gesti\u00f3n y posterior digesti\u00f3n.<span>\u00a0\u00a0 <\/span><\/p>\n<p class=\"MsoNormal\" style=\"text-align: justify\"><i><span style=\"font-size: 16.0pt\">Temores<\/span><\/i><\/p>\n<p class=\"MsoNormal\" style=\"text-align: justify\"><span>\u00a0\u00a0\u00a0\u00a0\u00a0\u00a0\u00a0\u00a0\u00a0\u00a0\u00a0 <\/span><strong>El miedo entre los miedos que condicionan las relaciones entre nacionalistas es el de la <\/strong><span class=\"estilospan0\"><span style=\"color: black\"><strong>fagocitaci\u00f3n: unos y otros temen ser asimilados.<\/strong> Hay una leyenda sobre el PNV seg\u00fan la cual todo partido que llega a pactos con los jeltzales queda desdibujado y termina por perder apoyo electoral; porque, seg\u00fan esta f\u00e1bula, el PNV tiene una especial habilidad para atribuirse todos los m\u00e9ritos y ninguno de los dem\u00e9ritos. Es la conclusi\u00f3n irracional que manejan en el PSE y en EA. Respecto de la izquierda nacionalista, hay un temor real en el PNV a ser fagocitado, raz\u00f3n por la cual se prefiere tenerla en campo contrario que competir juntos en el mismo equipo. En el fondo, el PNV tiene la creencia legendaria de que los electores de la izquierda patri\u00f3tica volver\u00e1n poco a poco al redil del nacionalismo aut\u00e9ntico, al tiempo que Sortu est\u00e1 convencido de que el sentimiento abertzale tiende a la expansi\u00f3n a diestra y siniestra, como el universo.<\/span><\/span><\/p>\n<p class=\"MsoNormal\" style=\"text-align: justify\"><span class=\"estilospan0\"><span style=\"color: black\"><span>\u00a0\u00a0\u00a0\u00a0\u00a0\u00a0\u00a0\u00a0\u00a0\u00a0\u00a0 <\/span>A estos miedos hay que a\u00f1adir la amarga experiencia del PNV en sus acuerdos con la izquierda abertzale, incumplidos o utilizados como t\u00e1ctica dilatoria, un desenga\u00f1o producido estos \u00faltimos a\u00f1os en Gipuzkoa. Hay un p\u00e1nico real a que las alianzas pongan en evidencia las contradicciones de cada cual, como si fuese posible alguna concordancia con otros sin inconveniencias internas.<strong> Pero el m\u00e1s denso de los miedos a la uni\u00f3n abertzale es la econom\u00eda<\/strong>: existe la firme convicci\u00f3n de que la concepci\u00f3n<span>\u00a0 <\/span>antiempresarial de los dirigentes de Sortu cierra toda posibilidad de armon\u00eda entre ambos sectores, partiendo del hecho de que lo m\u00e1s importante es la estabilidad econ\u00f3mica y el equilibrio social. Por su parte, la izquierda abertzale etiqueta al PNV como partido conservador, rendido a los altos poderes econ\u00f3micos de Espa\u00f1a. Sin alg\u00fan tipo de convergencia socioecon\u00f3mica entre nacionalistas es imposible el pacto nacional y su conducci\u00f3n a la independencia. <strong>En la hora de la econom\u00eda real, la pasi\u00f3n emocional tiene la misma fuerza que el suspiro frente al hurac\u00e1n.<\/strong><\/span><\/span><\/p>\n<p class=\"MsoNormal\" style=\"text-align: justify\"><i><span style=\"font-size: 16.0pt\">Y agravios<\/span><\/i><\/p>\n<p class=\"MsoNormal\" style=\"text-align: justify;text-indent: 35.4pt;background: white\"><strong>Dudo que haya relaciones m\u00e1s hostiles, incluso m\u00e1s cargadas de expl\u00edcito desprecio, que las que se dan a diario -en las instituciones y en la calle- entre el PNV y la izquierda abertzale, m\u00e1s o menos las mismas ahora que hace treinta a\u00f1os.<\/strong><span>\u00a0 <\/span>Esta negaci\u00f3n rec\u00edproca se manifiesta de arriba abajo, de las c\u00fapulas dirigentes a los militantes de base, tambi\u00e9n en el plano medi\u00e1tico, hasta llegar al m\u00e1xima expresi\u00f3n del ultraje, que es la de sentirse incompatibles por concepto. Los agravios expresos son desiguales, porque los muros de pueblos y ciudades de Euskadi est\u00e1n llenos de pintadas ofensivas contra el PNV, frente a ninguna contra Sortu. La desmovilizaci\u00f3n del insulto es una condici\u00f3n previa para facilitar alg\u00fan tipo de unidad con los jeltzales, mientras que \u00e9stos har\u00edan bien si renegaran de su complejo de superioridad. H<strong>ay agravios a gritos y menosprecios silenciosos que forman el caldo de cultivo de los desencuentros.<span style=\"color: black\"> Celebrar\u00e9 el d\u00eda en que un abertzale no insulta a otro al grito de \u00a1espa\u00f1ol!<\/span><\/strong><\/p>\n<p class=\"MsoNormal\" style=\"text-align: justify;text-indent: 35.4pt\">Como tenemos poca y mala experiencia en firmar acuerdos, creemos que son una debilidad frente a los otros y una traici\u00f3n ante los nuestros<strong>. Por individualistas y desconfiados, los vascos somos p\u00e9simos negociadores, un arte mayor que no se estudia en ninguna universidad, pero que se aprende a fuerza de ser buenos administradores de nuestra vida y mejores patriotas.<\/strong> Una alianza no hace desparecer las diferencias, sino que define las prioridades ineludibles. El pacto solo es una metodolog\u00eda, no un fin. Los partidos abertzales, miserablemente, han olvidado los dos: la herramienta y el proyecto. Y as\u00ed el sue\u00f1o de la independencia seguir\u00e1 siendo imposible, el desencanto de cada d\u00eda.<span><br \/>\n<\/span><\/p>\n<p><!--[if gte mso 9]&gt;--><\/p>\n<p><!--[if gte mso 10]&gt;--><\/p>\n<p><!--[if gte mso 9]&gt;--><\/p>\n<p><!--[if gte mso 9]&gt;--><\/p>\n<\/div>\n<!-- AddThis Advanced Settings generic via filter on the_content --><!-- AddThis Share Buttons generic via filter on the_content -->","protected":false},"excerpt":{"rendered":"<p>\u00a0\u00a0\u00a0\u00a0\u00a0\u00a0\u00a0\u00a0\u00a0\u00a0\u00a0 \u00bfQu\u00e9 clase de maldici\u00f3n pesa sobre los grandes sue\u00f1os que los hace irrealizables? Los sondeos de opini\u00f3n -una aproximaci\u00f3n a la realidad en un momento dado- apuntan a que una mayor\u00eda social vasca preferir\u00eda que el PNV y EH Bildu llegaran a acuerdos de gobierno, mucho m\u00e1s que entre jeltzales y socialistas. \u00bfY por &hellip; <a href=\"https:\/\/blogs.deia.eus\/desmarcados\/2013\/11\/07\/por-que-es-imposible-el-pacto-pnv-eh-bildu\/\" class=\"more-link\">Sigue leyendo <span class=\"screen-reader-text\">\u00bfPor qu\u00e9 es imposible el pacto PNV-EH Bildu?<\/span><\/a><!-- AddThis Advanced Settings generic via filter on get_the_excerpt --><!-- AddThis Share Buttons generic via filter on get_the_excerpt --><\/p>\n","protected":false},"author":46,"featured_media":0,"comment_status":"open","ping_status":"open","sticky":false,"template":"","format":"standard","meta":{"footnotes":""},"categories":[1],"tags":[],"class_list":["post-1156","post","type-post","status-publish","format-standard","hentry","category-sin-categoria"],"_links":{"self":[{"href":"https:\/\/blogs.deia.eus\/desmarcados\/wp-json\/wp\/v2\/posts\/1156","targetHints":{"allow":["GET"]}}],"collection":[{"href":"https:\/\/blogs.deia.eus\/desmarcados\/wp-json\/wp\/v2\/posts"}],"about":[{"href":"https:\/\/blogs.deia.eus\/desmarcados\/wp-json\/wp\/v2\/types\/post"}],"author":[{"embeddable":true,"href":"https:\/\/blogs.deia.eus\/desmarcados\/wp-json\/wp\/v2\/users\/46"}],"replies":[{"embeddable":true,"href":"https:\/\/blogs.deia.eus\/desmarcados\/wp-json\/wp\/v2\/comments?post=1156"}],"version-history":[{"count":6,"href":"https:\/\/blogs.deia.eus\/desmarcados\/wp-json\/wp\/v2\/posts\/1156\/revisions"}],"predecessor-version":[{"id":1163,"href":"https:\/\/blogs.deia.eus\/desmarcados\/wp-json\/wp\/v2\/posts\/1156\/revisions\/1163"}],"wp:attachment":[{"href":"https:\/\/blogs.deia.eus\/desmarcados\/wp-json\/wp\/v2\/media?parent=1156"}],"wp:term":[{"taxonomy":"category","embeddable":true,"href":"https:\/\/blogs.deia.eus\/desmarcados\/wp-json\/wp\/v2\/categories?post=1156"},{"taxonomy":"post_tag","embeddable":true,"href":"https:\/\/blogs.deia.eus\/desmarcados\/wp-json\/wp\/v2\/tags?post=1156"}],"curies":[{"name":"wp","href":"https:\/\/api.w.org\/{rel}","templated":true}]}}