{"id":1168,"date":"2013-11-20T09:45:11","date_gmt":"2013-11-20T08:45:11","guid":{"rendered":"http:\/\/blogs.deia.com\/desmarcados\/?p=1168"},"modified":"2013-11-20T09:47:51","modified_gmt":"2013-11-20T08:47:51","slug":"ya-estan-aqui-las-navidades","status":"publish","type":"post","link":"https:\/\/blogs.deia.eus\/desmarcados\/2013\/11\/20\/ya-estan-aqui-las-navidades\/","title":{"rendered":"Ya estan aqu\u00ed&#8230; las navidades"},"content":{"rendered":"<p><!--[if gte mso 9]&gt;--><\/p>\n<p class=\"MsoNormal\" style=\"text-align: justify;text-indent: 35.4pt\"><a href=\"http:\/\/www.youtube.com\/watch?v=Iwk8-wDcaEc\">http:\/\/www.youtube.com\/watch?v=Iwk8-wDcaEc<\/a><\/p>\n<p class=\"MsoNormal\" style=\"text-align: justify;text-indent: 35.4pt\"><a href=\"http:\/\/blogs.deia.com\/desmarcados\/files\/2013\/11\/Asi-es-el-anuncio-de-este-ano-_54394027213_53699622600_601_341.jpg\"><img loading=\"lazy\" decoding=\"async\" class=\"aligncenter size-full wp-image-1171\" alt=\"Asi-es-el-anuncio-de-este-ano-_54394027213_53699622600_601_341\" src=\"http:\/\/blogs.deia.com\/desmarcados\/files\/2013\/11\/Asi-es-el-anuncio-de-este-ano-_54394027213_53699622600_601_341.jpg\" width=\"600\" height=\"341\" srcset=\"https:\/\/blogs.deia.eus\/desmarcados\/files\/2013\/11\/Asi-es-el-anuncio-de-este-ano-_54394027213_53699622600_601_341.jpg 600w, https:\/\/blogs.deia.eus\/desmarcados\/files\/2013\/11\/Asi-es-el-anuncio-de-este-ano-_54394027213_53699622600_601_341-580x329.jpg 580w\" sizes=\"auto, (max-width: 600px) 100vw, 600px\" \/><\/a>En el universo de la tele la Navidad empieza en noviembre, incluso antes porque los anuncios de perfumes lanzan en octubre sus campa\u00f1as para el posicionamiento de las marcas e ir penetrando lenta e implacablemente en la permeable memoria de los consumidores. Tres son los hitos de este tiempo preparatorio: el cat\u00e1logo de juguetes de El Corte Ingl\u00e9s, las burbujas de Freixenet y el anuncio de la Loter\u00eda y los tres buscan el mismo efecto de enganche emocional,<strong> la creaci\u00f3n de instantes m\u00e1gicos, a los que la gente est\u00e1 predispuesta en un acto colectivo de mutaci\u00f3n irracional, muy necesarios para salvarse de la realidad y sus limitaciones. Si no fuera por la magia, hija de los sue\u00f1os, ya habr\u00edamos fallecido asesinados por la soledad y el miedo.<\/strong><\/p>\n<p style=\"margin: 0cm;margin-bottom: .0001pt;text-align: justify;text-indent: 35.4pt\">\u00a0Ser\u00e1 por la crisis, que tambi\u00e9n es una crisis creativa; pero el anuncio del sorteo navide\u00f1o, realizado por el bilba\u00edno Pablo Berger, director de la muda y po\u00e9tica <i>Blancanieves<\/i>, e<strong>s el peor de los \u00faltimos veinte a\u00f1os, vulgar, casposo y reflejo de la austeridad \u00e9tica y est\u00e9tica de los poderes que gobiernan el Estado y la econom\u00eda.<\/strong> Ya lo han visto: es una reuni\u00f3n nocturna en la plaza de un pueblo, donde un grupo de vecinos acuden con velas y el alma gozosa para que unos cantantes frikis y viejas glorias -Raphael, Bustamante, Marta S\u00e1nchez, Ni\u00f1a Pastori y Montserrat Caball\u00e9- entonen una melod\u00eda est\u00fapida que m\u00e1s que emocionar enoja y m\u00e1s que llamar a la ilusi\u00f3n nos restriega por la cara el profundo fracaso de la existencia. \u00bfD\u00f3nde est\u00e1 el toque m\u00e1gico y el aliento del calvo, aquel que representaba el \u00e1ngel de la suerte?<\/p>\n<p style=\"margin: 0cm;margin-bottom: .0001pt;text-align: justify;text-indent: 35.4pt\"><strong>\u00bfY qu\u00e9 es la magia? Algo tan sencillo como hacer grandes las peque\u00f1as cosas de la vida, sublimar lo ordinario para transformarlo en extraordinario y creer en la grandeza humana.<\/strong> Aventurarse en los sue\u00f1os realizables. Cargar de significado y emociones la rutina. Tener imaginaci\u00f3n, ser m\u00e1s bien fant\u00e1stico. <strong>Concederse deseos y hacer regalos que no cuesten m\u00e1s que el instante en que se piensa en su destinatario.<\/strong> \u00bfUsted no cree en la magia? Sufrir\u00e1 en Navidad. Apague la tele.<\/p>\n<!-- AddThis Advanced Settings generic via filter on the_content --><!-- AddThis Share Buttons generic via filter on the_content -->","protected":false},"excerpt":{"rendered":"<p>En el universo de la tele la Navidad empieza en noviembre, incluso antes porque los anuncios de perfumes lanzan en octubre sus campa\u00f1as para el posicionamiento de las marcas e ir penetrando lenta e implacablemente en la permeable memoria de los consumidores. Tres son los hitos de este tiempo preparatorio: el cat\u00e1logo de juguetes de &hellip; <a href=\"https:\/\/blogs.deia.eus\/desmarcados\/2013\/11\/20\/ya-estan-aqui-las-navidades\/\" class=\"more-link\">Sigue leyendo <span class=\"screen-reader-text\">Ya estan aqu\u00ed&#8230; las navidades<\/span><\/a><!-- AddThis Advanced Settings generic via filter on get_the_excerpt --><!-- AddThis Share Buttons generic via filter on get_the_excerpt --><\/p>\n","protected":false},"author":46,"featured_media":0,"comment_status":"open","ping_status":"open","sticky":false,"template":"","format":"standard","meta":{"footnotes":""},"categories":[1],"tags":[],"class_list":["post-1168","post","type-post","status-publish","format-standard","hentry","category-sin-categoria"],"_links":{"self":[{"href":"https:\/\/blogs.deia.eus\/desmarcados\/wp-json\/wp\/v2\/posts\/1168","targetHints":{"allow":["GET"]}}],"collection":[{"href":"https:\/\/blogs.deia.eus\/desmarcados\/wp-json\/wp\/v2\/posts"}],"about":[{"href":"https:\/\/blogs.deia.eus\/desmarcados\/wp-json\/wp\/v2\/types\/post"}],"author":[{"embeddable":true,"href":"https:\/\/blogs.deia.eus\/desmarcados\/wp-json\/wp\/v2\/users\/46"}],"replies":[{"embeddable":true,"href":"https:\/\/blogs.deia.eus\/desmarcados\/wp-json\/wp\/v2\/comments?post=1168"}],"version-history":[{"count":4,"href":"https:\/\/blogs.deia.eus\/desmarcados\/wp-json\/wp\/v2\/posts\/1168\/revisions"}],"predecessor-version":[{"id":1172,"href":"https:\/\/blogs.deia.eus\/desmarcados\/wp-json\/wp\/v2\/posts\/1168\/revisions\/1172"}],"wp:attachment":[{"href":"https:\/\/blogs.deia.eus\/desmarcados\/wp-json\/wp\/v2\/media?parent=1168"}],"wp:term":[{"taxonomy":"category","embeddable":true,"href":"https:\/\/blogs.deia.eus\/desmarcados\/wp-json\/wp\/v2\/categories?post=1168"},{"taxonomy":"post_tag","embeddable":true,"href":"https:\/\/blogs.deia.eus\/desmarcados\/wp-json\/wp\/v2\/tags?post=1168"}],"curies":[{"name":"wp","href":"https:\/\/api.w.org\/{rel}","templated":true}]}}