{"id":1180,"date":"2013-11-27T14:38:37","date_gmt":"2013-11-27T13:38:37","guid":{"rendered":"http:\/\/blogs.deia.com\/desmarcados\/?p=1180"},"modified":"2013-11-27T14:40:14","modified_gmt":"2013-11-27T13:40:14","slug":"parlamento-eitb-el-pluralismo-incomodo","status":"publish","type":"post","link":"https:\/\/blogs.deia.eus\/desmarcados\/2013\/11\/27\/parlamento-eitb-el-pluralismo-incomodo\/","title":{"rendered":"Parlamento EITB, el pluralismo inc\u00f3modo"},"content":{"rendered":"<p><!--[if gte mso 9]&gt;--><\/p>\n<p style=\"margin: 0cm;margin-bottom: .0001pt;text-align: justify\"><a href=\"http:\/\/blogs.deia.com\/desmarcados\/files\/2013\/11\/SIMS.jpg\"><img loading=\"lazy\" decoding=\"async\" class=\"aligncenter size-full wp-image-1181\" alt=\"SIMS\" src=\"http:\/\/blogs.deia.com\/desmarcados\/files\/2013\/11\/SIMS.jpg\" width=\"545\" height=\"305\" \/><\/a><\/p>\n<p style=\"margin: 0cm;margin-bottom: .0001pt;text-align: justify\"><strong>El otro parlamento de un pa\u00eds es su radiotelevisi\u00f3n p\u00fablica.<\/strong> No es tan formal ni estructurado como el que ocupan los pol\u00edticos; pero tiene la ventaja de ser mucho m\u00e1s grande, estar abierto 24 horas y expresar un mayor pluralismo social e ideol\u00f3gico. Y ser m\u00e1s tolerante. <strong>El parlamento EITB refleja mejor la Euskadi verdadera y por eso agrada a la mayor\u00eda e incomoda a los censores: no siempre es bonito vernos retratados al desnudo y a\u00fan menos en \u00e9poca de penuria, cuando emergen los miedos de hoy y los fracasos del pasado.<\/strong> El parlamento EITB ha sido el espacio de debate, en tiempo real, de la quiebra de Fagor, el esc\u00e1ndalo del caso B\u00e1rcenas, el final de la epopeya del Euskaltel-Euskadi, el fiasco de la doctrina Parot, las corruptelas de los Borbones y cuanto aflige y agita a la sociedad vasca. Podr\u00eda decirse que el parlamento EITB solapa el cometido de los partidos y a veces los supera por elevaci\u00f3n; pero <strong>su diligencia y flexibilidad lo hace m\u00e1s cercano y \u00fatil para la ciudadan\u00eda que la tribuna legislativa.<\/strong><\/p>\n<p style=\"margin: 0cm;margin-bottom: .0001pt;text-align: justify;text-indent: 35.4pt\">Quiz\u00e1s por este sutil solapamiento el debate sin barreras de EITB suscita recelos entre los dirigentes pol\u00edticos. <strong>\u00bfTienen inter\u00e9s en que el parlamento EITB sea una mera prolongaci\u00f3n audiovisual del radicado de Gasteiz?<\/strong> Uno de ellos es Jos\u00e9 Antonio Pastor, portavoz del PSE, quien ha manifestado su preocupaci\u00f3n por<strong><span style=\"font-weight: normal\"> \u201cla deriva de EITB en lo profesional y en lo editorial\u201d, lo que<strong> cabe interpretarse como una grosera reprobaci\u00f3n del trabajo de los periodistas. Adem\u00e1s, Pastor duda del \u201ccompromiso \u00e9tico\u201d de la radiotelevisi\u00f3n p\u00fablica vasca frente a ETA,<\/strong> banda criminal que vol\u00f3 su sede en Bilbao el d\u00eda de Nochevieja de 2008. Algo arrebatado, Pastor pide la palabra en el parlamento EITB en lugar de hacerlo en el que cobra su elevado sueldo.<\/span><\/strong><\/p>\n<p style=\"margin: 0cm;margin-bottom: .0001pt;text-align: justify;text-indent: 35.4pt\">A ver si Pastor entiende esto: <strong>el pluralismo no consiste solo en que todas las ideas tengan voz y oportunidad de ser o\u00eddas, sino que sean respetadas de igual manera, aunque nos incomoden. O precisamente por eso.<\/strong> Los d\u00e9ficits democr\u00e1ticos est\u00e1n en otra parte, no en el parlamento EITB.<\/p>\n<p>&nbsp;<\/p>\n<!-- AddThis Advanced Settings generic via filter on the_content --><!-- AddThis Share Buttons generic via filter on the_content -->","protected":false},"excerpt":{"rendered":"<p>El otro parlamento de un pa\u00eds es su radiotelevisi\u00f3n p\u00fablica. No es tan formal ni estructurado como el que ocupan los pol\u00edticos; pero tiene la ventaja de ser mucho m\u00e1s grande, estar abierto 24 horas y expresar un mayor pluralismo social e ideol\u00f3gico. Y ser m\u00e1s tolerante. El parlamento EITB refleja mejor la Euskadi verdadera &hellip; <a href=\"https:\/\/blogs.deia.eus\/desmarcados\/2013\/11\/27\/parlamento-eitb-el-pluralismo-incomodo\/\" class=\"more-link\">Sigue leyendo <span class=\"screen-reader-text\">Parlamento EITB, el pluralismo inc\u00f3modo<\/span><\/a><!-- AddThis Advanced Settings generic via filter on get_the_excerpt --><!-- AddThis Share Buttons generic via filter on get_the_excerpt --><\/p>\n","protected":false},"author":46,"featured_media":0,"comment_status":"open","ping_status":"open","sticky":false,"template":"","format":"standard","meta":{"footnotes":""},"categories":[1],"tags":[],"class_list":["post-1180","post","type-post","status-publish","format-standard","hentry","category-sin-categoria"],"_links":{"self":[{"href":"https:\/\/blogs.deia.eus\/desmarcados\/wp-json\/wp\/v2\/posts\/1180","targetHints":{"allow":["GET"]}}],"collection":[{"href":"https:\/\/blogs.deia.eus\/desmarcados\/wp-json\/wp\/v2\/posts"}],"about":[{"href":"https:\/\/blogs.deia.eus\/desmarcados\/wp-json\/wp\/v2\/types\/post"}],"author":[{"embeddable":true,"href":"https:\/\/blogs.deia.eus\/desmarcados\/wp-json\/wp\/v2\/users\/46"}],"replies":[{"embeddable":true,"href":"https:\/\/blogs.deia.eus\/desmarcados\/wp-json\/wp\/v2\/comments?post=1180"}],"version-history":[{"count":4,"href":"https:\/\/blogs.deia.eus\/desmarcados\/wp-json\/wp\/v2\/posts\/1180\/revisions"}],"predecessor-version":[{"id":1185,"href":"https:\/\/blogs.deia.eus\/desmarcados\/wp-json\/wp\/v2\/posts\/1180\/revisions\/1185"}],"wp:attachment":[{"href":"https:\/\/blogs.deia.eus\/desmarcados\/wp-json\/wp\/v2\/media?parent=1180"}],"wp:term":[{"taxonomy":"category","embeddable":true,"href":"https:\/\/blogs.deia.eus\/desmarcados\/wp-json\/wp\/v2\/categories?post=1180"},{"taxonomy":"post_tag","embeddable":true,"href":"https:\/\/blogs.deia.eus\/desmarcados\/wp-json\/wp\/v2\/tags?post=1180"}],"curies":[{"name":"wp","href":"https:\/\/api.w.org\/{rel}","templated":true}]}}