{"id":1187,"date":"2013-12-03T15:00:54","date_gmt":"2013-12-03T14:00:54","guid":{"rendered":"http:\/\/blogs.deia.com\/desmarcados\/?p=1187"},"modified":"2013-12-03T15:03:31","modified_gmt":"2013-12-03T14:03:31","slug":"la-verdad-de-las-segundas-oportunidades","status":"publish","type":"post","link":"https:\/\/blogs.deia.eus\/desmarcados\/2013\/12\/03\/la-verdad-de-las-segundas-oportunidades\/","title":{"rendered":"La verdad de las segundas oportunidades"},"content":{"rendered":"<p><!--[if gte mso 9]&gt;--><\/p>\n<p><a href=\"http:\/\/blogs.deia.com\/desmarcados\/files\/2013\/12\/ahoraque_3a.jpg\"><img loading=\"lazy\" decoding=\"async\" class=\"aligncenter size-full wp-image-1188\" alt=\"ahoraque_3a\" src=\"http:\/\/blogs.deia.com\/desmarcados\/files\/2013\/12\/ahoraque_3a.jpg\" width=\"201\" height=\"268\" \/><\/a><\/p>\n<p class=\"MsoNormal\" style=\"text-align: justify\">Eta orain zer? Esta era, en los primeros a\u00f1os de la transici\u00f3n, la frase predilecta de la izquierda extraparlamentaria con la que apelaba ir\u00f3nicamente a la ingenuidad democr\u00e1tica de los ciudadanos de entonces. Con ese mismo t\u00edtulo, pero con intenci\u00f3n informativa y de conciencia social, ETB2 estren\u00f3 el pasado jueves en horario estelar el espacio <i>\u00bfY ahora qu\u00e9?,<\/i> presentado por la polivalente Patricia Gazta\u00f1aga. <strong>En la tele se manejan dos tipos de curiosidad popular: la morbosa y la sensible<\/strong>. La primera se utiliza en programas donde se trafica con la intimidad, enfocados hacia lo dram\u00e1tico para extraer sufrimientos, rencores y otras emociones t\u00f3xicas. La otra, el lado sensible de las historias personales, es en la que se apoya la nueva propuesta de la televisi\u00f3n vasca con un claro prop\u00f3sito de servicio p\u00fablico. \u00bfInteresa a la sociedad la odisea vital de quienes estuvieron en la c\u00e1rcel? Claro que s\u00ed, porque son experiencias reales y <strong>no hay nada m\u00e1s gratificante como saber que existen las segundas oportunidades, la mayor victoria de los seres humanos sobre el fatalismo.<\/strong><\/p>\n<p class=\"MsoNormal\" style=\"text-align: justify\"><span>\u00a0\u00a0\u00a0\u00a0\u00a0\u00a0\u00a0\u00a0\u00a0\u00a0\u00a0 <\/span>Desprendido de todo morbo <i>\u00bfY ahora qu\u00e9?<\/i> se la juega a la agudeza de las preguntas de Patricia y a la actitud de los personajes, antes perdedores y ahora reinsertados. Es un riesgo para el impacto p\u00fablico del programa, porque no todos saben narrar su salida del infierno. Como siempre sucede en la cr\u00f3nica de las vidas truncadas, unos se declaran inocentes y otros asumen sin complejo su culpabilidad: estos son los h\u00e9roes y aquellos los innobles al considerarse v\u00edctimas de la mala suerte o las circunstancias. <strong>Las historias de Julio, Miguel, Benito y Pepe, que pagaron con a\u00f1os de libertad sus delitos, si no tienen un final feliz dejan al menos una estela de esperanza. Este es precisamente el mensaje interior del programa: hay vida despu\u00e9s del fracaso.<\/strong><\/p>\n<p><span style=\"font-size: 12.0pt;font-family: 'Times New Roman','serif'\"><span>\u00a0\u00a0\u00a0\u00a0\u00a0\u00a0\u00a0\u00a0\u00a0\u00a0\u00a0 <\/span>Quienes dicen que todo est\u00e1 inventado en la tele se equivocan: <strong>m\u00e1s all\u00e1 de lo previsible, miles de personas esconden peripecias extraordinarias cuyo relato est\u00e1 por descubrir.<\/strong> Salgan a encontrarlas y despu\u00e9s nos las cuentan.<\/span><\/p>\n<!-- AddThis Advanced Settings generic via filter on the_content --><!-- AddThis Share Buttons generic via filter on the_content -->","protected":false},"excerpt":{"rendered":"<p>Eta orain zer? Esta era, en los primeros a\u00f1os de la transici\u00f3n, la frase predilecta de la izquierda extraparlamentaria con la que apelaba ir\u00f3nicamente a la ingenuidad democr\u00e1tica de los ciudadanos de entonces. Con ese mismo t\u00edtulo, pero con intenci\u00f3n informativa y de conciencia social, ETB2 estren\u00f3 el pasado jueves en horario estelar el espacio &hellip; <a href=\"https:\/\/blogs.deia.eus\/desmarcados\/2013\/12\/03\/la-verdad-de-las-segundas-oportunidades\/\" class=\"more-link\">Sigue leyendo <span class=\"screen-reader-text\">La verdad de las segundas oportunidades<\/span><\/a><!-- AddThis Advanced Settings generic via filter on get_the_excerpt --><!-- AddThis Share Buttons generic via filter on get_the_excerpt --><\/p>\n","protected":false},"author":46,"featured_media":0,"comment_status":"open","ping_status":"open","sticky":false,"template":"","format":"standard","meta":{"footnotes":""},"categories":[1],"tags":[],"class_list":["post-1187","post","type-post","status-publish","format-standard","hentry","category-sin-categoria"],"_links":{"self":[{"href":"https:\/\/blogs.deia.eus\/desmarcados\/wp-json\/wp\/v2\/posts\/1187","targetHints":{"allow":["GET"]}}],"collection":[{"href":"https:\/\/blogs.deia.eus\/desmarcados\/wp-json\/wp\/v2\/posts"}],"about":[{"href":"https:\/\/blogs.deia.eus\/desmarcados\/wp-json\/wp\/v2\/types\/post"}],"author":[{"embeddable":true,"href":"https:\/\/blogs.deia.eus\/desmarcados\/wp-json\/wp\/v2\/users\/46"}],"replies":[{"embeddable":true,"href":"https:\/\/blogs.deia.eus\/desmarcados\/wp-json\/wp\/v2\/comments?post=1187"}],"version-history":[{"count":6,"href":"https:\/\/blogs.deia.eus\/desmarcados\/wp-json\/wp\/v2\/posts\/1187\/revisions"}],"predecessor-version":[{"id":1194,"href":"https:\/\/blogs.deia.eus\/desmarcados\/wp-json\/wp\/v2\/posts\/1187\/revisions\/1194"}],"wp:attachment":[{"href":"https:\/\/blogs.deia.eus\/desmarcados\/wp-json\/wp\/v2\/media?parent=1187"}],"wp:term":[{"taxonomy":"category","embeddable":true,"href":"https:\/\/blogs.deia.eus\/desmarcados\/wp-json\/wp\/v2\/categories?post=1187"},{"taxonomy":"post_tag","embeddable":true,"href":"https:\/\/blogs.deia.eus\/desmarcados\/wp-json\/wp\/v2\/tags?post=1187"}],"curies":[{"name":"wp","href":"https:\/\/api.w.org\/{rel}","templated":true}]}}