{"id":1196,"date":"2013-12-10T10:57:06","date_gmt":"2013-12-10T09:57:06","guid":{"rendered":"http:\/\/blogs.deia.com\/desmarcados\/?p=1196"},"modified":"2013-12-10T10:57:20","modified_gmt":"2013-12-10T09:57:20","slug":"requiem-por-unos-fachas","status":"publish","type":"post","link":"https:\/\/blogs.deia.eus\/desmarcados\/2013\/12\/10\/requiem-por-unos-fachas\/","title":{"rendered":"Requiem por unos fachas"},"content":{"rendered":"<p><!--[if gte mso 9]&gt;--><\/p>\n<p class=\"MsoNormal\" style=\"text-align: justify\"><span><a href=\"http:\/\/blogs.deia.com\/desmarcados\/files\/2013\/12\/pedrerol-punto-pelota_MDSIMA20131204_0197_42.jpg\"><img loading=\"lazy\" decoding=\"async\" class=\"aligncenter size-full wp-image-1197\" alt=\"pedrerol-punto-pelota_MDSIMA20131204_0197_42\" src=\"http:\/\/blogs.deia.com\/desmarcados\/files\/2013\/12\/pedrerol-punto-pelota_MDSIMA20131204_0197_42.jpg\" width=\"400\" height=\"245\" \/><\/a>No existe escena m\u00e1s triste que una agon\u00eda, sea de persona, animal, flor, ilusi\u00f3n o empresa, incluso la de los canallas. <strong>Asistimos a los \u00faltimos instantes de Intereconom\u00eda, la tele radical de la derecha, enferma de soberbia e ira y v\u00edctima tambi\u00e9n de la crisis.<\/strong> En sus estertores finales expuls\u00f3 el pasado mi\u00e9rcoles, de la peor manera, a uno de sus profesionales de referencia, Josep Pedrerol, conductor de la tertulia deportiva <i>Punto Pelota<\/i>, que pese a sus ca\u00f3ticos debates lideraba las audiencias de la noche: el <i>S\u00e1lvame<\/i> del f\u00fatbol, le llaman. Pedrerol, siguiendo los pasos de los que antes que \u00e9l salieron rebotados de la cadena de Julio Ariza, recalar\u00e1 en el otro canal beato, 13TV, propiedad de los obispos, a los que les urge, prelados y emisora, un renovador repaso de Papa Francisco. <strong>La gran estafa de la Iglesia espa\u00f1ola es haber convertido sus medios de comunicaci\u00f3n en el p\u00falpito de los retr\u00f3grados y traicionar el pluralismo pol\u00edtico de los cat\u00f3licos. No imagino a Dios tomando partido.<\/strong><\/span><\/p>\n<p class=\"MsoNormal\" style=\"text-align: justify\"><span><span>\u00a0 \u00a0\u00a0\u00a0\u00a0\u00a0\u00a0\u00a0\u00a0\u00a0\u00a0\u00a0 <\/span>Si hay fachas en Espa\u00f1a -disfrazados de PP o asilvestrados- es normal que tengan sus tribunas de opini\u00f3n; pero no hay mercado carca para dos. As\u00ed que <strong>las intrigas de Rouco por un lado y el mesianismo de Ariza por otro condenan a Intereconom\u00eda a una muerte segura en breve plazo.<\/strong> De momento, cede en enero su se\u00f1al al Real Madrid y se va a ocupar el sitio de MTV, que desaparece. Claro, \u00bfqu\u00e9 mejor lugar para la tele del \u201cequipo del r\u00e9gimen\u201d que el espacio que habitaba la ultraderecha? <\/span><\/p>\n<p class=\"MsoNormal\" style=\"text-align: justify;text-indent: 35.4pt\"><span>\u00a0Lo m\u00e1s curioso es el resultado de estos cambios. Vocento, que es titular de las concesiones de TDT utilizadas por Intereconom\u00eda, Disney, Paramount y MTV, es ahora socio de Florentino P\u00e9rez, una incompatibilidad conceptual con sus fervores hacia los equipos vascos. <strong>Como productor de televisi\u00f3n Vocento es un fiasco, pero como arrendador de licencias audiovisuales es magistral. En esto cumple la cl\u00e1sica vocaci\u00f3n de Neguri: <\/strong><\/span><strong>vivir de las rentas del patrimonio heredado, sin dar un palo al agua<\/strong>. Pero no, la tele, como la tierra, debe ser para quien la trabaja.<\/p>\n<!-- AddThis Advanced Settings generic via filter on the_content --><!-- AddThis Share Buttons generic via filter on the_content -->","protected":false},"excerpt":{"rendered":"<p>No existe escena m\u00e1s triste que una agon\u00eda, sea de persona, animal, flor, ilusi\u00f3n o empresa, incluso la de los canallas. Asistimos a los \u00faltimos instantes de Intereconom\u00eda, la tele radical de la derecha, enferma de soberbia e ira y v\u00edctima tambi\u00e9n de la crisis. En sus estertores finales expuls\u00f3 el pasado mi\u00e9rcoles, de la &hellip; <a href=\"https:\/\/blogs.deia.eus\/desmarcados\/2013\/12\/10\/requiem-por-unos-fachas\/\" class=\"more-link\">Sigue leyendo <span class=\"screen-reader-text\">Requiem por unos fachas<\/span><\/a><!-- AddThis Advanced Settings generic via filter on get_the_excerpt --><!-- AddThis Share Buttons generic via filter on get_the_excerpt --><\/p>\n","protected":false},"author":46,"featured_media":0,"comment_status":"open","ping_status":"open","sticky":false,"template":"","format":"standard","meta":{"footnotes":""},"categories":[1],"tags":[],"class_list":["post-1196","post","type-post","status-publish","format-standard","hentry","category-sin-categoria"],"_links":{"self":[{"href":"https:\/\/blogs.deia.eus\/desmarcados\/wp-json\/wp\/v2\/posts\/1196","targetHints":{"allow":["GET"]}}],"collection":[{"href":"https:\/\/blogs.deia.eus\/desmarcados\/wp-json\/wp\/v2\/posts"}],"about":[{"href":"https:\/\/blogs.deia.eus\/desmarcados\/wp-json\/wp\/v2\/types\/post"}],"author":[{"embeddable":true,"href":"https:\/\/blogs.deia.eus\/desmarcados\/wp-json\/wp\/v2\/users\/46"}],"replies":[{"embeddable":true,"href":"https:\/\/blogs.deia.eus\/desmarcados\/wp-json\/wp\/v2\/comments?post=1196"}],"version-history":[{"count":2,"href":"https:\/\/blogs.deia.eus\/desmarcados\/wp-json\/wp\/v2\/posts\/1196\/revisions"}],"predecessor-version":[{"id":1199,"href":"https:\/\/blogs.deia.eus\/desmarcados\/wp-json\/wp\/v2\/posts\/1196\/revisions\/1199"}],"wp:attachment":[{"href":"https:\/\/blogs.deia.eus\/desmarcados\/wp-json\/wp\/v2\/media?parent=1196"}],"wp:term":[{"taxonomy":"category","embeddable":true,"href":"https:\/\/blogs.deia.eus\/desmarcados\/wp-json\/wp\/v2\/categories?post=1196"},{"taxonomy":"post_tag","embeddable":true,"href":"https:\/\/blogs.deia.eus\/desmarcados\/wp-json\/wp\/v2\/tags?post=1196"}],"curies":[{"name":"wp","href":"https:\/\/api.w.org\/{rel}","templated":true}]}}