{"id":1207,"date":"2013-12-17T09:23:18","date_gmt":"2013-12-17T08:23:18","guid":{"rendered":"http:\/\/blogs.deia.com\/desmarcados\/?p=1207"},"modified":"2013-12-17T09:23:40","modified_gmt":"2013-12-17T08:23:40","slug":"contra-lo-previsible-en-etb-y-la-vida","status":"publish","type":"post","link":"https:\/\/blogs.deia.eus\/desmarcados\/2013\/12\/17\/contra-lo-previsible-en-etb-y-la-vida\/","title":{"rendered":"Contra lo previsible&#8230; en ETB y la vida"},"content":{"rendered":"<p><!--[if gte mso 9]&gt;--><\/p>\n<p class=\"MsoNormal\" style=\"text-align: justify;text-indent: 35.4pt\"><a href=\"http:\/\/blogs.deia.com\/desmarcados\/files\/2013\/12\/Mensaje-navideno-Rey_MDSIMA20121217_0160_37.jpg\"><img loading=\"lazy\" decoding=\"async\" class=\"aligncenter size-full wp-image-1208\" alt=\"Mensaje-navideno-Rey_MDSIMA20121217_0160_37\" src=\"http:\/\/blogs.deia.com\/desmarcados\/files\/2013\/12\/Mensaje-navideno-Rey_MDSIMA20121217_0160_37.jpg\" width=\"365\" height=\"203\" \/><\/a>Vuelven los cl\u00e1sicos por Navidad. <strong>Repite el PP, como lo har\u00e1n otros partidos, la cr\u00edtica a ETB por su decisi\u00f3n de no emitir en Nochebuena el mensaje del rey, con sus t\u00f3picos, bobas generalidades, falsos buenos deseos y gestos artificiales que al d\u00eda siguiente, con aburrida previsibilidad y solemne vasallaje, la prensa ponderar\u00e1 para compensar los vac\u00edos intelectuales del monarca.<\/strong> Es un espect\u00e1culo rid\u00edculo al que s\u00f3lo la televisi\u00f3n vasca a\u00f1ade una diferencia, algo creativo, por ser la \u00fanica cadena rebelde frente a un discurso vacuo que no interesa a casi nadie. La parlamentaria <i>popular <\/i>Nerea Llanos, que tambi\u00e9n sienta su culo en el consejo de administraci\u00f3n de EITB, ha dicho que es \u201cun acto de insumisi\u00f3n y de desacato institucional\u201d, recuperando los viejos debates que durante d\u00e9cadas llenaban de tedio la navidad vasca cada vez que ETB hac\u00eda uso de su libertad de programaci\u00f3n. <strong>Pues s\u00ed, los pol\u00edticos necesitan un curso de creatividad, o quiz\u00e1s un electroshock de innovaci\u00f3n, para remediar sus privaciones imaginativas.<\/strong><\/p>\n<p class=\"MsoNormal\" style=\"text-align: justify;text-indent: 35.4pt\"><strong>\u00a0Cuanto m\u00e1s previsible es uno m\u00e1s muerto est\u00e1. Esta es la causa original de todos los fracasos personales y sociales: repetirse y no reinventarse en una continua transformaci\u00f3n multiplicadora. No se puede vivir de verdad sin sorprender.<\/strong> La pol\u00edtica es predecible, reiterativa, contagiosamente resignada. Si sabemos que la emisi\u00f3n del mensaje del rey es solo un s\u00edmbolo cateto del sometimiento de Euskadi a la uniformaci\u00f3n espa\u00f1ola y su tramposa unidad, \u00bfpor qu\u00e9 no decirlo abiertamente sin disfraces? \u00bfY por qu\u00e9 no derogar el decreto de las costumbres, esas invisibles tiran\u00edas del pasado sobre el futuro?<\/p>\n<p class=\"MsoNormal\" style=\"text-align: justify;text-indent: 35.4pt\">Si existiera un premio a la dignidad democr\u00e1tica tendr\u00edan que otorg\u00e1rselo a ETB, por el m\u00e9rito de salvarnos de una parodia c\u00f3mica y el deber de escuchar el rosario de las mentiras borb\u00f3nicas, como que todos somos iguales ante la ley y lo felices que vivimos juntos. Este a\u00f1o Catalu\u00f1a deber\u00eda comenzar su camino a la libertad independizando a su televisi\u00f3n p\u00fablica, TV3, del christma rancio de la Zarzuela.<\/p>\n<p class=\"MsoNormal\" style=\"text-align: justify;text-indent: 35.4pt\">.<\/p>\n<!-- AddThis Advanced Settings generic via filter on the_content --><!-- AddThis Share Buttons generic via filter on the_content -->","protected":false},"excerpt":{"rendered":"<p>Vuelven los cl\u00e1sicos por Navidad. Repite el PP, como lo har\u00e1n otros partidos, la cr\u00edtica a ETB por su decisi\u00f3n de no emitir en Nochebuena el mensaje del rey, con sus t\u00f3picos, bobas generalidades, falsos buenos deseos y gestos artificiales que al d\u00eda siguiente, con aburrida previsibilidad y solemne vasallaje, la prensa ponderar\u00e1 para compensar &hellip; <a href=\"https:\/\/blogs.deia.eus\/desmarcados\/2013\/12\/17\/contra-lo-previsible-en-etb-y-la-vida\/\" class=\"more-link\">Sigue leyendo <span class=\"screen-reader-text\">Contra lo previsible&#8230; en ETB y la vida<\/span><\/a><!-- AddThis Advanced Settings generic via filter on get_the_excerpt --><!-- AddThis Share Buttons generic via filter on get_the_excerpt --><\/p>\n","protected":false},"author":46,"featured_media":0,"comment_status":"open","ping_status":"open","sticky":false,"template":"","format":"standard","meta":{"footnotes":""},"categories":[1],"tags":[],"class_list":["post-1207","post","type-post","status-publish","format-standard","hentry","category-sin-categoria"],"_links":{"self":[{"href":"https:\/\/blogs.deia.eus\/desmarcados\/wp-json\/wp\/v2\/posts\/1207","targetHints":{"allow":["GET"]}}],"collection":[{"href":"https:\/\/blogs.deia.eus\/desmarcados\/wp-json\/wp\/v2\/posts"}],"about":[{"href":"https:\/\/blogs.deia.eus\/desmarcados\/wp-json\/wp\/v2\/types\/post"}],"author":[{"embeddable":true,"href":"https:\/\/blogs.deia.eus\/desmarcados\/wp-json\/wp\/v2\/users\/46"}],"replies":[{"embeddable":true,"href":"https:\/\/blogs.deia.eus\/desmarcados\/wp-json\/wp\/v2\/comments?post=1207"}],"version-history":[{"count":2,"href":"https:\/\/blogs.deia.eus\/desmarcados\/wp-json\/wp\/v2\/posts\/1207\/revisions"}],"predecessor-version":[{"id":1210,"href":"https:\/\/blogs.deia.eus\/desmarcados\/wp-json\/wp\/v2\/posts\/1207\/revisions\/1210"}],"wp:attachment":[{"href":"https:\/\/blogs.deia.eus\/desmarcados\/wp-json\/wp\/v2\/media?parent=1207"}],"wp:term":[{"taxonomy":"category","embeddable":true,"href":"https:\/\/blogs.deia.eus\/desmarcados\/wp-json\/wp\/v2\/categories?post=1207"},{"taxonomy":"post_tag","embeddable":true,"href":"https:\/\/blogs.deia.eus\/desmarcados\/wp-json\/wp\/v2\/tags?post=1207"}],"curies":[{"name":"wp","href":"https:\/\/api.w.org\/{rel}","templated":true}]}}