{"id":1219,"date":"2013-12-27T09:42:24","date_gmt":"2013-12-27T08:42:24","guid":{"rendered":"http:\/\/blogs.deia.com\/desmarcados\/?p=1219"},"modified":"2013-12-27T09:42:56","modified_gmt":"2013-12-27T08:42:56","slug":"1219","status":"publish","type":"post","link":"https:\/\/blogs.deia.eus\/desmarcados\/2013\/12\/27\/1219\/","title":{"rendered":"C\u00f3mo organizar un referendum y ganarlo (o perderlo)"},"content":{"rendered":"<p><!--[if gte mso 9]&gt;--><\/p>\n<p class=\"MsoNormal\" style=\"text-align: justify\"><a href=\"http:\/\/blogs.deia.com\/desmarcados\/files\/2013\/12\/Cat.jpg\"><img loading=\"lazy\" decoding=\"async\" class=\"aligncenter size-full wp-image-1220\" alt=\"Cat\" src=\"http:\/\/blogs.deia.com\/desmarcados\/files\/2013\/12\/Cat.jpg\" width=\"649\" height=\"338\" srcset=\"https:\/\/blogs.deia.eus\/desmarcados\/files\/2013\/12\/Cat.jpg 649w, https:\/\/blogs.deia.eus\/desmarcados\/files\/2013\/12\/Cat-580x302.jpg 580w\" sizes=\"auto, (max-width: 649px) 100vw, 649px\" \/><\/a>Catalu\u00f1a y Escocia son el mayor reto de Europa desde el final de la segunda guerra mundial. El modelo sobre el que se sustenta la Uni\u00f3n -los estados y la econom\u00eda de mercado- se muestra superado por la naturaleza de la crisis y la redefinici\u00f3n de la soberan\u00eda a menor escala. Los refer\u00e9ndums catal\u00e1n y escoc\u00e9s constituir\u00e1n los sucesos pol\u00edticos de 2014 y pondr\u00e1n a prueba la calidad democr\u00e1tica y la flexibilidad del proyecto continental. Los poderes de la Uni\u00f3n Europea no son neutrales (ah\u00ed est\u00e1n las posicionamientos favorables a Espa\u00f1a de Van Rompuy, Joaqu\u00edn Almunia y otros l\u00edderes comunitarios) frente a estos anhelos de independencia y <strong>contra los que intervendr\u00e1n con fiereza mediante amenazas y t\u00e1cticas de miedo, promoci\u00f3n de incertidumbres y asfixia internacional, el modo sutil pero esencialmente agresivo en el que se han transfigurado los ej\u00e9rcitos invasores de antes para someter ahora a las naciones rebeldes.<\/strong><\/p>\n<p class=\"MsoNormal\" style=\"text-align: justify\">\u00a0<span>\u00a0\u00a0\u00a0\u00a0\u00a0\u00a0\u00a0\u00a0\u00a0\u00a0\u00a0 <\/span>Para ganar la guerra democr\u00e1tica que se avecina -una guerra muy desigual- no basta con tener raz\u00f3n. Obviamente, escoceses y catalanes tienen poderosos motivos para reclamar su libertad; primero, el mayoritario deseo de autodeterminarse; y despu\u00e9s, la transparencia y grandeza del proceso. El camino hacia el \u00e9xito parte del principio de que para vencer hay que convencer, justo lo contrario del m\u00e9todo artero al que se enfrenta. <strong>Y la convicci\u00f3n popular se alcanza mediante el uso combinado de dos tipos de instrumentos: las ideas (lo racional) y los sentimientos (lo emocional).<\/strong> En todo caso, hablamos de inteligencia aplicada a una causa justa.<\/p>\n<p class=\"MsoNormal\" style=\"text-align: justify\">\u00a0<i><span style=\"font-size: 16.0pt\">Alcanzar la categor\u00eda<\/span><\/i><\/p>\n<p class=\"MsoNormal\" style=\"text-align: justify\"><span>\u00a0\u00a0 <\/span>La autodeterminaci\u00f3n y la independencia son conceptos atrevidos, nada convencionales. Y a la vez que provocan admiraci\u00f3n y estima, tambi\u00e9n pueden suscitar dudas, incluso temores por su radicalidad innovadora. Existe una sociedad abierta y otra cautelosa y a las dos hay que atraer positivamente desde la autogeneraci\u00f3n de la categor\u00eda: el ejercicio de la libertad por catalanes y escoceses debe presentarse como proyectos amables, transversales, potentes y viables, que traspasan los partidismos, que van a favor del inter\u00e9s mayoritario y ante el cual se manifiestan sin miedo y con plena convicci\u00f3n. Es fundamental asumir en esta confrontaci\u00f3n el papel amistoso, la posici\u00f3n atractiva, el esp\u00edritu renovador y dejar que los oponentes carguen con el rol desagradable y amargo, la actitud negativa y retrasada, la imagen de lo antiguo y desgastado. <strong>Que el S\u00ed contra el No sea la estampa de lo bueno contra lo malo, lo nuevo contra lo viejo: en eso consiste la creaci\u00f3n de la categor\u00eda p\u00fablica.<\/strong><\/p>\n<p class=\"MsoNormal\" style=\"text-align: justify\"><span>\u00a0\u00a0\u00a0\u00a0\u00a0\u00a0\u00a0\u00a0\u00a0\u00a0\u00a0 <\/span>No creo que en esta lucha exista emoci\u00f3n m\u00e1s eficaz que la autoestima colectiva, que nace de la certeza de ser un pa\u00eds \u00fanico, distinto y capaz de alcanzar con madurez su propio destino. El orgullo de ser catalanes y escoceses conduce con m\u00e1s fuerza a la independencia que a la aceptaci\u00f3n de vivir asimilado en un Estado espeso y agobiante. Esta es la emoci\u00f3n que hay que incentivar, como la autoestima en la existencia personal. El fomento de la autoestima deber\u00eda conducir a la convicci\u00f3n de que hoy es posible vivir sin la tutela de la metr\u00f3poli y la soberbia imperial. T<strong>ienen que cre\u00e9rselo escoceses y catalanes y no vacilar: este ser\u00e1 el debate de la soberan\u00eda, la autoestima contra la negaci\u00f3n, la independencia como prop\u00f3sito sentido pero no consentido. <\/strong><\/p>\n<p class=\"MsoNormal\" style=\"text-align: justify\"><i><span style=\"font-size: 16.0pt\">Sin miedo contra el miedo<\/span><\/i><\/p>\n<p class=\"MsoNormal\" style=\"text-align: justify\"><span>\u00a0\u00a0\u00a0\u00a0\u00a0\u00a0\u00a0\u00a0<strong>\u00a0\u00a0\u00a0 <\/strong><\/span><strong>El miedo ser\u00e1 el gran protagonista en los refer\u00e9ndums.<\/strong> Crear y extender el temor a la libertad y el riesgo de la pobreza y el aislamiento son las bazas que usar\u00e1n -ya lo est\u00e1n haciendo- los estados y la UE contra Catalu\u00f1a y Escocia, un viejo y falaz argumento que sale a pasear cada vez que una persona, pa\u00eds o idea se atreven a demostrar su solvencia. Pero el miedo es vencible si ante a \u00e9l se despliega la transparencia y la osad\u00eda de la verdad. Hay que hablar sin recelo de econom\u00eda, modelo social, fortalezas del pa\u00eds y cimientos del proyecto nacional. El miedo encierra el veneno del enga\u00f1o y se neutraliza con fortaleza de car\u00e1cter y conciencia clara.<\/p>\n<p class=\"MsoNormal\" style=\"text-align: justify\"><span>\u00a0\u00a0\u00a0\u00a0\u00a0\u00a0\u00a0\u00a0\u00a0\u00a0\u00a0 <\/span><strong>Hablar\u00e1n de apocalipsis, retroceso econ\u00f3mico, expulsi\u00f3n del euro, desempleo e impago de pensiones, boicot de los mercados e inoperancia internacional de Escocia y Catalu\u00f1a y hasta de declive deportivo\u2026 Todas las calamidades caer\u00e1n sobre los osados patriotas que se atrevan a probar del fruto prohibido de la independencia.<\/strong> Y pienso que cuanto m\u00e1s amenazantes sean los alegatos del No, m\u00e1s razones ganar\u00e1 el S\u00ed, porque la intuici\u00f3n social percibir\u00e1 d\u00f3nde reside el prestigio y la confianza y d\u00f3nde la prepotencia y el sectarismo. Un refer\u00e9ndum planteado en t\u00e9rminos apocal\u00edpticos es un regalo para los independentistas, lo mismo que el discurso imperativo y ardientemente entusiasta perjudicar\u00e1 a los patrocinadores del S\u00ed.<span>\u00a0\u00a0 <\/span><span>\u00a0\u00a0\u00a0\u00a0\u00a0\u00a0<\/span><\/p>\n<p class=\"MsoNormal\" style=\"text-align: justify\"><span>\u00a0\u00a0\u00a0\u00a0\u00a0\u00a0\u00a0\u00a0\u00a0\u00a0\u00a0 <\/span>Catalu\u00f1a tiene una papeleta anterior a su llamada a las urnas. Debe afrontar un per\u00edodo de resistencia pol\u00edtica y social para hacer posible la consulta.<strong> Y esa resistencia tiene que ser absoluta ante las m\u00faltiples presiones y estratagemas que le menoscabar\u00e1n.<\/strong> Espa\u00f1a no entiende que la consulta del 9 de noviembre de 2014 no es una ocurrencia del president Mas, sino el consenso b\u00e1sico de una naci\u00f3n plural y moderna que ya no puede esperar. Solo cabe pactar la dignidad legal del refer\u00e9ndum. No es el desaf\u00edo de Catalu\u00f1a al Estado: es la democracia contra la ley apolillada.<\/p>\n<p class=\"MsoNormal\" style=\"text-align: justify\"><i><span style=\"font-size: 16.0pt\">Cuidado, trampa<\/span><\/i><\/p>\n<p class=\"MsoNormal\" style=\"text-align: justify\"><span>\u00a0\u00a0\u00a0\u00a0\u00a0\u00a0\u00a0\u00a0\u00a0\u00a0\u00a0 <\/span>No todos los ciudadanos y pol\u00edticos espa\u00f1oles son reaccionarios. Algunas esferas econ\u00f3micas e intelectuales entienden que debe alcanzarse un arreglo honroso. En lo que pienso ahora es en la estrategia que est\u00e1n dise\u00f1ando los servicios secretos del Estado y los gabinetes sociol\u00f3gicos que se encargan de la propaganda del Estado.<strong> A mi parecer, el CNI y los asesores de opini\u00f3n producir\u00e1n un esquema comunicativo basado en la neutralizaci\u00f3n de la opini\u00f3n m\u00e1s agresiva y crispante de los medios, de manera que deje de exaltar los \u00e1nimos de la sociedad catalana,<\/strong> porque en ese ambiente de agravios los unionistas espa\u00f1oles tienen las de perder. El gobierno de Rajoy pactar\u00e1 con el poder medi\u00e1tico de la derecha &#8211;<i>El Mundo<\/i>, <i>La Raz\u00f3n<\/i>, <i>Vocento<\/i> y las cadenas privadas de radio y televisi\u00f3n- para que apacig\u00fcen sus furias anticatalanas, no atosiguen a los ciudadanos y presenten la cara m\u00e1s amable y afectiva -e insincera- de Espa\u00f1a. Su t\u00e1ctica ser\u00e1 crear un foso entre los pol\u00edticos autodeterministas y la comunidad catalana, presentando a \u00e9sta como v\u00edctima de la demencia de los partidos, al m\u00e1s puro estilo franquista. Se equivocan si creen que Catalu\u00f1a solo est\u00e1 cabreada, cuando en realidad est\u00e1 muy ilusionada.<\/p>\n<p class=\"MsoNormal\" style=\"text-align: justify\"><span>\u00a0\u00a0\u00a0\u00a0\u00a0\u00a0\u00a0\u00a0\u00a0\u00a0\u00a0 <\/span><strong>De repente la opini\u00f3n publicada se volver\u00e1 suave y comprensiva y el Estado soltar\u00e1 su jaur\u00eda de economistas, intelectuales y juristas para tratar de vender, con datos alambicados y apelaciones enrevesadas, las bondades de la unidad constitucional y los perjuicios de la \u201caventura independentista\u201d.<\/strong> Los socialistas tendr\u00e1n el papel de intermediarios. <i>La Vanguardia<\/i>, de bombero. El f\u00fatbol, de v\u00e1lvula de escape. Alicia S\u00e1nchez Camacho callar\u00e1. Los empresarios, tan timoratos, mediar\u00e1n. La Iglesia pondr\u00e1 velas a Dios y al diablo. Europa presionar\u00e1, <i>ma non troppo<\/i>. Este es el baile de disfraces que se prepara para llevar al huerto a los catalanes menos informados, a los medrosos e ingenuos. No digo que en Castilla se vaya a bailar la sardana, pero casi.<\/p>\n<p class=\"MsoNormal\" style=\"text-align: justify\"><span>\u00a0\u00a0\u00a0\u00a0\u00a0\u00a0\u00a0\u00a0\u00a0\u00a0\u00a0 <\/span>Catalu\u00f1a puede caer en esta trampa o no; pero solo es una de las muchas provocaciones y enga\u00f1os a los que se ver\u00e1 sometida. En su mano est\u00e1 dar una lecci\u00f3n de coraje democr\u00e1tico al mundo; abrir, junto con Escocia, las puertas a otra idea de Europa y acreditar su fortaleza nacional y cultural ante s\u00ed misma. Ahora o quiz\u00e1s nunca.<span>\u00a0\u00a0 <\/span><span>\u00a0<\/span><\/p>\n<!-- AddThis Advanced Settings generic via filter on the_content --><!-- AddThis Share Buttons generic via filter on the_content -->","protected":false},"excerpt":{"rendered":"<p>Catalu\u00f1a y Escocia son el mayor reto de Europa desde el final de la segunda guerra mundial. El modelo sobre el que se sustenta la Uni\u00f3n -los estados y la econom\u00eda de mercado- se muestra superado por la naturaleza de la crisis y la redefinici\u00f3n de la soberan\u00eda a menor escala. Los refer\u00e9ndums catal\u00e1n y &hellip; <a href=\"https:\/\/blogs.deia.eus\/desmarcados\/2013\/12\/27\/1219\/\" class=\"more-link\">Sigue leyendo <span class=\"screen-reader-text\">C\u00f3mo organizar un referendum y ganarlo (o perderlo)<\/span><\/a><!-- AddThis Advanced Settings generic via filter on get_the_excerpt --><!-- AddThis Share Buttons generic via filter on get_the_excerpt --><\/p>\n","protected":false},"author":46,"featured_media":0,"comment_status":"open","ping_status":"open","sticky":false,"template":"","format":"standard","meta":{"footnotes":""},"categories":[1],"tags":[],"class_list":["post-1219","post","type-post","status-publish","format-standard","hentry","category-sin-categoria"],"_links":{"self":[{"href":"https:\/\/blogs.deia.eus\/desmarcados\/wp-json\/wp\/v2\/posts\/1219","targetHints":{"allow":["GET"]}}],"collection":[{"href":"https:\/\/blogs.deia.eus\/desmarcados\/wp-json\/wp\/v2\/posts"}],"about":[{"href":"https:\/\/blogs.deia.eus\/desmarcados\/wp-json\/wp\/v2\/types\/post"}],"author":[{"embeddable":true,"href":"https:\/\/blogs.deia.eus\/desmarcados\/wp-json\/wp\/v2\/users\/46"}],"replies":[{"embeddable":true,"href":"https:\/\/blogs.deia.eus\/desmarcados\/wp-json\/wp\/v2\/comments?post=1219"}],"version-history":[{"count":2,"href":"https:\/\/blogs.deia.eus\/desmarcados\/wp-json\/wp\/v2\/posts\/1219\/revisions"}],"predecessor-version":[{"id":1222,"href":"https:\/\/blogs.deia.eus\/desmarcados\/wp-json\/wp\/v2\/posts\/1219\/revisions\/1222"}],"wp:attachment":[{"href":"https:\/\/blogs.deia.eus\/desmarcados\/wp-json\/wp\/v2\/media?parent=1219"}],"wp:term":[{"taxonomy":"category","embeddable":true,"href":"https:\/\/blogs.deia.eus\/desmarcados\/wp-json\/wp\/v2\/categories?post=1219"},{"taxonomy":"post_tag","embeddable":true,"href":"https:\/\/blogs.deia.eus\/desmarcados\/wp-json\/wp\/v2\/tags?post=1219"}],"curies":[{"name":"wp","href":"https:\/\/api.w.org\/{rel}","templated":true}]}}