{"id":1225,"date":"2013-12-31T10:04:03","date_gmt":"2013-12-31T09:04:03","guid":{"rendered":"http:\/\/blogs.deia.com\/desmarcados\/?p=1225"},"modified":"2013-12-31T10:07:17","modified_gmt":"2013-12-31T09:07:17","slug":"jugando-sucio-con-ninos","status":"publish","type":"post","link":"https:\/\/blogs.deia.eus\/desmarcados\/2013\/12\/31\/jugando-sucio-con-ninos\/","title":{"rendered":"Jugando (sucio) con ni\u00f1os"},"content":{"rendered":"<p><!--[if gte mso 9]&gt;--><\/p>\n<p class=\"MsoNormal\" style=\"text-align: justify\"><span style=\"color: black\"><a href=\"http:\/\/blogs.deia.com\/desmarcados\/files\/2013\/12\/aimar-concursante-masterchef-junior.jpg\"><img loading=\"lazy\" decoding=\"async\" class=\"aligncenter size-full wp-image-1226\" alt=\"Master Chef Junior\" src=\"http:\/\/blogs.deia.com\/desmarcados\/files\/2013\/12\/aimar-concursante-masterchef-junior.jpg\" width=\"980\" height=\"1470\" srcset=\"https:\/\/blogs.deia.eus\/desmarcados\/files\/2013\/12\/aimar-concursante-masterchef-junior.jpg 980w, https:\/\/blogs.deia.eus\/desmarcados\/files\/2013\/12\/aimar-concursante-masterchef-junior-580x870.jpg 580w, https:\/\/blogs.deia.eus\/desmarcados\/files\/2013\/12\/aimar-concursante-masterchef-junior-940x1410.jpg 940w\" sizes=\"auto, (max-width: 980px) 100vw, 980px\" \/><\/a>La televisi\u00f3n es la ni\u00f1era de nuestros hijos desde que nacen hasta que descubren internet y los videojuegos. La oferta infantil se divide en dos categor\u00edas opuestas: los programas DE ni\u00f1os y los programas CON ni\u00f1os. Los primeros se limitan a dibujos animados y algunas series, lo suficiente para distraerles sin aportar valores ni referentes. Y los programas CON ni\u00f1os son ocurrencias de adultos para cuando se ponen tiernos y necesitan entretenerse con la inocencia. Un peligro. <strong><i>MasterChef Junior<\/i> es una de esas ideas mal\u00e9volas con que los mayores buscan tener placer con los menores, una pedofilia sin sexo pero no menos perniciosa.<\/strong> Al plat\u00f3 de TVE han arrojado a una docena de chavales, de 9 a 13 a\u00f1os, a exhibirse ante la gente jugando a cocinitas, a imitar a los padres en sus realities y convertirse en estrellas fugaces de la tele. Es tan zafio este liliput gastron\u00f3mico, equivalente a los aberrantes concursos de belleza para ni\u00f1as, que resulta extra\u00f1o que a\u00fan nadie lo haya denunciado.<strong> \u00bfTan interiorizado tenemos el derecho de propiedad de los ni\u00f1os y su uso como juguetes de espect\u00e1culo? <\/strong><\/span><\/p>\n<p class=\"MsoNormal\" style=\"text-align: justify\"><span style=\"color: black\">\u00a0<span>\u00a0\u00a0\u00a0\u00a0\u00a0\u00a0\u00a0\u00a0\u00a0\u00a0\u00a0 <\/span>Bien, ya tenemos los primeros cocineritos famosos, entre ellos Aimar, un cr\u00edo encantador, de Ortuella, a quien le ha bastado una hora de espontaneidad para cautivar el coraz\u00f3n de la audiencia. La gente por la calle se disputa una foto con \u00e9l y un beso suyo, porque es un peque\u00f1o \u00eddolo. Sabemos que los padres del chaval son consencientes de los riesgos de la popularidad sobre el chico y el da\u00f1o que esta ef\u00edmera notoriedad puede causar en su maduraci\u00f3n psicol\u00f3gica. Hacen muy bien en asegurar que su paso por la tele no le deje ninguna secuela y todo quede en una divertida aventura y nuevos amigos, como un campamento de verano.<\/span><\/p>\n<p class=\"MsoNormal\" style=\"text-align: justify\"><span style=\"color: black\">\u00a0<\/span><span style=\"font-size: 12.0pt;font-family: 'Times New Roman','serif';color: black\"><span>\u00a0\u00a0\u00a0\u00a0\u00a0\u00a0\u00a0\u00a0\u00a0\u00a0\u00a0 <\/span>Si la tele es una amenaza para cualquier persona, fig\u00farate para un menor. \u00bfQu\u00e9 tiene de malo <i>MasterChef Junior<\/i>? Que es un divertimento de mayores con la materia m\u00e1s sensible, los ni\u00f1os, a los que, adem\u00e1s, hace competir proyectando sobre ellos la feroz ambici\u00f3n adulta.<strong> Es antipedag\u00f3gico y perfectamente suprimible<\/strong>. Tarjeta negra.<\/span><\/p>\n<!-- AddThis Advanced Settings generic via filter on the_content --><!-- AddThis Share Buttons generic via filter on the_content -->","protected":false},"excerpt":{"rendered":"<p>La televisi\u00f3n es la ni\u00f1era de nuestros hijos desde que nacen hasta que descubren internet y los videojuegos. La oferta infantil se divide en dos categor\u00edas opuestas: los programas DE ni\u00f1os y los programas CON ni\u00f1os. Los primeros se limitan a dibujos animados y algunas series, lo suficiente para distraerles sin aportar valores ni referentes. &hellip; <a href=\"https:\/\/blogs.deia.eus\/desmarcados\/2013\/12\/31\/jugando-sucio-con-ninos\/\" class=\"more-link\">Sigue leyendo <span class=\"screen-reader-text\">Jugando (sucio) con ni\u00f1os<\/span><\/a><!-- AddThis Advanced Settings generic via filter on get_the_excerpt --><!-- AddThis Share Buttons generic via filter on get_the_excerpt --><\/p>\n","protected":false},"author":46,"featured_media":0,"comment_status":"open","ping_status":"open","sticky":false,"template":"","format":"standard","meta":{"footnotes":""},"categories":[1],"tags":[],"class_list":["post-1225","post","type-post","status-publish","format-standard","hentry","category-sin-categoria"],"_links":{"self":[{"href":"https:\/\/blogs.deia.eus\/desmarcados\/wp-json\/wp\/v2\/posts\/1225","targetHints":{"allow":["GET"]}}],"collection":[{"href":"https:\/\/blogs.deia.eus\/desmarcados\/wp-json\/wp\/v2\/posts"}],"about":[{"href":"https:\/\/blogs.deia.eus\/desmarcados\/wp-json\/wp\/v2\/types\/post"}],"author":[{"embeddable":true,"href":"https:\/\/blogs.deia.eus\/desmarcados\/wp-json\/wp\/v2\/users\/46"}],"replies":[{"embeddable":true,"href":"https:\/\/blogs.deia.eus\/desmarcados\/wp-json\/wp\/v2\/comments?post=1225"}],"version-history":[{"count":5,"href":"https:\/\/blogs.deia.eus\/desmarcados\/wp-json\/wp\/v2\/posts\/1225\/revisions"}],"predecessor-version":[{"id":1231,"href":"https:\/\/blogs.deia.eus\/desmarcados\/wp-json\/wp\/v2\/posts\/1225\/revisions\/1231"}],"wp:attachment":[{"href":"https:\/\/blogs.deia.eus\/desmarcados\/wp-json\/wp\/v2\/media?parent=1225"}],"wp:term":[{"taxonomy":"category","embeddable":true,"href":"https:\/\/blogs.deia.eus\/desmarcados\/wp-json\/wp\/v2\/categories?post=1225"},{"taxonomy":"post_tag","embeddable":true,"href":"https:\/\/blogs.deia.eus\/desmarcados\/wp-json\/wp\/v2\/tags?post=1225"}],"curies":[{"name":"wp","href":"https:\/\/api.w.org\/{rel}","templated":true}]}}