{"id":1232,"date":"2014-01-07T09:45:45","date_gmt":"2014-01-07T08:45:45","guid":{"rendered":"http:\/\/blogs.deia.com\/desmarcados\/?p=1232"},"modified":"2014-01-07T09:46:16","modified_gmt":"2014-01-07T08:46:16","slug":"2014-futbol-y-referendums","status":"publish","type":"post","link":"https:\/\/blogs.deia.eus\/desmarcados\/2014\/01\/07\/2014-futbol-y-referendums\/","title":{"rendered":"2014: f\u00fatbol y refer\u00e9ndums"},"content":{"rendered":"<p><!--[if gte mso 9]&gt;--><\/p>\n<p class=\"MsoNormal\" style=\"text-align: justify\"><a href=\"http:\/\/blogs.deia.com\/desmarcados\/files\/2014\/01\/2014.jpg\"><img loading=\"lazy\" decoding=\"async\" class=\"aligncenter size-full wp-image-1233\" alt=\"2014\" src=\"http:\/\/blogs.deia.com\/desmarcados\/files\/2014\/01\/2014.jpg\" width=\"399\" height=\"271\" \/><\/a>El 2014 ser\u00e1 a\u00f1o de f\u00fatbol y refer\u00e9ndums, los dos contenidos que marcar\u00e1n la programaci\u00f3n de la tele y a trav\u00e9s de los cuales la ciudadan\u00eda se expondr\u00e1 ante s\u00ed misma en sus diferentes versiones, como sociedad espect\u00e1culo y como gestora de sus libertades. Tienes dos opciones: ser espectador o protagonista. Si prefieres dejarte llevar te ver\u00e1s involucrado en el fest\u00edn patri\u00f3tico del campeonato mundial de f\u00fatbol, entre el 12 de junio y el 13 de julio, que a tus efectos no se celebrar\u00e1 en Brasil sino en Telecinco. Para sobrevivir a esta org\u00eda de distracci\u00f3n colectiva mi consejo es: da un paso atr\u00e1s, eleva la mirada y capta con atenci\u00f3n todos los detalles del comportamiento pueril, la exageraci\u00f3n medi\u00e1tica, la pasi\u00f3n in\u00fatil y el patrocinio canalla de este circo del balompi\u00e9 globalizado. <strong>Es muy divertido e instructivo salirse de la procesi\u00f3n de los adoradores y observar las cosas con perspectiva cr\u00edtica. Acabas por compadecerte de la gente e indignado por nuestro miserable modelo de vida.<\/strong><\/p>\n<p class=\"MsoNormal\" style=\"text-align: justify\">\u00a0<span>\u00a0\u00a0\u00a0\u00a0\u00a0\u00a0\u00a0\u00a0\u00a0\u00a0\u00a0 <\/span>De paso, la tele y el f\u00fatbol se han inventado, por mutuo inter\u00e9s, la novedad de los tiempos muertos, dos minutos de parada por partido que dar\u00e1n para cuatro o cinco anuncios, a mill\u00f3n de euros. Un golazo por la escuadra.<span>\u00a0 <\/span><\/p>\n<p class=\"MsoNormal\" style=\"text-align: justify\">\u00a0<span>\u00a0\u00a0\u00a0\u00a0\u00a0\u00a0\u00a0\u00a0\u00a0\u00a0\u00a0 <\/span><i>La Roja<\/i> es la esperanza redentora de las frustraciones y el remedio de la autoestima espa\u00f1ola. Con un prop\u00f3sito estrat\u00e9gico sobrevenido: servir con sus victorias al desistimiento soberanista. Los refer\u00e9ndums de oto\u00f1o en Catalu\u00f1a y Escocia nos van a proporcionar valiosos documentos sobre la degradaci\u00f3n democr\u00e1tica. <strong>Te invito a seguir con atenci\u00f3n el curso de las noticias y la opini\u00f3n en todos los canales sobre estos procesos autodeterminaci\u00f3n, con sus sucesivas fases<\/strong>, empezando por la actual, de incertidumbre y miedo, y continuando por las de manipulaci\u00f3n de datos, confusi\u00f3n emocional, divisi\u00f3n del contrario, moderaci\u00f3n t\u00e1ctica y amenaza final, un curso intensivo e indecente sobre c\u00f3mo subyugar a unos pueblos bajo el terror de la mentira programada. Conseguir\u00e1n que dejes de ver la tele y te hagas independentista.<\/p>\n<!-- AddThis Advanced Settings generic via filter on the_content --><!-- AddThis Share Buttons generic via filter on the_content -->","protected":false},"excerpt":{"rendered":"<p>El 2014 ser\u00e1 a\u00f1o de f\u00fatbol y refer\u00e9ndums, los dos contenidos que marcar\u00e1n la programaci\u00f3n de la tele y a trav\u00e9s de los cuales la ciudadan\u00eda se expondr\u00e1 ante s\u00ed misma en sus diferentes versiones, como sociedad espect\u00e1culo y como gestora de sus libertades. Tienes dos opciones: ser espectador o protagonista. Si prefieres dejarte llevar &hellip; <a href=\"https:\/\/blogs.deia.eus\/desmarcados\/2014\/01\/07\/2014-futbol-y-referendums\/\" class=\"more-link\">Sigue leyendo <span class=\"screen-reader-text\">2014: f\u00fatbol y refer\u00e9ndums<\/span><\/a><!-- AddThis Advanced Settings generic via filter on get_the_excerpt --><!-- AddThis Share Buttons generic via filter on get_the_excerpt --><\/p>\n","protected":false},"author":46,"featured_media":0,"comment_status":"open","ping_status":"open","sticky":false,"template":"","format":"standard","meta":{"footnotes":""},"categories":[1],"tags":[],"class_list":["post-1232","post","type-post","status-publish","format-standard","hentry","category-sin-categoria"],"_links":{"self":[{"href":"https:\/\/blogs.deia.eus\/desmarcados\/wp-json\/wp\/v2\/posts\/1232","targetHints":{"allow":["GET"]}}],"collection":[{"href":"https:\/\/blogs.deia.eus\/desmarcados\/wp-json\/wp\/v2\/posts"}],"about":[{"href":"https:\/\/blogs.deia.eus\/desmarcados\/wp-json\/wp\/v2\/types\/post"}],"author":[{"embeddable":true,"href":"https:\/\/blogs.deia.eus\/desmarcados\/wp-json\/wp\/v2\/users\/46"}],"replies":[{"embeddable":true,"href":"https:\/\/blogs.deia.eus\/desmarcados\/wp-json\/wp\/v2\/comments?post=1232"}],"version-history":[{"count":2,"href":"https:\/\/blogs.deia.eus\/desmarcados\/wp-json\/wp\/v2\/posts\/1232\/revisions"}],"predecessor-version":[{"id":1235,"href":"https:\/\/blogs.deia.eus\/desmarcados\/wp-json\/wp\/v2\/posts\/1232\/revisions\/1235"}],"wp:attachment":[{"href":"https:\/\/blogs.deia.eus\/desmarcados\/wp-json\/wp\/v2\/media?parent=1232"}],"wp:term":[{"taxonomy":"category","embeddable":true,"href":"https:\/\/blogs.deia.eus\/desmarcados\/wp-json\/wp\/v2\/categories?post=1232"},{"taxonomy":"post_tag","embeddable":true,"href":"https:\/\/blogs.deia.eus\/desmarcados\/wp-json\/wp\/v2\/tags?post=1232"}],"curies":[{"name":"wp","href":"https:\/\/api.w.org\/{rel}","templated":true}]}}