{"id":308,"date":"2011-10-21T07:47:33","date_gmt":"2011-10-21T05:47:33","guid":{"rendered":"http:\/\/blogs.deia.com\/desmarcados\/?p=308"},"modified":"2011-10-21T07:47:33","modified_gmt":"2011-10-21T05:47:33","slug":"20-de-octubre-lo-que-acaba-y-lo-que-empieza","status":"publish","type":"post","link":"https:\/\/blogs.deia.eus\/desmarcados\/2011\/10\/21\/20-de-octubre-lo-que-acaba-y-lo-que-empieza\/","title":{"rendered":"20 de octubre. Lo que acaba y lo que empieza"},"content":{"rendered":"<p><a href=\"http:\/\/blogs.deia.com\/desmarcados\/files\/2011\/10\/CERRADO1.jpg\"><img loading=\"lazy\" decoding=\"async\" class=\"aligncenter size-full wp-image-310\" src=\"http:\/\/blogs.deia.com\/desmarcados\/files\/2011\/10\/CERRADO1.jpg\" alt=\"\" width=\"469\" height=\"585\" srcset=\"https:\/\/blogs.deia.eus\/desmarcados\/files\/2011\/10\/CERRADO1.jpg 309w, https:\/\/blogs.deia.eus\/desmarcados\/files\/2011\/10\/CERRADO1-240x300.jpg 240w\" sizes=\"auto, (max-width: 469px) 100vw, 469px\" \/><\/a><\/p>\n<p>Por fin, ETA, la \u00faltima organizaci\u00f3n terrorista de Europa, cierra la persiana, arruinada militar, moral y pol\u00edticamente. Su comunicado final, menos ret\u00f3rico de lo habitual, expresa la magnitud de su fracaso hist\u00f3rico en una especie de legado y continuidad de su lucha por otros medios, como si estuviera legitimado para se\u00f1alar a Euskadi el camino de su futuro. El patetismo de su declaraci\u00f3n pasa desapercibido solo por la sensaci\u00f3n de alivio que deja en los ciudadanos vascos. Euskadi despierta de una larga pesadilla.<\/p>\n<p>No creo que valga la pena dedicar mucho empe\u00f1o al an\u00e1lisis del mensaje de cese definitivo. No obstante, hay dos aspectos relevantes que, por su cinismo, merecen un comentario. Uno es su olvido de las v\u00edctimas provocadas por su acci\u00f3n criminal, lo que contrasta con el recuerdo de los propios ca\u00eddos y los presos. Ciertamente, otorgar al final un poco de compasi\u00f3n no ser\u00eda coherente con su inhumana trayectoria. Y otro es la arrogancia de su testamento, expresado en esa frase t\u00edpica de todo fracasado: \u201cLa lucha de largos a\u00f1os ha creado esta oportunidad\u201d, referida al momento pol\u00edtico que se avecina una vez que las excusas de la violencia pueden dejar paso al di\u00e1logo y los acuerdos democr\u00e1ticos en Euskadi y con el Estado. ETA pretende hacernos creer con semejante exabrupto que su combate ofrece un balance positivo y no d\u00e9cadas perdidas, un terrible sufrimiento y la contaminaci\u00f3n terrorista de los anhelos abertzales ante el mundo.<\/p>\n<p>Una puerta se ha cerrado para siempre. Detr\u00e1s de ella queda una historia que deber\u00e1 ser interpretada y relatada a medida que los a\u00f1os y el sosiego nos den la justa perspectiva para realizar esa empresa indispensable. Se acab\u00f3 el miedo y la hiperpresencia policial. Se acabaron las amenazas y su imagen escoltada en nuestras calles. Se acab\u00f3 la identificaci\u00f3n Euskadi con la violencia. Se acab\u00f3 la ch\u00e1chara tertuliana. Se termin\u00f3 nuestra leyenda negra. Se le acab\u00f3 el chollo a la Espa\u00f1a c\u00f3mplice de los pretextos de ETA. Se termin\u00f3 la coartada \u00a0del actual Gobierno PSE+PP, fruto directo de ese discurso intransigente. Pero tambi\u00e9n se acabaron los impedimentos para que este pueblo pueda pronunciarse leg\u00edtimamente sobre su futuro institucional.<\/p>\n<p>Y otra puerta se abre, la puerta del futuro, que llevamos tantos a\u00f1os esperando, con todo lo que ETA nos ha robado en t\u00e9rminos de paz, libertad, prestigio y progreso. Una esperanza que solo depende de nuestra decisi\u00f3n e inteligencia. Pero por mucho que nos pongamos solemnes, impactados por este suceso trascendente, conviene bajar a la realidad sencilla de las cosas. Hay mucho que gestionar: el dolor y rencor acumulados, la vuelta y reinserci\u00f3n de los presos, los acuerdos pol\u00edticos transversales, la conformaci\u00f3n de un modelo de convivencia democr\u00e1tica que satisfaga a la gran mayor\u00eda. Tenemos mucho trabajo de reconstrucci\u00f3n pol\u00edtica, econ\u00f3mica y moral por delante. Hay que administrar con serenidad y calma el tiempo que ha empezado. Ya no importa lo que acaba, sino lo que empieza.<\/p>\n<p>Y mientras esto ocurre, el lehendakari a 5.000 kil\u00f3metros de distancia, lehendakari missing.<a href=\"http:\/\/blogs.deia.com\/desmarcados\/files\/2011\/10\/CERRADO.jpg\"><br \/>\n<\/a><\/p>\n<!-- AddThis Advanced Settings generic via filter on the_content --><!-- AddThis Share Buttons generic via filter on the_content -->","protected":false},"excerpt":{"rendered":"<p>Por fin, ETA, la \u00faltima organizaci\u00f3n terrorista de Europa, cierra la persiana, arruinada militar, moral y pol\u00edticamente. Su comunicado final, menos ret\u00f3rico de lo habitual, expresa la magnitud de su fracaso hist\u00f3rico en una especie de legado y continuidad de su lucha por otros medios, como si estuviera legitimado para se\u00f1alar a Euskadi el camino &hellip; <a href=\"https:\/\/blogs.deia.eus\/desmarcados\/2011\/10\/21\/20-de-octubre-lo-que-acaba-y-lo-que-empieza\/\" class=\"more-link\">Sigue leyendo <span class=\"screen-reader-text\">20 de octubre. Lo que acaba y lo que empieza<\/span><\/a><!-- AddThis Advanced Settings generic via filter on get_the_excerpt --><!-- AddThis Share Buttons generic via filter on get_the_excerpt --><\/p>\n","protected":false},"author":46,"featured_media":0,"comment_status":"open","ping_status":"open","sticky":false,"template":"","format":"standard","meta":{"footnotes":""},"categories":[1],"tags":[],"class_list":["post-308","post","type-post","status-publish","format-standard","hentry","category-sin-categoria"],"_links":{"self":[{"href":"https:\/\/blogs.deia.eus\/desmarcados\/wp-json\/wp\/v2\/posts\/308","targetHints":{"allow":["GET"]}}],"collection":[{"href":"https:\/\/blogs.deia.eus\/desmarcados\/wp-json\/wp\/v2\/posts"}],"about":[{"href":"https:\/\/blogs.deia.eus\/desmarcados\/wp-json\/wp\/v2\/types\/post"}],"author":[{"embeddable":true,"href":"https:\/\/blogs.deia.eus\/desmarcados\/wp-json\/wp\/v2\/users\/46"}],"replies":[{"embeddable":true,"href":"https:\/\/blogs.deia.eus\/desmarcados\/wp-json\/wp\/v2\/comments?post=308"}],"version-history":[{"count":1,"href":"https:\/\/blogs.deia.eus\/desmarcados\/wp-json\/wp\/v2\/posts\/308\/revisions"}],"predecessor-version":[{"id":311,"href":"https:\/\/blogs.deia.eus\/desmarcados\/wp-json\/wp\/v2\/posts\/308\/revisions\/311"}],"wp:attachment":[{"href":"https:\/\/blogs.deia.eus\/desmarcados\/wp-json\/wp\/v2\/media?parent=308"}],"wp:term":[{"taxonomy":"category","embeddable":true,"href":"https:\/\/blogs.deia.eus\/desmarcados\/wp-json\/wp\/v2\/categories?post=308"},{"taxonomy":"post_tag","embeddable":true,"href":"https:\/\/blogs.deia.eus\/desmarcados\/wp-json\/wp\/v2\/tags?post=308"}],"curies":[{"name":"wp","href":"https:\/\/api.w.org\/{rel}","templated":true}]}}