{"id":312,"date":"2011-10-24T09:03:12","date_gmt":"2011-10-24T07:03:12","guid":{"rendered":"http:\/\/blogs.deia.com\/desmarcados\/?p=312"},"modified":"2011-10-24T09:03:25","modified_gmt":"2011-10-24T07:03:25","slug":"pillados-por-la-noticia","status":"publish","type":"post","link":"https:\/\/blogs.deia.eus\/desmarcados\/2011\/10\/24\/pillados-por-la-noticia\/","title":{"rendered":"Pillados por la noticia"},"content":{"rendered":"<a href=\"http:\/\/www.youtube.com\/watch?v=zCzpudQckoc\">http:\/\/www.youtube.com\/watch?v=zCzpudQckoc<\/a>\n<p>La noticia del fin de ETA cay\u00f3 el pasado jueves en medio de la programaci\u00f3n de tarde, es decir, en el apogeo del cotilleo, los concursos insulsos y las viejas pel\u00edculas de vaqueros. A todas las cadenas les pill\u00f3 a contrapi\u00e9, hasta el punto de que fue Paz Padilla, la presentadora eventual de <strong><em>S\u00e1lvame<\/em>,<\/strong> quien ofreci\u00f3 la primicia. \u00a1Un programa fr\u00edvolo informando de un acontecimiento trascendental!, esa es la caricatura de la televisi\u00f3n en Espa\u00f1a con toda la carga descriptiva de una sociedad que embarulla lo serio con lo ordinario. Luego lleg\u00f3 Pedro Piqueras para poner rostro editorial a la noticia previamente trivializada. A ETB le sorprendi\u00f3 en plena <strong><em>Rebeli\u00f3n apache<\/em><\/strong>, una historia de casacas azules contra indios, que es toda una met\u00e1fora de Euskadi: la paz nos cogi\u00f3 en pie de guerra y con las tribus sublevadas.<\/p>\n<p>\u00bfPor qu\u00e9 la mayor\u00eda de los canales no supieron responder a la categor\u00eda del suceso? Porque carecen del m\u00e1s elemental criterio informativo, porque son emisoras de entretenimiento, circos digitales. Varias horas despu\u00e9s apenas hab\u00edan reaccionado y solo eran capaces de plantear lo m\u00e1s f\u00e1cil, la tertulia g\u00e1rrula y redundante. A pesar de que se presagiaba la inminente declaraci\u00f3n de ETA, nadie hab\u00eda previsto una alternativa. La Sexta fue la excepci\u00f3n. Y nuestra cadena p\u00fablica se conform\u00f3 con un especial de <em>Plat\u00f3 2.0<\/em> realizado en el mismo escenario y con los r\u00f3tulos de <em>Arratsaldero<\/em>, el espacio de debate vespertino de ETB1. Quiz\u00e1s es lo que correspond\u00eda a una televisi\u00f3n cuya lejan\u00eda social solo es comparable con los m\u00e1s de cinco mil kil\u00f3metros que el jueves separaban a Euskadi de L\u00f3pez y Surio, <strong>missing en Nueva York.<\/strong><\/p>\n<p>La noche espa\u00f1ola en la tele fue exponente de los rencores acumulados y el veneno inoculado durante a\u00f1os. El j\u00fabilo vasco contrastaba con el p\u00e9simo humor de los comentaristas en las cadenas fachas, Intereconom\u00eda, Veo7 y 13TV, y tambi\u00e9n en TVE. \u00bfPor qu\u00e9 una buena noticia puede causar pena y desatar tanta c\u00f3lera? Quiz\u00e1s porque entre la alegr\u00eda y la tristeza hay la misma diferencia que entre Euskadi y Espa\u00f1a.<\/p>\n<!-- AddThis Advanced Settings generic via filter on the_content --><!-- AddThis Share Buttons generic via filter on the_content -->","protected":false},"excerpt":{"rendered":"<p>La noticia del fin de ETA cay\u00f3 el pasado jueves en medio de la programaci\u00f3n de tarde, es decir, en el apogeo del cotilleo, los concursos insulsos y las viejas pel\u00edculas de vaqueros. A todas las cadenas les pill\u00f3 a contrapi\u00e9, hasta el punto de que fue Paz Padilla, la presentadora eventual de S\u00e1lvame, quien &hellip; <a href=\"https:\/\/blogs.deia.eus\/desmarcados\/2011\/10\/24\/pillados-por-la-noticia\/\" class=\"more-link\">Sigue leyendo <span class=\"screen-reader-text\">Pillados por la noticia<\/span><\/a><!-- AddThis Advanced Settings generic via filter on get_the_excerpt --><!-- AddThis Share Buttons generic via filter on get_the_excerpt --><\/p>\n","protected":false},"author":46,"featured_media":0,"comment_status":"open","ping_status":"open","sticky":false,"template":"","format":"standard","meta":{"footnotes":""},"categories":[1],"tags":[],"class_list":["post-312","post","type-post","status-publish","format-standard","hentry","category-sin-categoria"],"_links":{"self":[{"href":"https:\/\/blogs.deia.eus\/desmarcados\/wp-json\/wp\/v2\/posts\/312","targetHints":{"allow":["GET"]}}],"collection":[{"href":"https:\/\/blogs.deia.eus\/desmarcados\/wp-json\/wp\/v2\/posts"}],"about":[{"href":"https:\/\/blogs.deia.eus\/desmarcados\/wp-json\/wp\/v2\/types\/post"}],"author":[{"embeddable":true,"href":"https:\/\/blogs.deia.eus\/desmarcados\/wp-json\/wp\/v2\/users\/46"}],"replies":[{"embeddable":true,"href":"https:\/\/blogs.deia.eus\/desmarcados\/wp-json\/wp\/v2\/comments?post=312"}],"version-history":[{"count":2,"href":"https:\/\/blogs.deia.eus\/desmarcados\/wp-json\/wp\/v2\/posts\/312\/revisions"}],"predecessor-version":[{"id":314,"href":"https:\/\/blogs.deia.eus\/desmarcados\/wp-json\/wp\/v2\/posts\/312\/revisions\/314"}],"wp:attachment":[{"href":"https:\/\/blogs.deia.eus\/desmarcados\/wp-json\/wp\/v2\/media?parent=312"}],"wp:term":[{"taxonomy":"category","embeddable":true,"href":"https:\/\/blogs.deia.eus\/desmarcados\/wp-json\/wp\/v2\/categories?post=312"},{"taxonomy":"post_tag","embeddable":true,"href":"https:\/\/blogs.deia.eus\/desmarcados\/wp-json\/wp\/v2\/tags?post=312"}],"curies":[{"name":"wp","href":"https:\/\/api.w.org\/{rel}","templated":true}]}}