{"id":331,"date":"2011-11-07T07:46:14","date_gmt":"2011-11-07T06:46:14","guid":{"rendered":"http:\/\/blogs.deia.com\/desmarcados\/?p=331"},"modified":"2011-11-07T07:46:48","modified_gmt":"2011-11-07T06:46:48","slug":"estamos-en-paz","status":"publish","type":"post","link":"https:\/\/blogs.deia.eus\/desmarcados\/2011\/11\/07\/estamos-en-paz\/","title":{"rendered":"\u00bfEstamos en paz?"},"content":{"rendered":"<p><a href=\"http:\/\/blogs.deia.com\/desmarcados\/files\/2011\/11\/GERNIKA.jpg\"><img loading=\"lazy\" decoding=\"async\" class=\"aligncenter size-full wp-image-332\" src=\"http:\/\/blogs.deia.com\/desmarcados\/files\/2011\/11\/GERNIKA.jpg\" alt=\"\" width=\"608\" height=\"269\" srcset=\"https:\/\/blogs.deia.eus\/desmarcados\/files\/2011\/11\/GERNIKA.jpg 580w, https:\/\/blogs.deia.eus\/desmarcados\/files\/2011\/11\/GERNIKA-300x132.jpg 300w\" sizes=\"auto, (max-width: 608px) 100vw, 608px\" \/><\/a><\/p>\n<p>No lo entiendo: m\u00e1s de treinta a\u00f1os esperando el fin de la violencia en Euskadi y, cuando llega, hay poderes interesados en que el acontecimiento nos deje indiferentes. Parece que EITB, en sinton\u00eda con el pacto PSE+PP, gestiona estos d\u00edas la conveniencia de una percepci\u00f3n p\u00fablica que rebaje la trascendencia del cese definitivo de ETA. Contener la ilusi\u00f3n de la gente, estimular la incredulidad y priorizar el pasado sobre el futuro son los prop\u00f3sitos de este plan pasivo. Es lo que se deduce de la pobre respuesta que nuestra radiotelevisi\u00f3n est\u00e1 ofreciendo del cierre de la etapa terrorista. Primero, le pilla la noticia con una pel\u00edcula de indios y, despu\u00e9s, cuando cab\u00eda esperar que proyectara como se merece la explosi\u00f3n de alegr\u00eda y optimismo que reinaba en nuestro pa\u00eds, se limita a un especial de <em>Plat\u00f3 2.0<\/em>, tertulia desangelada y triste que capt\u00f3 la atenci\u00f3n del 9% de la audiencia. Una televisi\u00f3n con aut\u00e9ntica alma popular se hubiera volcado en informaci\u00f3n y opini\u00f3n para estar a la altura de la historia y liderar\u00eda los sentimientos colectivos.<\/p>\n<p>Peor fue el d\u00eda despu\u00e9s. El nuevo espacio <em>Plaza Euskadi<\/em> careci\u00f3 de fuerza emocional y ensimismado en la est\u00e9tica apenas lleg\u00f3 a un 5% de los espectadores. El <em>Agur<\/em> del lunes siguiente, producto improvisado y tedioso, fue otra decepci\u00f3n. Y as\u00ed hasta reducir el impacto del hito m\u00e1s importante de las \u00faltimas d\u00e9cadas al inter\u00e9s de poco m\u00e1s de 30.000 ciudadanos en las sucesivas ediciones de <em>Plaza Euskadi<\/em>. ETB ha perdido la oportunidad de identificase con la sociedad vasca y ha escapado cobardemente de la gesti\u00f3n de la paz en lo que le ata\u00f1e como medio p\u00fablico. Si no fuera tan sectaria, ETB ser\u00eda hoy en nuestra mejor mediadora para favorecer la convivencia democr\u00e1tica y una gran aliada para la reconciliaci\u00f3n. Pero ha envilecido su raz\u00f3n de ser.<\/p>\n<p>Hay demasiado Vocento en ETB como para que Euskadi se vea reflejada en ese espejo. Su influyente presencia determina el mensaje resentido de estos d\u00edas en la tele, la advertencia feroz de que por mucho que haya paz, no estamos en paz.<\/p>\n<!-- AddThis Advanced Settings generic via filter on the_content --><!-- AddThis Share Buttons generic via filter on the_content -->","protected":false},"excerpt":{"rendered":"<p>No lo entiendo: m\u00e1s de treinta a\u00f1os esperando el fin de la violencia en Euskadi y, cuando llega, hay poderes interesados en que el acontecimiento nos deje indiferentes. Parece que EITB, en sinton\u00eda con el pacto PSE+PP, gestiona estos d\u00edas la conveniencia de una percepci\u00f3n p\u00fablica que rebaje la trascendencia del cese definitivo de ETA. &hellip; <a href=\"https:\/\/blogs.deia.eus\/desmarcados\/2011\/11\/07\/estamos-en-paz\/\" class=\"more-link\">Sigue leyendo <span class=\"screen-reader-text\">\u00bfEstamos en paz?<\/span><\/a><!-- AddThis Advanced Settings generic via filter on get_the_excerpt --><!-- AddThis Share Buttons generic via filter on get_the_excerpt --><\/p>\n","protected":false},"author":46,"featured_media":0,"comment_status":"open","ping_status":"open","sticky":false,"template":"","format":"standard","meta":{"footnotes":""},"categories":[1],"tags":[],"class_list":["post-331","post","type-post","status-publish","format-standard","hentry","category-sin-categoria"],"_links":{"self":[{"href":"https:\/\/blogs.deia.eus\/desmarcados\/wp-json\/wp\/v2\/posts\/331","targetHints":{"allow":["GET"]}}],"collection":[{"href":"https:\/\/blogs.deia.eus\/desmarcados\/wp-json\/wp\/v2\/posts"}],"about":[{"href":"https:\/\/blogs.deia.eus\/desmarcados\/wp-json\/wp\/v2\/types\/post"}],"author":[{"embeddable":true,"href":"https:\/\/blogs.deia.eus\/desmarcados\/wp-json\/wp\/v2\/users\/46"}],"replies":[{"embeddable":true,"href":"https:\/\/blogs.deia.eus\/desmarcados\/wp-json\/wp\/v2\/comments?post=331"}],"version-history":[{"count":2,"href":"https:\/\/blogs.deia.eus\/desmarcados\/wp-json\/wp\/v2\/posts\/331\/revisions"}],"predecessor-version":[{"id":335,"href":"https:\/\/blogs.deia.eus\/desmarcados\/wp-json\/wp\/v2\/posts\/331\/revisions\/335"}],"wp:attachment":[{"href":"https:\/\/blogs.deia.eus\/desmarcados\/wp-json\/wp\/v2\/media?parent=331"}],"wp:term":[{"taxonomy":"category","embeddable":true,"href":"https:\/\/blogs.deia.eus\/desmarcados\/wp-json\/wp\/v2\/categories?post=331"},{"taxonomy":"post_tag","embeddable":true,"href":"https:\/\/blogs.deia.eus\/desmarcados\/wp-json\/wp\/v2\/tags?post=331"}],"curies":[{"name":"wp","href":"https:\/\/api.w.org\/{rel}","templated":true}]}}