{"id":336,"date":"2011-11-08T09:30:57","date_gmt":"2011-11-08T08:30:57","guid":{"rendered":"http:\/\/blogs.deia.com\/desmarcados\/?p=336"},"modified":"2011-11-08T09:30:57","modified_gmt":"2011-11-08T08:30:57","slug":"a-por-el-voto-fronterizo","status":"publish","type":"post","link":"https:\/\/blogs.deia.eus\/desmarcados\/2011\/11\/08\/a-por-el-voto-fronterizo\/","title":{"rendered":"A por el voto fronterizo"},"content":{"rendered":"<div>\n<p><a href=\"http:\/\/blogs.deia.com\/desmarcados\/files\/2011\/11\/frontera.jpg\"><img loading=\"lazy\" decoding=\"async\" class=\"aligncenter size-full wp-image-337\" src=\"http:\/\/blogs.deia.com\/desmarcados\/files\/2011\/11\/frontera.jpg\" alt=\"\" width=\"530\" height=\"467\" srcset=\"https:\/\/blogs.deia.eus\/desmarcados\/files\/2011\/11\/frontera.jpg 330w, https:\/\/blogs.deia.eus\/desmarcados\/files\/2011\/11\/frontera-300x264.jpg 300w\" sizes=\"auto, (max-width: 530px) 100vw, 530px\" \/><\/a><\/p>\n<p>TODA campa\u00f1a electoral se convierte en un ejercicio de equilibrismo entre la acci\u00f3n de asegurar los votos fijos y la aventura de captar nuevos apoyos, lo que puede producir incoherencias. De este esfuerzo casi siempre contradictorio -pues los partidos tienen sus l\u00edmites- nace tanto la ambig\u00fcedad de los mensajes, como la radicalizaci\u00f3n calculada de las estrategias pol\u00edticas.<\/p>\n<p>La ambig\u00fcedad es conservadora, mientras que la radicalizaci\u00f3n es transgresora. Por eso, en los comit\u00e9s de campa\u00f1a, como en toda empresa humana, deben convivir consejeros arriesgados y asesores cautelosos: entre unos y otros se determinar\u00e1 la medida de la osad\u00eda y la porci\u00f3n de seguridad.<\/p>\n<p>El \u00e9xito y el fracaso en estas elecciones se juegan en la gesti\u00f3n del votante fronterizo, el que no tiene destino previo, el voto inestable. Todos los partidos tienen votos fronterizos. El PNV los tiene en el sector abertzale y tambi\u00e9n entre los electores m\u00e1s templados del PSE y PP, que unas veces le dan el voto y otras se lo quitan. El conglomerado de Amaiur tiene sufragios solapados en la muga de la izquierda y en territorio nacionalista; pero lo suyo ahora es conservar la gran cosecha de mayo. Nunca he visto a la izquierda abertzale m\u00e1s segurola que en esta campa\u00f1a. Por su parte, socialistas y <em>populares<\/em> comparten votos en el centro y su decantaci\u00f3n depender\u00e1 de la percepci\u00f3n de las prioridades, porque transitar de la izquierda a la derecha, o viceversa, no constituye para este grupo una mutaci\u00f3n ideol\u00f3gica, sino una cuesti\u00f3n de puro pragmatismo. Las urgencias econ\u00f3micas barren toda ideolog\u00eda. Hablamos, en total, del 50% del censo, casi nada.<\/p>\n<p>En esta t\u00e1ctica de ganar votos fronterizos, el PNV deber\u00eda resaltar su solvencia gestora, su realismo abertzale y la vigencia de su liderazgo del pa\u00eds, enfatizando el riesgo que para Euskadi supone la aventura empobrecedora de los reci\u00e9n llegados a la democracia. Hay que dar a escoger entre el avance o el retroceso, m\u00e1s all\u00e1 de la pr\u00f3rroga del victimismo. Al mismo tiempo, el clamor jeltzale deber\u00eda escucharse tambi\u00e9n entre los votantes del PP y PSE que se identifican con el esfuerzo tenaz del PNV por arrancar en Madrid mejoras y beneficios para todos los ciudadanos, una pol\u00edtica que se valora por su coherencia.<\/p>\n<p>Pero mucho m\u00e1s importante que captar estos votos fronterizos es conseguir la m\u00e1xima asistencia de los ciudadanos a las urnas. Un alto \u00edndice de la abstenci\u00f3n, entre indignada y desesperada, ser\u00eda, sin duda alguna, una colosal advertencia dirigida a toda la clase pol\u00edtica. Comiencen por entender el significado profundo del no-voto: el voto de la desilusi\u00f3n.<\/p>\n<\/div>\n<!-- AddThis Advanced Settings generic via filter on the_content --><!-- AddThis Share Buttons generic via filter on the_content -->","protected":false},"excerpt":{"rendered":"<p>TODA campa\u00f1a electoral se convierte en un ejercicio de equilibrismo entre la acci\u00f3n de asegurar los votos fijos y la aventura de captar nuevos apoyos, lo que puede producir incoherencias. De este esfuerzo casi siempre contradictorio -pues los partidos tienen sus l\u00edmites- nace tanto la ambig\u00fcedad de los mensajes, como la radicalizaci\u00f3n calculada de las &hellip; <a href=\"https:\/\/blogs.deia.eus\/desmarcados\/2011\/11\/08\/a-por-el-voto-fronterizo\/\" class=\"more-link\">Sigue leyendo <span class=\"screen-reader-text\">A por el voto fronterizo<\/span><\/a><!-- AddThis Advanced Settings generic via filter on get_the_excerpt --><!-- AddThis Share Buttons generic via filter on get_the_excerpt --><\/p>\n","protected":false},"author":46,"featured_media":0,"comment_status":"open","ping_status":"open","sticky":false,"template":"","format":"standard","meta":{"footnotes":""},"categories":[1],"tags":[],"class_list":["post-336","post","type-post","status-publish","format-standard","hentry","category-sin-categoria"],"_links":{"self":[{"href":"https:\/\/blogs.deia.eus\/desmarcados\/wp-json\/wp\/v2\/posts\/336","targetHints":{"allow":["GET"]}}],"collection":[{"href":"https:\/\/blogs.deia.eus\/desmarcados\/wp-json\/wp\/v2\/posts"}],"about":[{"href":"https:\/\/blogs.deia.eus\/desmarcados\/wp-json\/wp\/v2\/types\/post"}],"author":[{"embeddable":true,"href":"https:\/\/blogs.deia.eus\/desmarcados\/wp-json\/wp\/v2\/users\/46"}],"replies":[{"embeddable":true,"href":"https:\/\/blogs.deia.eus\/desmarcados\/wp-json\/wp\/v2\/comments?post=336"}],"version-history":[{"count":1,"href":"https:\/\/blogs.deia.eus\/desmarcados\/wp-json\/wp\/v2\/posts\/336\/revisions"}],"predecessor-version":[{"id":338,"href":"https:\/\/blogs.deia.eus\/desmarcados\/wp-json\/wp\/v2\/posts\/336\/revisions\/338"}],"wp:attachment":[{"href":"https:\/\/blogs.deia.eus\/desmarcados\/wp-json\/wp\/v2\/media?parent=336"}],"wp:term":[{"taxonomy":"category","embeddable":true,"href":"https:\/\/blogs.deia.eus\/desmarcados\/wp-json\/wp\/v2\/categories?post=336"},{"taxonomy":"post_tag","embeddable":true,"href":"https:\/\/blogs.deia.eus\/desmarcados\/wp-json\/wp\/v2\/tags?post=336"}],"curies":[{"name":"wp","href":"https:\/\/api.w.org\/{rel}","templated":true}]}}