{"id":344,"date":"2011-11-14T07:54:09","date_gmt":"2011-11-14T06:54:09","guid":{"rendered":"http:\/\/blogs.deia.com\/desmarcados\/?p=344"},"modified":"2011-11-14T07:54:09","modified_gmt":"2011-11-14T06:54:09","slug":"videocampana-cuando-la-propaganda-quiso-ser-publicidad","status":"publish","type":"post","link":"https:\/\/blogs.deia.eus\/desmarcados\/2011\/11\/14\/videocampana-cuando-la-propaganda-quiso-ser-publicidad\/","title":{"rendered":"Videocampa\u00f1a. Cuando la propaganda quiso ser publicidad."},"content":{"rendered":"<iframe loading=\"lazy\" title=\"El rap de Toni Cant\u00f3   (UPyD)\" width=\"660\" height=\"495\" src=\"https:\/\/www.youtube.com\/embed\/d0s5SyET_Mw?feature=oembed\" frameborder=\"0\" allow=\"accelerometer; autoplay; clipboard-write; encrypted-media; gyroscope; picture-in-picture; web-share\" referrerpolicy=\"strict-origin-when-cross-origin\" allowfullscreen><\/iframe>\n<p>EL d\u00eda que la  propaganda quiso ser publicidad, los v\u00eddeos electorales se convirtieron  en anuncios comerciales, con lo que los candidatos pasaron a ser  productos de consumo, como Ariel o Colacao, y las ideolog\u00edas ocuparon el  escaparate, como El Corte Ingl\u00e9s. Y todo por complejo de inferioridad.  \u00a1Qu\u00e9 gran error! Antes de esto los partidos grababan v\u00eddeos de varios  minutos donde los l\u00edderes intentaban convencer. Eran un tost\u00f3n, es  cierto, pero no por el formato, sino por su contenido. Seducidos por  inexpertos asesores, que miraban de reojo el espect\u00e1culo electoral  americano, y creyendo que el desencanto del sistema pod\u00eda redimirse con  la ilusi\u00f3n artificial de la imagen, decidieron que los v\u00eddeos fueran de  30 segundos y tuvieran la hechura de los grandes spots de marca. Y as\u00ed  hemos llegado a la degeneraci\u00f3n de esta estrategia comunicativa, al  v\u00eddeo cutre, que no ha hecho m\u00e1s que aumentar el descr\u00e9dito pol\u00edtico.<\/p>\n<p>Hay una confusi\u00f3n de concepto. La propaganda y la publicidad  son g\u00e9neros diferentes: uno se ocupa de la difusi\u00f3n persuasiva de las  ideas y el otro se ci\u00f1e a la seducci\u00f3n de bienes y servicios de consumo.  Pueden coincidir en los mismos soportes (prensa, radio, televisi\u00f3n,  internet), pero no deben concurrir con iguales t\u00e9cnicas y parecido  lenguaje, porque son acciones de distinta naturaleza y le conviene a la  democracia no asimilarse a la simplificaci\u00f3n publicitaria. Hay un riesgo  totalitario si la comunicaci\u00f3n pol\u00edtica no se libera de la subjetividad  del anuncio y su intransferible ret\u00f3rica, a lo que contribuye tambi\u00e9n  el hecho de que los nuevos v\u00eddeos electorales se inserten junto al resto  de la publicidad en televisi\u00f3n.<\/p>\n<p>Los penosos v\u00eddeos del PP, con un Rajoy de taxista impl\u00edcito, y  los del PSOE, con un ni\u00f1o pijo que promueve la lucha de clases y con  m\u00e9dicos ausentes que dejan morir a los enfermos, y el sonrojante  videoclip rapero de UPyD, no reportar\u00e1n m\u00e1s votos en las urnas. La gente  creer\u00e1 que en el supermercado pol\u00edtico todo est\u00e1 m\u00e1s caro, por mucho  que el 20-N comiencen las rebajas. O los recortes.<\/p>\n<!-- AddThis Advanced Settings generic via filter on the_content --><!-- AddThis Share Buttons generic via filter on the_content -->","protected":false},"excerpt":{"rendered":"<p>EL d\u00eda que la propaganda quiso ser publicidad, los v\u00eddeos electorales se convirtieron en anuncios comerciales, con lo que los candidatos pasaron a ser productos de consumo, como Ariel o Colacao, y las ideolog\u00edas ocuparon el escaparate, como El Corte Ingl\u00e9s. Y todo por complejo de inferioridad. \u00a1Qu\u00e9 gran error! Antes de esto los partidos &hellip; <a href=\"https:\/\/blogs.deia.eus\/desmarcados\/2011\/11\/14\/videocampana-cuando-la-propaganda-quiso-ser-publicidad\/\" class=\"more-link\">Sigue leyendo <span class=\"screen-reader-text\">Videocampa\u00f1a. Cuando la propaganda quiso ser publicidad.<\/span><\/a><!-- AddThis Advanced Settings generic via filter on get_the_excerpt --><!-- AddThis Share Buttons generic via filter on get_the_excerpt --><\/p>\n","protected":false},"author":46,"featured_media":0,"comment_status":"open","ping_status":"open","sticky":false,"template":"","format":"standard","meta":{"footnotes":""},"categories":[1],"tags":[],"class_list":["post-344","post","type-post","status-publish","format-standard","hentry","category-sin-categoria"],"_links":{"self":[{"href":"https:\/\/blogs.deia.eus\/desmarcados\/wp-json\/wp\/v2\/posts\/344","targetHints":{"allow":["GET"]}}],"collection":[{"href":"https:\/\/blogs.deia.eus\/desmarcados\/wp-json\/wp\/v2\/posts"}],"about":[{"href":"https:\/\/blogs.deia.eus\/desmarcados\/wp-json\/wp\/v2\/types\/post"}],"author":[{"embeddable":true,"href":"https:\/\/blogs.deia.eus\/desmarcados\/wp-json\/wp\/v2\/users\/46"}],"replies":[{"embeddable":true,"href":"https:\/\/blogs.deia.eus\/desmarcados\/wp-json\/wp\/v2\/comments?post=344"}],"version-history":[{"count":1,"href":"https:\/\/blogs.deia.eus\/desmarcados\/wp-json\/wp\/v2\/posts\/344\/revisions"}],"predecessor-version":[{"id":345,"href":"https:\/\/blogs.deia.eus\/desmarcados\/wp-json\/wp\/v2\/posts\/344\/revisions\/345"}],"wp:attachment":[{"href":"https:\/\/blogs.deia.eus\/desmarcados\/wp-json\/wp\/v2\/media?parent=344"}],"wp:term":[{"taxonomy":"category","embeddable":true,"href":"https:\/\/blogs.deia.eus\/desmarcados\/wp-json\/wp\/v2\/categories?post=344"},{"taxonomy":"post_tag","embeddable":true,"href":"https:\/\/blogs.deia.eus\/desmarcados\/wp-json\/wp\/v2\/tags?post=344"}],"curies":[{"name":"wp","href":"https:\/\/api.w.org\/{rel}","templated":true}]}}